{"id":10157,"date":"2021-12-03T09:12:41","date_gmt":"2021-12-03T09:12:41","guid":{"rendered":"https:\/\/stebby.eu\/?p=10157"},"modified":"2021-12-03T09:14:27","modified_gmt":"2021-12-03T09:14:27","slug":"7-kusimust-ja-vastust-heaolust-kardo-treimann","status":"publish","type":"post","link":"https:\/\/stebby.eu\/et\/7-kusimust-ja-vastust-heaolust-kardo-treimann\/","title":{"rendered":"7 k\u00fcsimust ja vastust heaolust &#8211; Kardo Treimann"},"content":{"rendered":"\n<p><em>Tegime juttu blogija Kardo Treimanniga, kes on k\u00fclastanud Stebby abil mitmeid erilisi teenusepakkujaid, keda tavaliselt mehed ei pruugi k\u00fclastada. Milline oli tema kogemus ning kellele ta Stebby soovitab? Vastused saad l\u00fchikesest intervjuust ><\/em><\/p>\n\n\n\n<h4 class=\"wp-block-heading\"><strong>Milliste spordialade v\u00f5i aktiivsete tegevustega tegeled Sa igap\u00e4evaselt?<\/strong><\/h4>\n\n\n\n<p>Kui p\u00e4ris aus olla, siis ma teen kodus trenni. Mul on endal v\u00e4ike nurgake seatud, kus on trena\u017e\u00f6\u00f6r ja hantlid ning muud vajalikud asjad olemas. Suvisel ajal hea ilmaga meeldib mulle aga v\u00e4ga rattaga ringi liikuda.\u00a0<\/p>\n\n\n\n<h4 class=\"wp-block-heading\">Mida t\u00e4hendab Sinu jaoks heaolu ja selle eest hoolitsemine?<\/h4>\n\n\n\n<p>N\u00e4iteks p\u00e4rast trenni on mul v\u00e4ga hea olla &#8211; kui tegemist on pingelise p\u00e4evaga, siis trenn v\u00e4sitab mind m\u00f5nusalt \u00e4ra ning tekib tunne, et elul polegi miskit nii suurt viga ja m\u00f5te hakab paremini t\u00f6\u00f6le. See ongi tihti minu heaolu koht. Lisaks on minu jaoks heaolu ja positiivse energia allikaks toredad tegevused, mida saab teha koos teistega.\u00a0<\/p>\n\n\n\n<h4 class=\"wp-block-heading\">Mida heaolu eest hoolitsemine Sulle inimesena juurde on andnud?<\/h4>\n\n\n\n<p>See annab mulle kindlasti enesekindlust. Ma olen m\u00e4rganud, et kuna trenn on minu heaoluga seotud, siis p\u00e4rast treeningutega alustamisti olen ma iga korraga enesekindlam ja tunnen end kuidagi v\u00f5imsamana. See k\u00f5ik annab positiivse enesetunde, kui saad ikka rauda t\u00f5sta ja muutud seel\u00e4bi ise julgemaks.<\/p>\n\n\n\n<h4 class=\"wp-block-heading\">Milliseid Stebby v\u00f5imalusi sa praegu kasutasid?<\/h4>\n\n\n\n<p>Minu valikud olid v\u00e4ga erinevad. K\u00e4isin kardiga s\u00f5itmas, hambaid valgendamas ning proovisin isegi \u00e4ra meeste n\u00e4ohoolitsuse.<\/p>\n\n\n\n<figure class=\"wp-block-image size-large\"><img data-recalc-dims=\"1\" loading=\"lazy\" decoding=\"async\" width=\"1920\" height=\"1011\" src=\"https:\/\/i0.wp.com\/stebby.eu\/wp-content\/uploads\/2021\/12\/Screenshot-2021-10-27-at-16.56.11.png?resize=1920%2C1011&#038;ssl=1\" alt=\"\" class=\"wp-image-10159\" srcset=\"https:\/\/i0.wp.com\/stebby.eu\/wp-content\/uploads\/2021\/12\/Screenshot-2021-10-27-at-16.56.11.png?resize=1920%2C1011&amp;ssl=1 1920w, https:\/\/i0.wp.com\/stebby.eu\/wp-content\/uploads\/2021\/12\/Screenshot-2021-10-27-at-16.56.11.png?resize=768%2C404&amp;ssl=1 768w, https:\/\/i0.wp.com\/stebby.eu\/wp-content\/uploads\/2021\/12\/Screenshot-2021-10-27-at-16.56.11.png?resize=1536%2C809&amp;ssl=1 1536w, https:\/\/i0.wp.com\/stebby.eu\/wp-content\/uploads\/2021\/12\/Screenshot-2021-10-27-at-16.56.11.png?resize=2048%2C1078&amp;ssl=1 2048w, https:\/\/i0.wp.com\/stebby.eu\/wp-content\/uploads\/2021\/12\/Screenshot-2021-10-27-at-16.56.11.png?resize=512%2C270&amp;ssl=1 512w\" sizes=\"auto, (max-width: 1920px) 100vw, 1920px\" \/><\/figure>\n\n\n\n<h4 class=\"wp-block-heading\">Milliseid Stebby teenuseid sooviksid Sa tulevikus proovida?<\/h4>\n\n\n\n<p>Mulle j\u00e4i silma n\u00e4iteks<em> floating <\/em>v\u00f5imalus ehk minna h\u00f5ljuma soolvee sisse pimedasse kambris. See v\u00f5ib olla t\u00e4iesti uus ja l\u00f5\u00f5gastav kogemus. Samas oleks huvitav testida t\u00e4pset silma lasketiirus, sest m\u00e4rkasin ka neid v\u00f5imalusi Stebby \u00e4pis.\u00a0<\/p>\n\n\n\n<h4 class=\"wp-block-heading\">Mis Sulle Stebby juures k\u00f5ige rohkem meeldis?<\/h4>\n\n\n\n<p>Just see, et ma saan valida teenuseid enda l\u00e4hedalt. Tuleb vaid valida raadius enda \u00fcmber ning t\u00e4nu sellele saab hea \u00fclevaate, mida n\u00e4iteks kodukohas v\u00f5i hoopiski uues linnas pakutakse. Seej\u00e4rel on k\u00f5ik juba lihtne &#8211; kontaktandmed, teenuse kirjeldused ja k\u00f5ik muu on lihtsasti n\u00e4htav ning ei pea interneti eraldi informatsiooni otsima minema.<\/p>\n\n\n\n<h4 class=\"wp-block-heading\">Kellele Sa Stebby keskkonda proovida soovitaksid?<\/h4>\n\n\n\n<p>Eranditult k\u00f5igile, kes on huvitatud millestki uuest.<\/p>\n","protected":false},"excerpt":{"rendered":"Tegime juttu blogija Kardo Treimanniga, kes on k\u00fclastanud Stebby abil mitmeid erilisi teenusepakkujaid, keda tavaliselt mehed ei pruugi k\u00fclastada. Milline oli tema kogemus ning kellele ta Stebby soovitab? Vastused saad l\u00fchikesest intervjuust > Milliste spordialade v\u00f5i aktiivsete tegevustega tegeled Sa igap\u00e4evaselt? Kui p\u00e4ris aus olla, siis ma teen kodus trenni. Mul on endal v\u00e4ike nurgake&#8230;","protected":false},"author":8,"featured_media":10164,"comment_status":"open","ping_status":"open","sticky":false,"template":"","format":"standard","meta":{"_jetpack_memberships_contains_paid_content":false,"footnotes":""},"categories":[29,33],"tags":[],"class_list":["post-10157","post","type-post","status-publish","format-standard","has-post-thumbnail","hentry","category-elustiil","category-persoon"],"yoast_head":"<!-- This site is optimized with the Yoast SEO plugin v26.8 - https:\/\/yoast.com\/product\/yoast-seo-wordpress\/ -->\n<title>7 k\u00fcsimust ja vastust heaolust - Kardo Treimann - Stebby<\/title>\n<meta name=\"robots\" content=\"index, follow, max-snippet:-1, max-image-preview:large, max-video-preview:-1\" \/>\n<link rel=\"canonical\" href=\"https:\/\/stebby.eu\/et\/7-kusimust-ja-vastust-heaolust-kardo-treimann\/\" \/>\n<meta property=\"og:locale\" content=\"et_EE\" \/>\n<meta property=\"og:type\" content=\"article\" \/>\n<meta property=\"og:title\" content=\"7 k\u00fcsimust ja vastust heaolust - Kardo Treimann - Stebby\" \/>\n<meta property=\"og:description\" content=\"Tegime juttu blogija Kardo Treimanniga, kes on k\u00fclastanud Stebby abil mitmeid erilisi teenusepakkujaid, keda tavaliselt mehed ei pruugi k\u00fclastada. Milline oli tema kogemus ning kellele ta Stebby soovitab? Vastused saad l\u00fchikesest intervjuust &gt; Milliste spordialade v\u00f5i aktiivsete tegevustega tegeled Sa igap\u00e4evaselt? Kui p\u00e4ris aus olla, siis ma teen kodus trenni. Mul on endal v\u00e4ike nurgake...\" \/>\n<meta property=\"og:url\" content=\"https:\/\/stebby.eu\/et\/7-kusimust-ja-vastust-heaolust-kardo-treimann\/\" \/>\n<meta property=\"og:site_name\" content=\"Stebby\" \/>\n<meta property=\"article:publisher\" content=\"https:\/\/www.facebook.com\/stebby\/\" \/>\n<meta property=\"article:published_time\" content=\"2021-12-03T09:12:41+00:00\" \/>\n<meta property=\"article:modified_time\" content=\"2021-12-03T09:14:27+00:00\" \/>\n<meta property=\"og:image\" content=\"https:\/\/stebby.eu\/wp-content\/uploads\/2021\/12\/Kartuuber_stebby-12-of-16-scaled.jpg\" \/>\n\t<meta property=\"og:image:width\" content=\"2560\" \/>\n\t<meta property=\"og:image:height\" content=\"1707\" \/>\n\t<meta property=\"og:image:type\" content=\"image\/jpeg\" \/>\n<meta name=\"author\" content=\"Ott Pluum\" \/>\n<meta name=\"twitter:card\" content=\"summary_large_image\" \/>\n<meta name=\"twitter:label1\" content=\"Written by\" \/>\n\t<meta name=\"twitter:data1\" content=\"Ott Pluum\" \/>\n\t<meta name=\"twitter:label2\" content=\"Est. reading time\" \/>\n\t<meta name=\"twitter:data2\" content=\"2 minutit\" \/>\n<script type=\"application\/ld+json\" class=\"yoast-schema-graph\">{\"@context\":\"https:\/\/schema.org\",\"@graph\":[{\"@type\":\"Article\",\"@id\":\"https:\/\/stebby.eu\/et\/7-kusimust-ja-vastust-heaolust-kardo-treimann\/#article\",\"isPartOf\":{\"@id\":\"https:\/\/stebby.eu\/et\/7-kusimust-ja-vastust-heaolust-kardo-treimann\/\"},\"author\":{\"name\":\"Ott Pluum\",\"@id\":\"https:\/\/stebby.eu\/#\/schema\/person\/d075707c7ef408365f129801314590ba\"},\"headline\":\"7 k\u00fcsimust ja vastust heaolust &#8211; Kardo Treimann\",\"datePublished\":\"2021-12-03T09:12:41+00:00\",\"dateModified\":\"2021-12-03T09:14:27+00:00\",\"mainEntityOfPage\":{\"@id\":\"https:\/\/stebby.eu\/et\/7-kusimust-ja-vastust-heaolust-kardo-treimann\/\"},\"wordCount\":388,\"commentCount\":0,\"publisher\":{\"@id\":\"https:\/\/stebby.eu\/#organization\"},\"image\":{\"@id\":\"https:\/\/stebby.eu\/et\/7-kusimust-ja-vastust-heaolust-kardo-treimann\/#primaryimage\"},\"thumbnailUrl\":\"https:\/\/i0.wp.com\/stebby.eu\/wp-content\/uploads\/2021\/12\/Kartuuber_stebby-12-of-16-scaled.jpg?fit=2560%2C1707&ssl=1\",\"articleSection\":[\"Elustiil\",\"Persoon\"],\"inLanguage\":\"et\",\"potentialAction\":[{\"@type\":\"CommentAction\",\"name\":\"Comment\",\"target\":[\"https:\/\/stebby.eu\/et\/7-kusimust-ja-vastust-heaolust-kardo-treimann\/#respond\"]}]},{\"@type\":\"WebPage\",\"@id\":\"https:\/\/stebby.eu\/et\/7-kusimust-ja-vastust-heaolust-kardo-treimann\/\",\"url\":\"https:\/\/stebby.eu\/et\/7-kusimust-ja-vastust-heaolust-kardo-treimann\/\",\"name\":\"7 k\u00fcsimust ja vastust heaolust - Kardo Treimann - Stebby\",\"isPartOf\":{\"@id\":\"https:\/\/stebby.eu\/#website\"},\"primaryImageOfPage\":{\"@id\":\"https:\/\/stebby.eu\/et\/7-kusimust-ja-vastust-heaolust-kardo-treimann\/#primaryimage\"},\"image\":{\"@id\":\"https:\/\/stebby.eu\/et\/7-kusimust-ja-vastust-heaolust-kardo-treimann\/#primaryimage\"},\"thumbnailUrl\":\"https:\/\/i0.wp.com\/stebby.eu\/wp-content\/uploads\/2021\/12\/Kartuuber_stebby-12-of-16-scaled.jpg?fit=2560%2C1707&ssl=1\",\"datePublished\":\"2021-12-03T09:12:41+00:00\",\"dateModified\":\"2021-12-03T09:14:27+00:00\",\"breadcrumb\":{\"@id\":\"https:\/\/stebby.eu\/et\/7-kusimust-ja-vastust-heaolust-kardo-treimann\/#breadcrumb\"},\"inLanguage\":\"et\",\"potentialAction\":[{\"@type\":\"ReadAction\",\"target\":[\"https:\/\/stebby.eu\/et\/7-kusimust-ja-vastust-heaolust-kardo-treimann\/\"]}]},{\"@type\":\"ImageObject\",\"inLanguage\":\"et\",\"@id\":\"https:\/\/stebby.eu\/et\/7-kusimust-ja-vastust-heaolust-kardo-treimann\/#primaryimage\",\"url\":\"https:\/\/i0.wp.com\/stebby.eu\/wp-content\/uploads\/2021\/12\/Kartuuber_stebby-12-of-16-scaled.jpg?fit=2560%2C1707&ssl=1\",\"contentUrl\":\"https:\/\/i0.wp.com\/stebby.eu\/wp-content\/uploads\/2021\/12\/Kartuuber_stebby-12-of-16-scaled.jpg?fit=2560%2C1707&ssl=1\",\"width\":2560,\"height\":1707},{\"@type\":\"BreadcrumbList\",\"@id\":\"https:\/\/stebby.eu\/et\/7-kusimust-ja-vastust-heaolust-kardo-treimann\/#breadcrumb\",\"itemListElement\":[{\"@type\":\"ListItem\",\"position\":1,\"name\":\"Home\",\"item\":\"https:\/\/stebby.eu\/et\/\"},{\"@type\":\"ListItem\",\"position\":2,\"name\":\"7 k\u00fcsimust ja vastust heaolust &#8211; Kardo Treimann\"}]},{\"@type\":\"WebSite\",\"@id\":\"https:\/\/stebby.eu\/#website\",\"url\":\"https:\/\/stebby.eu\/\",\"name\":\"Stebby\",\"description\":\"\",\"publisher\":{\"@id\":\"https:\/\/stebby.eu\/#organization\"},\"potentialAction\":[{\"@type\":\"SearchAction\",\"target\":{\"@type\":\"EntryPoint\",\"urlTemplate\":\"https:\/\/stebby.eu\/?s={search_term_string}\"},\"query-input\":{\"@type\":\"PropertyValueSpecification\",\"valueRequired\":true,\"valueName\":\"search_term_string\"}}],\"inLanguage\":\"et\"},{\"@type\":\"Organization\",\"@id\":\"https:\/\/stebby.eu\/#organization\",\"name\":\"Stebby\",\"url\":\"https:\/\/stebby.eu\/\",\"logo\":{\"@type\":\"ImageObject\",\"inLanguage\":\"et\",\"@id\":\"https:\/\/stebby.eu\/#\/schema\/logo\/image\/\",\"url\":\"https:\/\/stebby.eu\/wp-content\/uploads\/2020\/10\/stebby3-1.png\",\"contentUrl\":\"https:\/\/stebby.eu\/wp-content\/uploads\/2020\/10\/stebby3-1.png\",\"width\":256,\"height\":256,\"caption\":\"Stebby\"},\"image\":{\"@id\":\"https:\/\/stebby.eu\/#\/schema\/logo\/image\/\"},\"sameAs\":[\"https:\/\/www.facebook.com\/stebby\/\",\"https:\/\/instagram.com\/stebby.eesti\",\"https:\/\/www.linkedin.com\/company\/stebby\/\"]},{\"@type\":\"Person\",\"@id\":\"https:\/\/stebby.eu\/#\/schema\/person\/d075707c7ef408365f129801314590ba\",\"name\":\"Ott Pluum\",\"image\":{\"@type\":\"ImageObject\",\"inLanguage\":\"et\",\"@id\":\"https:\/\/stebby.eu\/#\/schema\/person\/image\/\",\"url\":\"https:\/\/secure.gravatar.com\/avatar\/46468cbf7d3c28776ed7bfc82bc18488?s=96&d=mm&r=g\",\"contentUrl\":\"https:\/\/secure.gravatar.com\/avatar\/46468cbf7d3c28776ed7bfc82bc18488?s=96&d=mm&r=g\",\"caption\":\"Ott Pluum\"},\"url\":\"https:\/\/stebby.eu\/et\/author\/ottpluum\/\"}]}<\/script>\n<!-- \/ Yoast SEO plugin. -->","yoast_head_json":{"title":"7 k\u00fcsimust ja vastust heaolust - Kardo Treimann - Stebby","robots":{"index":"index","follow":"follow","max-snippet":"max-snippet:-1","max-image-preview":"max-image-preview:large","max-video-preview":"max-video-preview:-1"},"canonical":"https:\/\/stebby.eu\/et\/7-kusimust-ja-vastust-heaolust-kardo-treimann\/","og_locale":"et_EE","og_type":"article","og_title":"7 k\u00fcsimust ja vastust heaolust - Kardo Treimann - Stebby","og_description":"Tegime juttu blogija Kardo Treimanniga, kes on k\u00fclastanud Stebby abil mitmeid erilisi teenusepakkujaid, keda tavaliselt mehed ei pruugi k\u00fclastada. Milline oli tema kogemus ning kellele ta Stebby soovitab? Vastused saad l\u00fchikesest intervjuust > Milliste spordialade v\u00f5i aktiivsete tegevustega tegeled Sa igap\u00e4evaselt? Kui p\u00e4ris aus olla, siis ma teen kodus trenni. Mul on endal v\u00e4ike nurgake...","og_url":"https:\/\/stebby.eu\/et\/7-kusimust-ja-vastust-heaolust-kardo-treimann\/","og_site_name":"Stebby","article_publisher":"https:\/\/www.facebook.com\/stebby\/","article_published_time":"2021-12-03T09:12:41+00:00","article_modified_time":"2021-12-03T09:14:27+00:00","og_image":[{"width":2560,"height":1707,"url":"https:\/\/stebby.eu\/wp-content\/uploads\/2021\/12\/Kartuuber_stebby-12-of-16-scaled.jpg","type":"image\/jpeg"}],"author":"Ott Pluum","twitter_card":"summary_large_image","twitter_misc":{"Written by":"Ott Pluum","Est. reading time":"2 minutit"},"schema":{"@context":"https:\/\/schema.org","@graph":[{"@type":"Article","@id":"https:\/\/stebby.eu\/et\/7-kusimust-ja-vastust-heaolust-kardo-treimann\/#article","isPartOf":{"@id":"https:\/\/stebby.eu\/et\/7-kusimust-ja-vastust-heaolust-kardo-treimann\/"},"author":{"name":"Ott Pluum","@id":"https:\/\/stebby.eu\/#\/schema\/person\/d075707c7ef408365f129801314590ba"},"headline":"7 k\u00fcsimust ja vastust heaolust &#8211; Kardo Treimann","datePublished":"2021-12-03T09:12:41+00:00","dateModified":"2021-12-03T09:14:27+00:00","mainEntityOfPage":{"@id":"https:\/\/stebby.eu\/et\/7-kusimust-ja-vastust-heaolust-kardo-treimann\/"},"wordCount":388,"commentCount":0,"publisher":{"@id":"https:\/\/stebby.eu\/#organization"},"image":{"@id":"https:\/\/stebby.eu\/et\/7-kusimust-ja-vastust-heaolust-kardo-treimann\/#primaryimage"},"thumbnailUrl":"https:\/\/i0.wp.com\/stebby.eu\/wp-content\/uploads\/2021\/12\/Kartuuber_stebby-12-of-16-scaled.jpg?fit=2560%2C1707&ssl=1","articleSection":["Elustiil","Persoon"],"inLanguage":"et","potentialAction":[{"@type":"CommentAction","name":"Comment","target":["https:\/\/stebby.eu\/et\/7-kusimust-ja-vastust-heaolust-kardo-treimann\/#respond"]}]},{"@type":"WebPage","@id":"https:\/\/stebby.eu\/et\/7-kusimust-ja-vastust-heaolust-kardo-treimann\/","url":"https:\/\/stebby.eu\/et\/7-kusimust-ja-vastust-heaolust-kardo-treimann\/","name":"7 k\u00fcsimust ja vastust heaolust - Kardo Treimann - Stebby","isPartOf":{"@id":"https:\/\/stebby.eu\/#website"},"primaryImageOfPage":{"@id":"https:\/\/stebby.eu\/et\/7-kusimust-ja-vastust-heaolust-kardo-treimann\/#primaryimage"},"image":{"@id":"https:\/\/stebby.eu\/et\/7-kusimust-ja-vastust-heaolust-kardo-treimann\/#primaryimage"},"thumbnailUrl":"https:\/\/i0.wp.com\/stebby.eu\/wp-content\/uploads\/2021\/12\/Kartuuber_stebby-12-of-16-scaled.jpg?fit=2560%2C1707&ssl=1","datePublished":"2021-12-03T09:12:41+00:00","dateModified":"2021-12-03T09:14:27+00:00","breadcrumb":{"@id":"https:\/\/stebby.eu\/et\/7-kusimust-ja-vastust-heaolust-kardo-treimann\/#breadcrumb"},"inLanguage":"et","potentialAction":[{"@type":"ReadAction","target":["https:\/\/stebby.eu\/et\/7-kusimust-ja-vastust-heaolust-kardo-treimann\/"]}]},{"@type":"ImageObject","inLanguage":"et","@id":"https:\/\/stebby.eu\/et\/7-kusimust-ja-vastust-heaolust-kardo-treimann\/#primaryimage","url":"https:\/\/i0.wp.com\/stebby.eu\/wp-content\/uploads\/2021\/12\/Kartuuber_stebby-12-of-16-scaled.jpg?fit=2560%2C1707&ssl=1","contentUrl":"https:\/\/i0.wp.com\/stebby.eu\/wp-content\/uploads\/2021\/12\/Kartuuber_stebby-12-of-16-scaled.jpg?fit=2560%2C1707&ssl=1","width":2560,"height":1707},{"@type":"BreadcrumbList","@id":"https:\/\/stebby.eu\/et\/7-kusimust-ja-vastust-heaolust-kardo-treimann\/#breadcrumb","itemListElement":[{"@type":"ListItem","position":1,"name":"Home","item":"https:\/\/stebby.eu\/et\/"},{"@type":"ListItem","position":2,"name":"7 k\u00fcsimust ja vastust heaolust &#8211; Kardo Treimann"}]},{"@type":"WebSite","@id":"https:\/\/stebby.eu\/#website","url":"https:\/\/stebby.eu\/","name":"Stebby","description":"","publisher":{"@id":"https:\/\/stebby.eu\/#organization"},"potentialAction":[{"@type":"SearchAction","target":{"@type":"EntryPoint","urlTemplate":"https:\/\/stebby.eu\/?s={search_term_string}"},"query-input":{"@type":"PropertyValueSpecification","valueRequired":true,"valueName":"search_term_string"}}],"inLanguage":"et"},{"@type":"Organization","@id":"https:\/\/stebby.eu\/#organization","name":"Stebby","url":"https:\/\/stebby.eu\/","logo":{"@type":"ImageObject","inLanguage":"et","@id":"https:\/\/stebby.eu\/#\/schema\/logo\/image\/","url":"https:\/\/stebby.eu\/wp-content\/uploads\/2020\/10\/stebby3-1.png","contentUrl":"https:\/\/stebby.eu\/wp-content\/uploads\/2020\/10\/stebby3-1.png","width":256,"height":256,"caption":"Stebby"},"image":{"@id":"https:\/\/stebby.eu\/#\/schema\/logo\/image\/"},"sameAs":["https:\/\/www.facebook.com\/stebby\/","https:\/\/instagram.com\/stebby.eesti","https:\/\/www.linkedin.com\/company\/stebby\/"]},{"@type":"Person","@id":"https:\/\/stebby.eu\/#\/schema\/person\/d075707c7ef408365f129801314590ba","name":"Ott Pluum","image":{"@type":"ImageObject","inLanguage":"et","@id":"https:\/\/stebby.eu\/#\/schema\/person\/image\/","url":"https:\/\/secure.gravatar.com\/avatar\/46468cbf7d3c28776ed7bfc82bc18488?s=96&d=mm&r=g","contentUrl":"https:\/\/secure.gravatar.com\/avatar\/46468cbf7d3c28776ed7bfc82bc18488?s=96&d=mm&r=g","caption":"Ott Pluum"},"url":"https:\/\/stebby.eu\/et\/author\/ottpluum\/"}]}},"jetpack_featured_media_url":"https:\/\/i0.wp.com\/stebby.eu\/wp-content\/uploads\/2021\/12\/Kartuuber_stebby-12-of-16-scaled.jpg?fit=2560%2C1707&ssl=1","jetpack_sharing_enabled":true,"_links":{"self":[{"href":"https:\/\/stebby.eu\/et\/wp-json\/wp\/v2\/posts\/10157","targetHints":{"allow":["GET"]}}],"collection":[{"href":"https:\/\/stebby.eu\/et\/wp-json\/wp\/v2\/posts"}],"about":[{"href":"https:\/\/stebby.eu\/et\/wp-json\/wp\/v2\/types\/post"}],"author":[{"embeddable":true,"href":"https:\/\/stebby.eu\/et\/wp-json\/wp\/v2\/users\/8"}],"replies":[{"embeddable":true,"href":"https:\/\/stebby.eu\/et\/wp-json\/wp\/v2\/comments?post=10157"}],"version-history":[{"count":3,"href":"https:\/\/stebby.eu\/et\/wp-json\/wp\/v2\/posts\/10157\/revisions"}],"predecessor-version":[{"id":10170,"href":"https:\/\/stebby.eu\/et\/wp-json\/wp\/v2\/posts\/10157\/revisions\/10170"}],"wp:featuredmedia":[{"embeddable":true,"href":"https:\/\/stebby.eu\/et\/wp-json\/wp\/v2\/media\/10164"}],"wp:attachment":[{"href":"https:\/\/stebby.eu\/et\/wp-json\/wp\/v2\/media?parent=10157"}],"wp:term":[{"taxonomy":"category","embeddable":true,"href":"https:\/\/stebby.eu\/et\/wp-json\/wp\/v2\/categories?post=10157"},{"taxonomy":"post_tag","embeddable":true,"href":"https:\/\/stebby.eu\/et\/wp-json\/wp\/v2\/tags?post=10157"}],"curies":[{"name":"wp","href":"https:\/\/api.w.org\/{rel}","templated":true}]}}