{"id":11278,"date":"2022-05-11T06:35:49","date_gmt":"2022-05-11T06:35:49","guid":{"rendered":"https:\/\/stebby.eu\/?p=11278"},"modified":"2022-05-11T06:37:23","modified_gmt":"2022-05-11T06:37:23","slug":"disci-jooksu-kolmanda-aasta-etendus-toi-sporditahed-taas-starti","status":"publish","type":"post","link":"https:\/\/stebby.eu\/et\/disci-jooksu-kolmanda-aasta-etendus-toi-sporditahed-taas-starti\/","title":{"rendered":"Disci-jooksu kolmanda aasta etendus t\u00f5i spordit\u00e4hed taas starti"},"content":{"rendered":"\n<p><em>M\u00f6\u00f6dunud n\u00e4dalavahetusel toimus Stebby kaasabil juba kolmandat aastat j\u00e4rjest veel mujal maailmas tundmatu spordiala Eesti meistriv\u00f5istlused. J\u00e4rgnevas blogipostituses vaatame v\u00f5istluse tulemustele otsa l\u00e4bi Stebby asutaja Marti Soosaare silmade. <\/em><\/p>\n\n\n\n<p>2022. aasta disci-jooksu 5 km eraldistardist v\u00f5istlusel s\u00e4ttisid oma varbad joonele koguni kuus varasemalt ol\u00fcmpiam\u00e4ngudel osalenud sportlast. Ilma liialdamata v\u00f5ib \u00f6elda, et iga ala Eesti meistriv\u00f5istlused sellise statistikaga hiilata ei saa.<\/p>\n\n\n\n<p class=\"has-text-align-center\">Karl-Robert Saluri (k\u00fcmnev\u00f5istlus, osales 2016 Rio ol\u00fcmpial)<br>Jaak-Heinrich Jagor (400 m t\u00f5kkejooks, Rio 2016)<br>Grete Gaim (laskesuusatamine, 2014 Sot\u0161i)<br>Kalev Ermits (laskesuusatamine, 2014 Sot\u0161i, 2018 Pyoengchang, 2022 Peking)<br>Johanna Talih\u00e4rm (laskesuusatamine, 2014 Sot\u0161i, 2018 Pyoengchang, 2022 Peking)<br>Martin Himma (murdmaasuusatamine, 2022 Peking)<\/p>\n\n\n\n<p>Lisaks oli stardijoonel rogaini maailmameister ja eelmise aasta meeste arvestuse tiitlikaitsja Rain Seep\u00f5ld ning T\u00dc Bigbanki peatreener ja Eesti v\u00f5rkpallikoondise treener Alar Rikberg, kes sel hooajal v\u00f5itis oma koduv\u00f5istkonnaga k\u00f5ik tiitlid, mis v\u00f5tta oli. Seega v\u00f5ib v\u00e4ita, et Eesti meistritiitleid oli startijatel pundi peale ilmselt kokku rohkem kui 100.<\/p>\n\n\n\n<h4 class=\"wp-block-heading\">Millega on tegu? <\/h4>\n\n\n\n<p>Kuna tegu on nii v\u00e4heharrastatava alaga, siis kindlasti tasub lugejale mainida, et mis asi see disci-jooks \u00fcldse on. Tegemist on jooksuv\u00f5istlusega, kus tuleb vahepeal sooritada <em>discgolf<\/em>i kettaga viis viset ning laskesuusatamise eeskujul m\u00f6\u00f6daviske korral l\u00e4bida trahviringid, mille pikkuseks on 75 meetrit.<\/p>\n\n\n\n<h4 class=\"wp-block-heading\">Tase t\u00f5useb iga aastaga<\/h4>\n\n\n\n<p>Nagu kolmandale aastale kohane, siis v\u00f5istluse tase oli j\u00e4rjekordselt eelmise aastaga v\u00f5rreldes k\u00f5vasti paranenud. Kuigi naiste arvestuse t\u00e4navune v\u00f5itja Grete Gaim j\u00e4i paarik\u00fcmne sekundiga alla eelmise aasta v\u00f5itja Kelly Nevolihhini ajale, siis m\u00f5lemal aasta teise koha saavutanud Johanna Talih\u00e4rm parandas oma aega koguni kahe minutiga. Kolmanda koha v\u00f5itis suusaorienteeruja Doris Kudre. Tema aeg 33:07 oli eelmine aasta pronksi andnud tulemusest ka pea paar minutit kiirem.<\/p>\n\n\n\n<div class=\"wp-block-jetpack-tiled-gallery aligncenter is-style-rectangular\"><div class=\"tiled-gallery__gallery\"><div class=\"tiled-gallery__row\"><div class=\"tiled-gallery__col\" style=\"flex-basis:34.08040316885891%\"><figure class=\"tiled-gallery__item\"><img decoding=\"async\" srcset=\"https:\/\/i0.wp.com\/stebby.eu\/wp-content\/uploads\/2022\/05\/DSC_5281-scaled.jpg?strip=info&#038;w=600&#038;ssl=1 600w,https:\/\/i0.wp.com\/stebby.eu\/wp-content\/uploads\/2022\/05\/DSC_5281-scaled.jpg?strip=info&#038;w=900&#038;ssl=1 900w,https:\/\/i0.wp.com\/stebby.eu\/wp-content\/uploads\/2022\/05\/DSC_5281-scaled.jpg?strip=info&#038;w=1200&#038;ssl=1 1200w,https:\/\/i0.wp.com\/stebby.eu\/wp-content\/uploads\/2022\/05\/DSC_5281-scaled.jpg?strip=info&#038;w=1500&#038;ssl=1 1500w,https:\/\/i0.wp.com\/stebby.eu\/wp-content\/uploads\/2022\/05\/DSC_5281-scaled.jpg?strip=info&#038;w=1589&#038;ssl=1 1589w\" alt=\"\" data-height=\"2560\" data-id=\"11285\" data-link=\"https:\/\/stebby.eu\/et\/?attachment_id=11285\" data-url=\"https:\/\/stebby.eu\/wp-content\/uploads\/2022\/05\/DSC_5281-scaled.jpg\" data-width=\"1589\" src=\"https:\/\/i0.wp.com\/stebby.eu\/wp-content\/uploads\/2022\/05\/DSC_5281-scaled.jpg?ssl=1\" layout=\"responsive\"\/><\/figure><\/div><div class=\"tiled-gallery__col\" style=\"flex-basis:65.9195968311411%\"><figure class=\"tiled-gallery__item\"><img decoding=\"async\" srcset=\"https:\/\/i2.wp.com\/stebby.eu\/wp-content\/uploads\/2022\/05\/DSC_5014.jpg?strip=info&#038;w=600&#038;ssl=1 600w,https:\/\/i2.wp.com\/stebby.eu\/wp-content\/uploads\/2022\/05\/DSC_5014.jpg?strip=info&#038;w=900&#038;ssl=1 900w,https:\/\/i2.wp.com\/stebby.eu\/wp-content\/uploads\/2022\/05\/DSC_5014.jpg?strip=info&#038;w=1200&#038;ssl=1 1200w,https:\/\/i2.wp.com\/stebby.eu\/wp-content\/uploads\/2022\/05\/DSC_5014.jpg?strip=info&#038;w=1500&#038;ssl=1 1500w,https:\/\/i2.wp.com\/stebby.eu\/wp-content\/uploads\/2022\/05\/DSC_5014.jpg?strip=info&#038;w=1800&#038;ssl=1 1800w,https:\/\/i2.wp.com\/stebby.eu\/wp-content\/uploads\/2022\/05\/DSC_5014.jpg?strip=info&#038;w=2000&#038;ssl=1 2000w\" alt=\"\" data-height=\"1946\" data-id=\"11280\" data-link=\"https:\/\/stebby.eu\/et\/?attachment_id=11280\" data-url=\"https:\/\/stebby.eu\/wp-content\/uploads\/2022\/05\/DSC_5014.jpg\" data-width=\"2340\" src=\"https:\/\/i2.wp.com\/stebby.eu\/wp-content\/uploads\/2022\/05\/DSC_5014.jpg?ssl=1\" layout=\"responsive\"\/><\/figure><\/div><\/div><\/div><\/div>\n\n\n\n<h4 class=\"wp-block-heading\">Uus tiitliv\u00f5itja<\/h4>\n\n\n\n<p>Kes m\u00e4letab veel eelmist aastat, siis meeste arvestuses l\u00e4ks tol korral esikoha jagamine lausa nugadele v\u00e4lja. Suusataja Martin Himma tuli kindla sooviga eelmise aasta teine koht v\u00f5iduks p\u00f6\u00f6rata ja suutis seda teha \u00fclimalt veenvalt. V\u00f5istlusrajal tegi ta mullusega v\u00f5rreldes koguni 8 m\u00f6\u00f6daviset v\u00e4hem ja parandas oma aega pea 3 minutiga. Distantsi l\u00e4bimise ajaks tuli l\u00f5puks 21:09. Iga\u00fcks, kes on 5 km jooksnud, v\u00f5ib teha peas arvutused, kui kiire see jooks l\u00f5puks oli. Arvestama peaks, et rajal tuli viis korda seisma j\u00e4\u00e4da, sooritada kokku 25 putti kettaga ning eba\u00f5nnestnud visete t\u00f5ttu ka kokku 300 m trahve lisaks joosta. Viimase tiiru sooritas Himma aga t\u00e4iesti puhtalt ning olles oma v\u00f5idus veendunud, jalutas ta viimased 15 meetrit k\u00e4ed p\u00fcsti fini\u0161isse. Edu oli teisena l\u00f5petanud orienteeruja Kevin Hallopi ees pea poolteist minutit ning kolmandaks tulnud k\u00fcmnev\u00f5istleja Karl-Robert Saluri ees 2 minutit. Saluri oli sel korral k\u00f5ige t\u00e4psema k\u00e4ega v\u00f5istleja, kes kogus distantsilt puttides k\u00f5ige v\u00e4hem trahviringe. Kokku eksis Saluri visketiirus kolmel viskel ning pidi trahvidena k\u00f5igest 225 lisameetrit l\u00e4bima.<\/p>\n\n\n\n<p>Eelmise aasta v\u00f5itja Rain Seep\u00f5ld, kurtis, et eelmisel p\u00e4eval oli olnud palavik ja jooksuvorm olla keskp\u00e4rane. V\u00f5iks \u00f6elda, et t\u00fc\u00fcpiline vabandav jutt, kuid faktid kinnitasid, et oma eelmise aasta tulemusele kaotas ta enam kui minutiga ning sel aastal andis see tiitlikaitsjale k\u00f5igest kuuenda koha.<\/p>\n\n\n\n<div class=\"wp-block-jetpack-tiled-gallery aligncenter is-style-rectangular\"><div class=\"tiled-gallery__gallery\"><div class=\"tiled-gallery__row\"><div class=\"tiled-gallery__col\" style=\"flex-basis:47.26067062259606%\"><figure class=\"tiled-gallery__item\"><img decoding=\"async\" srcset=\"https:\/\/i0.wp.com\/stebby.eu\/wp-content\/uploads\/2022\/05\/DSC_5522-scaled.jpg?strip=info&#038;w=600&#038;ssl=1 600w,https:\/\/i0.wp.com\/stebby.eu\/wp-content\/uploads\/2022\/05\/DSC_5522-scaled.jpg?strip=info&#038;w=900&#038;ssl=1 900w,https:\/\/i0.wp.com\/stebby.eu\/wp-content\/uploads\/2022\/05\/DSC_5522-scaled.jpg?strip=info&#038;w=1200&#038;ssl=1 1200w,https:\/\/i0.wp.com\/stebby.eu\/wp-content\/uploads\/2022\/05\/DSC_5522-scaled.jpg?strip=info&#038;w=1500&#038;ssl=1 1500w,https:\/\/i0.wp.com\/stebby.eu\/wp-content\/uploads\/2022\/05\/DSC_5522-scaled.jpg?strip=info&#038;w=1709&#038;ssl=1 1709w\" alt=\"\" data-height=\"2560\" data-id=\"11302\" data-link=\"https:\/\/stebby.eu\/et\/?attachment_id=11302\" data-url=\"https:\/\/stebby.eu\/wp-content\/uploads\/2022\/05\/DSC_5522-scaled.jpg\" data-width=\"1709\" src=\"https:\/\/i0.wp.com\/stebby.eu\/wp-content\/uploads\/2022\/05\/DSC_5522-scaled.jpg?ssl=1\" layout=\"responsive\"\/><\/figure><\/div><div class=\"tiled-gallery__col\" style=\"flex-basis:52.73932937740394%\"><figure class=\"tiled-gallery__item\"><img decoding=\"async\" srcset=\"https:\/\/i1.wp.com\/stebby.eu\/wp-content\/uploads\/2022\/05\/DSC_5040.jpg?strip=info&#038;w=600&#038;ssl=1 600w,https:\/\/i1.wp.com\/stebby.eu\/wp-content\/uploads\/2022\/05\/DSC_5040.jpg?strip=info&#038;w=900&#038;ssl=1 900w,https:\/\/i1.wp.com\/stebby.eu\/wp-content\/uploads\/2022\/05\/DSC_5040.jpg?strip=info&#038;w=1200&#038;ssl=1 1200w,https:\/\/i1.wp.com\/stebby.eu\/wp-content\/uploads\/2022\/05\/DSC_5040.jpg?strip=info&#038;w=1500&#038;ssl=1 1500w,https:\/\/i1.wp.com\/stebby.eu\/wp-content\/uploads\/2022\/05\/DSC_5040.jpg?strip=info&#038;w=1713&#038;ssl=1 1713w\" alt=\"\" data-height=\"2299\" data-id=\"11307\" data-link=\"https:\/\/stebby.eu\/et\/?attachment_id=11307\" data-url=\"https:\/\/stebby.eu\/wp-content\/uploads\/2022\/05\/DSC_5040.jpg\" data-width=\"1713\" src=\"https:\/\/i1.wp.com\/stebby.eu\/wp-content\/uploads\/2022\/05\/DSC_5040.jpg?ssl=1\" layout=\"responsive\"\/><\/figure><\/div><\/div><\/div><\/div>\n\n\n\n<p>Esmakordselt korraldasime ka disci-jooksul tiimide v\u00f5istluse ehk selgusid ka v\u00f5istkondlikud Eesti meistrid. V\u00f5istluse erip\u00e4raks oli see, et korraldajad loosisid tiimid, jagades v\u00f5istlejad eelnevalt n\u00f6. tugevusgruppidesse. Viieliikmelise v\u00f5istkonna nelja liikme aegade summa p\u00f5hjal v\u00f5itis v\u00f5istkondliku Eesti meistritiitli v\u00f5istkond Sinine, kes osales koosseisus Alar Rikberg, Mart Vsivtsev, Maria Sarv, Jaak-Heinrich Jagor ja Martin Himma.<\/p>\n\n\n\n<p>Disci-jooksu v\u00f5istluse eesm\u00e4rgiks ei ole aga j\u00f5uda ol\u00fcmpiaprogrammi v\u00f5i t\u00f5usta \u00fcha k\u00f5rgemale sportlikule tasemele. Pigem on selleks eesm\u00e4rgiks pakkuda meelelahutuslikku ja sportlikku p\u00e4eva osalejatele ning l\u00e4bi toimunud Facebooki ja Delfi \u00fclekande ka kaasaelajatele populariseerida nii jooksu- kui <em>discgolfi<\/em> harrastust. Korraldajad on t\u00e4nulikud k\u00f5igile osalejatele ja kaasaelajatele, vabatahtlikule korraldustiimile ning nimeliselt ka meie tublidele auhinnasponsoritele, kelleks oli S<strong>tebby, Sportland, Borealis ja 365JP.<\/strong><\/p>\n\n\n\n<p>Igal aastal k\u00f5lavad \u00fcrituse j\u00e4relkajas m\u00f5tted, et tuleks korraldada mingi selline \u00fcritus ka avatud \u00fcritusena, mis ei ole vaid kutsetega sportlastele, vaid kuhu iga\u00fcks saaks soovi korral kirja panna. J\u00e4rjest tugevnevad h\u00e4\u00e4led t\u00e4hendavad, et kui selline asi peaks juhtuma, siis tulevad \u00fcrituse piletid ka kindlasti Stebbysse. Hoia silm peal ja igaks juhuks ka jooksujalg ja viskek\u00e4si terav. <\/p>\n\n\n\n<figure class=\"wp-block-image size-large\"><img data-recalc-dims=\"1\" loading=\"lazy\" decoding=\"async\" width=\"1920\" height=\"979\" src=\"https:\/\/i0.wp.com\/stebby.eu\/wp-content\/uploads\/2022\/05\/DSC_6042.jpg?resize=1920%2C979&#038;ssl=1\" alt=\"\" class=\"wp-image-11290\" srcset=\"https:\/\/i0.wp.com\/stebby.eu\/wp-content\/uploads\/2022\/05\/DSC_6042-scaled.jpg?resize=1920%2C979&amp;ssl=1 1920w, https:\/\/i0.wp.com\/stebby.eu\/wp-content\/uploads\/2022\/05\/DSC_6042-scaled.jpg?resize=768%2C391&amp;ssl=1 768w, https:\/\/i0.wp.com\/stebby.eu\/wp-content\/uploads\/2022\/05\/DSC_6042-scaled.jpg?resize=1536%2C783&amp;ssl=1 1536w, https:\/\/i0.wp.com\/stebby.eu\/wp-content\/uploads\/2022\/05\/DSC_6042-scaled.jpg?resize=2048%2C1044&amp;ssl=1 2048w, https:\/\/i0.wp.com\/stebby.eu\/wp-content\/uploads\/2022\/05\/DSC_6042-scaled.jpg?resize=512%2C261&amp;ssl=1 512w\" sizes=\"auto, (max-width: 1920px) 100vw, 1920px\" \/><\/figure>\n","protected":false},"excerpt":{"rendered":"M\u00f6\u00f6dunud n\u00e4dalavahetusel toimus Stebby kaasabil juba kolmandat aastat j\u00e4rjest veel mujal maailmas tundmatu spordiala Eesti meistriv\u00f5istlused. J\u00e4rgnevas blogipostituses vaatame v\u00f5istluse tulemustele otsa l\u00e4bi Stebby asutaja Marti Soosaare silmade. 2022. aasta disci-jooksu 5 km eraldistardist v\u00f5istlusel s\u00e4ttisid oma varbad joonele koguni kuus varasemalt ol\u00fcmpiam\u00e4ngudel osalenud sportlast. Ilma liialdamata v\u00f5ib \u00f6elda, et iga ala Eesti meistriv\u00f5istlused sellise&#8230;","protected":false},"author":8,"featured_media":11290,"comment_status":"open","ping_status":"open","sticky":false,"template":"","format":"standard","meta":{"_jetpack_memberships_contains_paid_content":false,"footnotes":""},"categories":[29,24,28],"tags":[],"class_list":["post-11278","post","type-post","status-publish","format-standard","has-post-thumbnail","hentry","category-elustiil","category-liikumine","category-spordiyritus"],"yoast_head":"<!-- This site is optimized with the Yoast SEO plugin v26.8 - https:\/\/yoast.com\/product\/yoast-seo-wordpress\/ -->\n<title>Disci-jooksu kolmanda aasta etendus t\u00f5i spordit\u00e4hed taas starti - Stebby<\/title>\n<meta name=\"robots\" content=\"index, follow, max-snippet:-1, max-image-preview:large, max-video-preview:-1\" \/>\n<link rel=\"canonical\" href=\"https:\/\/stebby.eu\/et\/disci-jooksu-kolmanda-aasta-etendus-toi-sporditahed-taas-starti\/\" \/>\n<meta property=\"og:locale\" content=\"et_EE\" \/>\n<meta property=\"og:type\" content=\"article\" \/>\n<meta property=\"og:title\" content=\"Disci-jooksu kolmanda aasta etendus t\u00f5i spordit\u00e4hed taas starti - Stebby\" \/>\n<meta property=\"og:description\" content=\"M\u00f6\u00f6dunud n\u00e4dalavahetusel toimus Stebby kaasabil juba kolmandat aastat j\u00e4rjest veel mujal maailmas tundmatu spordiala Eesti meistriv\u00f5istlused. J\u00e4rgnevas blogipostituses vaatame v\u00f5istluse tulemustele otsa l\u00e4bi Stebby asutaja Marti Soosaare silmade. 2022. aasta disci-jooksu 5 km eraldistardist v\u00f5istlusel s\u00e4ttisid oma varbad joonele koguni kuus varasemalt ol\u00fcmpiam\u00e4ngudel osalenud sportlast. Ilma liialdamata v\u00f5ib \u00f6elda, et iga ala Eesti meistriv\u00f5istlused sellise...\" \/>\n<meta property=\"og:url\" content=\"https:\/\/stebby.eu\/et\/disci-jooksu-kolmanda-aasta-etendus-toi-sporditahed-taas-starti\/\" \/>\n<meta property=\"og:site_name\" content=\"Stebby\" \/>\n<meta property=\"article:publisher\" content=\"https:\/\/www.facebook.com\/stebby\/\" \/>\n<meta property=\"article:published_time\" content=\"2022-05-11T06:35:49+00:00\" \/>\n<meta property=\"article:modified_time\" content=\"2022-05-11T06:37:23+00:00\" \/>\n<meta property=\"og:image\" content=\"https:\/\/stebby.eu\/wp-content\/uploads\/2022\/05\/DSC_6042-scaled.jpg\" \/>\n\t<meta property=\"og:image:width\" content=\"2560\" \/>\n\t<meta property=\"og:image:height\" content=\"1305\" \/>\n\t<meta property=\"og:image:type\" content=\"image\/jpeg\" \/>\n<meta name=\"author\" content=\"Ott Pluum\" \/>\n<meta name=\"twitter:card\" content=\"summary_large_image\" \/>\n<meta name=\"twitter:label1\" content=\"Written by\" \/>\n\t<meta name=\"twitter:data1\" content=\"Ott Pluum\" \/>\n\t<meta name=\"twitter:label2\" content=\"Est. reading time\" \/>\n\t<meta name=\"twitter:data2\" content=\"4 minutit\" \/>\n<script type=\"application\/ld+json\" class=\"yoast-schema-graph\">{\"@context\":\"https:\/\/schema.org\",\"@graph\":[{\"@type\":\"Article\",\"@id\":\"https:\/\/stebby.eu\/et\/disci-jooksu-kolmanda-aasta-etendus-toi-sporditahed-taas-starti\/#article\",\"isPartOf\":{\"@id\":\"https:\/\/stebby.eu\/et\/disci-jooksu-kolmanda-aasta-etendus-toi-sporditahed-taas-starti\/\"},\"author\":{\"name\":\"Ott Pluum\",\"@id\":\"https:\/\/stebby.eu\/#\/schema\/person\/d075707c7ef408365f129801314590ba\"},\"headline\":\"Disci-jooksu kolmanda aasta etendus t\u00f5i spordit\u00e4hed taas starti\",\"datePublished\":\"2022-05-11T06:35:49+00:00\",\"dateModified\":\"2022-05-11T06:37:23+00:00\",\"mainEntityOfPage\":{\"@id\":\"https:\/\/stebby.eu\/et\/disci-jooksu-kolmanda-aasta-etendus-toi-sporditahed-taas-starti\/\"},\"wordCount\":746,\"commentCount\":0,\"publisher\":{\"@id\":\"https:\/\/stebby.eu\/#organization\"},\"image\":{\"@id\":\"https:\/\/stebby.eu\/et\/disci-jooksu-kolmanda-aasta-etendus-toi-sporditahed-taas-starti\/#primaryimage\"},\"thumbnailUrl\":\"https:\/\/i0.wp.com\/stebby.eu\/wp-content\/uploads\/2022\/05\/DSC_6042-scaled.jpg?fit=2560%2C1305&ssl=1\",\"articleSection\":[\"Elustiil\",\"Liikumine\",\"Spordi\u00fcritus\"],\"inLanguage\":\"et\",\"potentialAction\":[{\"@type\":\"CommentAction\",\"name\":\"Comment\",\"target\":[\"https:\/\/stebby.eu\/et\/disci-jooksu-kolmanda-aasta-etendus-toi-sporditahed-taas-starti\/#respond\"]}]},{\"@type\":\"WebPage\",\"@id\":\"https:\/\/stebby.eu\/et\/disci-jooksu-kolmanda-aasta-etendus-toi-sporditahed-taas-starti\/\",\"url\":\"https:\/\/stebby.eu\/et\/disci-jooksu-kolmanda-aasta-etendus-toi-sporditahed-taas-starti\/\",\"name\":\"Disci-jooksu kolmanda aasta etendus t\u00f5i spordit\u00e4hed taas starti - Stebby\",\"isPartOf\":{\"@id\":\"https:\/\/stebby.eu\/#website\"},\"primaryImageOfPage\":{\"@id\":\"https:\/\/stebby.eu\/et\/disci-jooksu-kolmanda-aasta-etendus-toi-sporditahed-taas-starti\/#primaryimage\"},\"image\":{\"@id\":\"https:\/\/stebby.eu\/et\/disci-jooksu-kolmanda-aasta-etendus-toi-sporditahed-taas-starti\/#primaryimage\"},\"thumbnailUrl\":\"https:\/\/i0.wp.com\/stebby.eu\/wp-content\/uploads\/2022\/05\/DSC_6042-scaled.jpg?fit=2560%2C1305&ssl=1\",\"datePublished\":\"2022-05-11T06:35:49+00:00\",\"dateModified\":\"2022-05-11T06:37:23+00:00\",\"breadcrumb\":{\"@id\":\"https:\/\/stebby.eu\/et\/disci-jooksu-kolmanda-aasta-etendus-toi-sporditahed-taas-starti\/#breadcrumb\"},\"inLanguage\":\"et\",\"potentialAction\":[{\"@type\":\"ReadAction\",\"target\":[\"https:\/\/stebby.eu\/et\/disci-jooksu-kolmanda-aasta-etendus-toi-sporditahed-taas-starti\/\"]}]},{\"@type\":\"ImageObject\",\"inLanguage\":\"et\",\"@id\":\"https:\/\/stebby.eu\/et\/disci-jooksu-kolmanda-aasta-etendus-toi-sporditahed-taas-starti\/#primaryimage\",\"url\":\"https:\/\/i0.wp.com\/stebby.eu\/wp-content\/uploads\/2022\/05\/DSC_6042-scaled.jpg?fit=2560%2C1305&ssl=1\",\"contentUrl\":\"https:\/\/i0.wp.com\/stebby.eu\/wp-content\/uploads\/2022\/05\/DSC_6042-scaled.jpg?fit=2560%2C1305&ssl=1\",\"width\":2560,\"height\":1305},{\"@type\":\"BreadcrumbList\",\"@id\":\"https:\/\/stebby.eu\/et\/disci-jooksu-kolmanda-aasta-etendus-toi-sporditahed-taas-starti\/#breadcrumb\",\"itemListElement\":[{\"@type\":\"ListItem\",\"position\":1,\"name\":\"Home\",\"item\":\"https:\/\/stebby.eu\/et\/\"},{\"@type\":\"ListItem\",\"position\":2,\"name\":\"Disci-jooksu kolmanda aasta etendus t\u00f5i spordit\u00e4hed taas starti\"}]},{\"@type\":\"WebSite\",\"@id\":\"https:\/\/stebby.eu\/#website\",\"url\":\"https:\/\/stebby.eu\/\",\"name\":\"Stebby\",\"description\":\"\",\"publisher\":{\"@id\":\"https:\/\/stebby.eu\/#organization\"},\"potentialAction\":[{\"@type\":\"SearchAction\",\"target\":{\"@type\":\"EntryPoint\",\"urlTemplate\":\"https:\/\/stebby.eu\/?s={search_term_string}\"},\"query-input\":{\"@type\":\"PropertyValueSpecification\",\"valueRequired\":true,\"valueName\":\"search_term_string\"}}],\"inLanguage\":\"et\"},{\"@type\":\"Organization\",\"@id\":\"https:\/\/stebby.eu\/#organization\",\"name\":\"Stebby\",\"url\":\"https:\/\/stebby.eu\/\",\"logo\":{\"@type\":\"ImageObject\",\"inLanguage\":\"et\",\"@id\":\"https:\/\/stebby.eu\/#\/schema\/logo\/image\/\",\"url\":\"https:\/\/stebby.eu\/wp-content\/uploads\/2020\/10\/stebby3-1.png\",\"contentUrl\":\"https:\/\/stebby.eu\/wp-content\/uploads\/2020\/10\/stebby3-1.png\",\"width\":256,\"height\":256,\"caption\":\"Stebby\"},\"image\":{\"@id\":\"https:\/\/stebby.eu\/#\/schema\/logo\/image\/\"},\"sameAs\":[\"https:\/\/www.facebook.com\/stebby\/\",\"https:\/\/instagram.com\/stebby.eesti\",\"https:\/\/www.linkedin.com\/company\/stebby\/\"]},{\"@type\":\"Person\",\"@id\":\"https:\/\/stebby.eu\/#\/schema\/person\/d075707c7ef408365f129801314590ba\",\"name\":\"Ott Pluum\",\"image\":{\"@type\":\"ImageObject\",\"inLanguage\":\"et\",\"@id\":\"https:\/\/stebby.eu\/#\/schema\/person\/image\/\",\"url\":\"https:\/\/secure.gravatar.com\/avatar\/46468cbf7d3c28776ed7bfc82bc18488?s=96&d=mm&r=g\",\"contentUrl\":\"https:\/\/secure.gravatar.com\/avatar\/46468cbf7d3c28776ed7bfc82bc18488?s=96&d=mm&r=g\",\"caption\":\"Ott Pluum\"},\"url\":\"https:\/\/stebby.eu\/et\/author\/ottpluum\/\"}]}<\/script>\n<!-- \/ Yoast SEO plugin. -->","yoast_head_json":{"title":"Disci-jooksu kolmanda aasta etendus t\u00f5i spordit\u00e4hed taas starti - Stebby","robots":{"index":"index","follow":"follow","max-snippet":"max-snippet:-1","max-image-preview":"max-image-preview:large","max-video-preview":"max-video-preview:-1"},"canonical":"https:\/\/stebby.eu\/et\/disci-jooksu-kolmanda-aasta-etendus-toi-sporditahed-taas-starti\/","og_locale":"et_EE","og_type":"article","og_title":"Disci-jooksu kolmanda aasta etendus t\u00f5i spordit\u00e4hed taas starti - Stebby","og_description":"M\u00f6\u00f6dunud n\u00e4dalavahetusel toimus Stebby kaasabil juba kolmandat aastat j\u00e4rjest veel mujal maailmas tundmatu spordiala Eesti meistriv\u00f5istlused. J\u00e4rgnevas blogipostituses vaatame v\u00f5istluse tulemustele otsa l\u00e4bi Stebby asutaja Marti Soosaare silmade. 2022. aasta disci-jooksu 5 km eraldistardist v\u00f5istlusel s\u00e4ttisid oma varbad joonele koguni kuus varasemalt ol\u00fcmpiam\u00e4ngudel osalenud sportlast. Ilma liialdamata v\u00f5ib \u00f6elda, et iga ala Eesti meistriv\u00f5istlused sellise...","og_url":"https:\/\/stebby.eu\/et\/disci-jooksu-kolmanda-aasta-etendus-toi-sporditahed-taas-starti\/","og_site_name":"Stebby","article_publisher":"https:\/\/www.facebook.com\/stebby\/","article_published_time":"2022-05-11T06:35:49+00:00","article_modified_time":"2022-05-11T06:37:23+00:00","og_image":[{"width":2560,"height":1305,"url":"https:\/\/stebby.eu\/wp-content\/uploads\/2022\/05\/DSC_6042-scaled.jpg","type":"image\/jpeg"}],"author":"Ott Pluum","twitter_card":"summary_large_image","twitter_misc":{"Written by":"Ott Pluum","Est. reading time":"4 minutit"},"schema":{"@context":"https:\/\/schema.org","@graph":[{"@type":"Article","@id":"https:\/\/stebby.eu\/et\/disci-jooksu-kolmanda-aasta-etendus-toi-sporditahed-taas-starti\/#article","isPartOf":{"@id":"https:\/\/stebby.eu\/et\/disci-jooksu-kolmanda-aasta-etendus-toi-sporditahed-taas-starti\/"},"author":{"name":"Ott Pluum","@id":"https:\/\/stebby.eu\/#\/schema\/person\/d075707c7ef408365f129801314590ba"},"headline":"Disci-jooksu kolmanda aasta etendus t\u00f5i spordit\u00e4hed taas starti","datePublished":"2022-05-11T06:35:49+00:00","dateModified":"2022-05-11T06:37:23+00:00","mainEntityOfPage":{"@id":"https:\/\/stebby.eu\/et\/disci-jooksu-kolmanda-aasta-etendus-toi-sporditahed-taas-starti\/"},"wordCount":746,"commentCount":0,"publisher":{"@id":"https:\/\/stebby.eu\/#organization"},"image":{"@id":"https:\/\/stebby.eu\/et\/disci-jooksu-kolmanda-aasta-etendus-toi-sporditahed-taas-starti\/#primaryimage"},"thumbnailUrl":"https:\/\/i0.wp.com\/stebby.eu\/wp-content\/uploads\/2022\/05\/DSC_6042-scaled.jpg?fit=2560%2C1305&ssl=1","articleSection":["Elustiil","Liikumine","Spordi\u00fcritus"],"inLanguage":"et","potentialAction":[{"@type":"CommentAction","name":"Comment","target":["https:\/\/stebby.eu\/et\/disci-jooksu-kolmanda-aasta-etendus-toi-sporditahed-taas-starti\/#respond"]}]},{"@type":"WebPage","@id":"https:\/\/stebby.eu\/et\/disci-jooksu-kolmanda-aasta-etendus-toi-sporditahed-taas-starti\/","url":"https:\/\/stebby.eu\/et\/disci-jooksu-kolmanda-aasta-etendus-toi-sporditahed-taas-starti\/","name":"Disci-jooksu kolmanda aasta etendus t\u00f5i spordit\u00e4hed taas starti - Stebby","isPartOf":{"@id":"https:\/\/stebby.eu\/#website"},"primaryImageOfPage":{"@id":"https:\/\/stebby.eu\/et\/disci-jooksu-kolmanda-aasta-etendus-toi-sporditahed-taas-starti\/#primaryimage"},"image":{"@id":"https:\/\/stebby.eu\/et\/disci-jooksu-kolmanda-aasta-etendus-toi-sporditahed-taas-starti\/#primaryimage"},"thumbnailUrl":"https:\/\/i0.wp.com\/stebby.eu\/wp-content\/uploads\/2022\/05\/DSC_6042-scaled.jpg?fit=2560%2C1305&ssl=1","datePublished":"2022-05-11T06:35:49+00:00","dateModified":"2022-05-11T06:37:23+00:00","breadcrumb":{"@id":"https:\/\/stebby.eu\/et\/disci-jooksu-kolmanda-aasta-etendus-toi-sporditahed-taas-starti\/#breadcrumb"},"inLanguage":"et","potentialAction":[{"@type":"ReadAction","target":["https:\/\/stebby.eu\/et\/disci-jooksu-kolmanda-aasta-etendus-toi-sporditahed-taas-starti\/"]}]},{"@type":"ImageObject","inLanguage":"et","@id":"https:\/\/stebby.eu\/et\/disci-jooksu-kolmanda-aasta-etendus-toi-sporditahed-taas-starti\/#primaryimage","url":"https:\/\/i0.wp.com\/stebby.eu\/wp-content\/uploads\/2022\/05\/DSC_6042-scaled.jpg?fit=2560%2C1305&ssl=1","contentUrl":"https:\/\/i0.wp.com\/stebby.eu\/wp-content\/uploads\/2022\/05\/DSC_6042-scaled.jpg?fit=2560%2C1305&ssl=1","width":2560,"height":1305},{"@type":"BreadcrumbList","@id":"https:\/\/stebby.eu\/et\/disci-jooksu-kolmanda-aasta-etendus-toi-sporditahed-taas-starti\/#breadcrumb","itemListElement":[{"@type":"ListItem","position":1,"name":"Home","item":"https:\/\/stebby.eu\/et\/"},{"@type":"ListItem","position":2,"name":"Disci-jooksu kolmanda aasta etendus t\u00f5i spordit\u00e4hed taas starti"}]},{"@type":"WebSite","@id":"https:\/\/stebby.eu\/#website","url":"https:\/\/stebby.eu\/","name":"Stebby","description":"","publisher":{"@id":"https:\/\/stebby.eu\/#organization"},"potentialAction":[{"@type":"SearchAction","target":{"@type":"EntryPoint","urlTemplate":"https:\/\/stebby.eu\/?s={search_term_string}"},"query-input":{"@type":"PropertyValueSpecification","valueRequired":true,"valueName":"search_term_string"}}],"inLanguage":"et"},{"@type":"Organization","@id":"https:\/\/stebby.eu\/#organization","name":"Stebby","url":"https:\/\/stebby.eu\/","logo":{"@type":"ImageObject","inLanguage":"et","@id":"https:\/\/stebby.eu\/#\/schema\/logo\/image\/","url":"https:\/\/stebby.eu\/wp-content\/uploads\/2020\/10\/stebby3-1.png","contentUrl":"https:\/\/stebby.eu\/wp-content\/uploads\/2020\/10\/stebby3-1.png","width":256,"height":256,"caption":"Stebby"},"image":{"@id":"https:\/\/stebby.eu\/#\/schema\/logo\/image\/"},"sameAs":["https:\/\/www.facebook.com\/stebby\/","https:\/\/instagram.com\/stebby.eesti","https:\/\/www.linkedin.com\/company\/stebby\/"]},{"@type":"Person","@id":"https:\/\/stebby.eu\/#\/schema\/person\/d075707c7ef408365f129801314590ba","name":"Ott Pluum","image":{"@type":"ImageObject","inLanguage":"et","@id":"https:\/\/stebby.eu\/#\/schema\/person\/image\/","url":"https:\/\/secure.gravatar.com\/avatar\/46468cbf7d3c28776ed7bfc82bc18488?s=96&d=mm&r=g","contentUrl":"https:\/\/secure.gravatar.com\/avatar\/46468cbf7d3c28776ed7bfc82bc18488?s=96&d=mm&r=g","caption":"Ott Pluum"},"url":"https:\/\/stebby.eu\/et\/author\/ottpluum\/"}]}},"jetpack_featured_media_url":"https:\/\/i0.wp.com\/stebby.eu\/wp-content\/uploads\/2022\/05\/DSC_6042-scaled.jpg?fit=2560%2C1305&ssl=1","jetpack_sharing_enabled":true,"_links":{"self":[{"href":"https:\/\/stebby.eu\/et\/wp-json\/wp\/v2\/posts\/11278","targetHints":{"allow":["GET"]}}],"collection":[{"href":"https:\/\/stebby.eu\/et\/wp-json\/wp\/v2\/posts"}],"about":[{"href":"https:\/\/stebby.eu\/et\/wp-json\/wp\/v2\/types\/post"}],"author":[{"embeddable":true,"href":"https:\/\/stebby.eu\/et\/wp-json\/wp\/v2\/users\/8"}],"replies":[{"embeddable":true,"href":"https:\/\/stebby.eu\/et\/wp-json\/wp\/v2\/comments?post=11278"}],"version-history":[{"count":5,"href":"https:\/\/stebby.eu\/et\/wp-json\/wp\/v2\/posts\/11278\/revisions"}],"predecessor-version":[{"id":11318,"href":"https:\/\/stebby.eu\/et\/wp-json\/wp\/v2\/posts\/11278\/revisions\/11318"}],"wp:featuredmedia":[{"embeddable":true,"href":"https:\/\/stebby.eu\/et\/wp-json\/wp\/v2\/media\/11290"}],"wp:attachment":[{"href":"https:\/\/stebby.eu\/et\/wp-json\/wp\/v2\/media?parent=11278"}],"wp:term":[{"taxonomy":"category","embeddable":true,"href":"https:\/\/stebby.eu\/et\/wp-json\/wp\/v2\/categories?post=11278"},{"taxonomy":"post_tag","embeddable":true,"href":"https:\/\/stebby.eu\/et\/wp-json\/wp\/v2\/tags?post=11278"}],"curies":[{"name":"wp","href":"https:\/\/api.w.org\/{rel}","templated":true}]}}