{"id":1415,"date":"2019-07-19T10:53:06","date_gmt":"2019-07-19T08:53:06","guid":{"rendered":"https:\/\/sportideas.blog\/?p=1415"},"modified":"2019-07-19T10:53:06","modified_gmt":"2019-07-19T08:53:06","slug":"kondijate-suvine-laulupidu-lahemaal","status":"publish","type":"post","link":"https:\/\/stebby.eu\/et\/kondijate-suvine-laulupidu-lahemaal\/","title":{"rendered":"K\u00f5ndijate suvine laulupidu Lahemaal"},"content":{"rendered":"\n<p>7. juulil toimus 12. korda Lahemaa Elamusmaraton, mis t\u00f5i Lahemaale kokku 474 aktiivset k\u00f5ndijat. Lahemaa elamusmaratoni raames toimus ka <a href=\"https:\/\/www.elamusmaratonid.ee\/uudised\/esimene-inwa-maailmakarikaetapp-kepikonnis-tehtud\" target=\"_blank\" rel=\"noopener noreferrer\">INWA maailmakarikaetapp kepik\u00f5nnis<\/a>. Lahemaa kepik\u00f5nni- ja k\u00e4imismaraton on Eesti vanimaks k\u00e4imismaratoniks ning \u00fchtlasi ka Eesti suurima k\u00e4imismaratonide sarja III etapp.<\/p>\n<p>474 osalejast 163 l\u00e4bis 10 kilomeetrit, 77 42 kilomeetrise raja ning vaieldamatult k\u00f5ige populaarsema 21 kilomeetrise raja l\u00e4bis kokku 234 elamuste otsijat. Kokku koguti elamuskilomeetrite hooaja tabelisse 9824,8 kilomeetrit. Milliseks kujunes seis Elamuspunktide tabelis saad j\u00e4rgi vaadata <a href=\"https:\/\/www.elamusmaratonid.ee\/elamuspunktid\" target=\"_blank\" rel=\"noopener noreferrer\">kodulehelt<\/a>.\u00a0<\/p>\n<p><div class=\"fb-video\" data-allowfullscreen=\"true\" data-href=\"https:\/\/www.facebook.com\/Elamusretked\/videos\/392626831358335\/\" style=\"background-color: #fff; display: inline-block;\"><\/div><\/p>\n<p>Lahemaa Elamusmaraton on sarja ainus maraton, kus raja \u00e4\u00e4rde j\u00e4\u00e4vad kaunid joastikud \u2013 N\u00f5mmeveski, Joaveski ning Vasaristi. Just need joastikud muudavadki Lahemaa elamusmaratoni t\u00e4iesti unikaalseks \u2013 kellele ei meeldiks jalutada kauni suveilmaga j\u00f5ekaldal ning nautida m\u00fchisevat vett. Seekordse jalutusk\u00e4igu jaoks oli ilmataat m\u00f5nusa p\u00e4ikselise ilma valmis pannud ning Lahemaal toimus meie oma suvine laulupidu.<\/p>\n<p><img data-recalc-dims=\"1\" loading=\"lazy\" decoding=\"async\" class=\"alignnone size-full wp-image-1417\" src=\"https:\/\/i0.wp.com\/sportideas.blog\/wp-content\/uploads\/2019\/07\/IMG_9417_large.jpg?resize=1280%2C853&#038;ssl=1\" alt=\"\" width=\"1280\" height=\"853\" srcset=\"https:\/\/i0.wp.com\/stebby.eu\/wp-content\/uploads\/2019\/07\/IMG_9417_large.jpg?w=1280&amp;ssl=1 1280w, https:\/\/i0.wp.com\/stebby.eu\/wp-content\/uploads\/2019\/07\/IMG_9417_large.jpg?resize=768%2C512&amp;ssl=1 768w, https:\/\/i0.wp.com\/stebby.eu\/wp-content\/uploads\/2019\/07\/IMG_9417_large.jpg?resize=512%2C341&amp;ssl=1 512w\" sizes=\"auto, (max-width: 1280px) 100vw, 1280px\" \/><\/p>\n<p>\u201eLahemaa elamusmaratoni erip\u00e4raks on just k\u00f5ndimine j\u00f5gede kallasradadel ning sealsed kaunid joad. Lahemaa rajad on h\u00e4sti vaheldusrikkad ning kitsad mustikatega \u00e4\u00e4ristatud seenerajad vahelduvad nii RMK matkaradade kui ka laiemate metsateedega. Ainult siin saab j\u00f5gesid \u00fcletada m\u00f6\u00f6da rippsilda v\u00f5i siis lihtsalt pika-pika sammuga\u201c r\u00e4\u00e4gib Elamusmaratonide \u00fcks eestvedajatest Kunnar Karu.<\/p>\n<p>Lahemaa Elamusmaraton sai alguse Kolgak\u00fcla terviseradade keskusest. Lisaks Joaveskile ja N\u00f5mmeveskile kulges rada Valgej\u00f5e kallasradadel, lookles kohalikes m\u00e4nnimetsades, kus nii m\u00f5nigi k\u00f5ndija v\u00f5ttis tempo maha ning asus mustikaid v\u00f5i kukeseeni noppima.<\/p>\n<div id=\"attachment_1418\" style=\"width: 2058px\" class=\"wp-caption alignnone\"><img data-recalc-dims=\"1\" loading=\"lazy\" decoding=\"async\" aria-describedby=\"caption-attachment-1418\" class=\"size-full wp-image-1418\" src=\"https:\/\/i0.wp.com\/sportideas.blog\/wp-content\/uploads\/2019\/07\/AS20190707EM_175M.jpeg?resize=1920%2C1280&#038;ssl=1\" alt=\"\" width=\"1920\" height=\"1280\" srcset=\"https:\/\/i0.wp.com\/stebby.eu\/wp-content\/uploads\/2019\/07\/AS20190707EM_175M.jpeg?w=2048&amp;ssl=1 2048w, https:\/\/i0.wp.com\/stebby.eu\/wp-content\/uploads\/2019\/07\/AS20190707EM_175M.jpeg?resize=768%2C512&amp;ssl=1 768w, https:\/\/i0.wp.com\/stebby.eu\/wp-content\/uploads\/2019\/07\/AS20190707EM_175M.jpeg?resize=1920%2C1280&amp;ssl=1 1920w, https:\/\/i0.wp.com\/stebby.eu\/wp-content\/uploads\/2019\/07\/AS20190707EM_175M.jpeg?resize=1536%2C1024&amp;ssl=1 1536w, https:\/\/i0.wp.com\/stebby.eu\/wp-content\/uploads\/2019\/07\/AS20190707EM_175M.jpeg?resize=512%2C341&amp;ssl=1 512w\" sizes=\"auto, (max-width: 1920px) 100vw, 1920px\" \/><p id=\"caption-attachment-1418\" class=\"wp-caption-text\">12. Lahemaa kepik\u00f5nni- ja k\u00e4imismaraton \/ foto: Ardo S\u00e4ks<\/p><\/div>\n<p>Raja l\u00f5puosas oli maasikaks Lemeks Grupp elamuskilomeeter, kus seekord kauni m\u00e4nnimetsa all \u00fcllatas neoonroheline mustikataimede vaip. \u00d5nneks sai elamuskilomeetri raames ka t\u00f5usumeetreid koguda \u2013 raja viimane t\u00f5us oli seekord just elamuskilomeetri \u00fcheks osaks.<\/p>\n<p>Rajale j\u00e4i 6 teeninduspunkti, kus osalejad said oma energiavarusid t\u00e4iendada P\u00f5ltsamaa, Kalevi, Freesport ja Saku \u00d5lletehase maitsvate toodete abil. Loomulikult ei puudunud men\u00fc\u00fcst arbuus, apelsinid ega parimad maratonide kiluv\u00f5ileivad.<\/p>\n<div id=\"attachment_1419\" style=\"width: 1290px\" class=\"wp-caption alignnone\"><img data-recalc-dims=\"1\" loading=\"lazy\" decoding=\"async\" aria-describedby=\"caption-attachment-1419\" class=\"size-full wp-image-1419\" src=\"https:\/\/i0.wp.com\/sportideas.blog\/wp-content\/uploads\/2019\/07\/AS20190707EM_087M_large.jpeg?resize=1280%2C853&#038;ssl=1\" alt=\"\" width=\"1280\" height=\"853\" srcset=\"https:\/\/i0.wp.com\/stebby.eu\/wp-content\/uploads\/2019\/07\/AS20190707EM_087M_large.jpeg?w=1280&amp;ssl=1 1280w, https:\/\/i0.wp.com\/stebby.eu\/wp-content\/uploads\/2019\/07\/AS20190707EM_087M_large.jpeg?resize=768%2C512&amp;ssl=1 768w, https:\/\/i0.wp.com\/stebby.eu\/wp-content\/uploads\/2019\/07\/AS20190707EM_087M_large.jpeg?resize=512%2C341&amp;ssl=1 512w\" sizes=\"auto, (max-width: 1280px) 100vw, 1280px\" \/><p id=\"caption-attachment-1419\" class=\"wp-caption-text\">12. Lahemaa kepik\u00f5nni- ja k\u00e4imismaraton \/ foto: Ardo S\u00e4ks<\/p><\/div>\n<p>Poolmaratoni distantsi l\u00e4binud Laura-Liiza S\u00f6\u00f6t peab Lahemaa k\u00e4imismaratoni \u00fcheks meeldej\u00e4\u00e4vamaiks: &#8220;Rada oli t\u00e4is m\u00f5nusaid kergeid t\u00f5use ning imelisi vaateid. Lahemaa mitmek\u00fclgne loodus hoidis meele erksana ning 21 km oli m\u00f5nusalt paras distants, et kogu seda \u00fcritust nautida.&#8221;<\/p>\n<p>Otsi ennastki \u00fcles Lahemaa radadel tehtud piltidelt\u00a0<a href=\"https:\/\/www.elamusmaratonid.ee\/pildid\" target=\"_blank\" rel=\"noopener noreferrer\">kodulehelt<\/a>. \u00c4rge unustage ka oma pilte jagada teistega, lisades neile #elamusmaraton.<\/p>\n<p>FCR Media ja Elamusmaratonid ootavad j\u00e4rgmiseks k\u00f5iki k\u00f5ndijaid juba traditsioonilisele\u00a0<a href=\"https:\/\/www.elamusmaratonid.ee\/elamusmaratonid-2019\/4-varska-elamusmaraton\" target=\"_blank\" rel=\"noopener noreferrer\">V\u00e4rska elamusmaratonile\u00a0<\/a>4. augustil. Kindlasti tasub kalendrisse kirja panna ka 1. septembri, sest just siis on toimumas hooaja viimane \u00fcritus \u2013\u00a0<a href=\"https:\/\/www.elamusmaratonid.ee\/elamusmaratonid-2019\/2-korvemaa-elamusmaraton\" target=\"_blank\" rel=\"noopener noreferrer\">2. K\u00f5rvemaa Elamusmaraton\u00a0<\/a>koos\u00a0<a href=\"https:\/\/www.elamusmaratonid.ee\/elamusmaratonid-2019\/2-karumaraton\" target=\"_blank\" rel=\"noopener noreferrer\">2. K\u00e4rumaratoniga.<\/a><\/p>\n<p>K\u00f5ik elamusmaratonid leiad ka SportID-st <a href=\"https:\/\/sportid.com\/pos\/1647\/services\">siit!<\/a><\/p>\n<p>Allikas:<a href=\"https:\/\/www.elamusmaratonid.ee\/uudised\/kondijate-suvine-laulupidu-lahemaal\"> https:\/\/www.elamusmaratonid.ee\/\u00a0<\/a><\/p>\n<div id=\"attachment_1420\" style=\"width: 2058px\" class=\"wp-caption alignnone\"><img data-recalc-dims=\"1\" loading=\"lazy\" decoding=\"async\" aria-describedby=\"caption-attachment-1420\" class=\"size-full wp-image-1420\" src=\"https:\/\/i0.wp.com\/sportideas.blog\/wp-content\/uploads\/2019\/07\/AS20190707EM_167M.jpeg?resize=1920%2C1280&#038;ssl=1\" alt=\"\" width=\"1920\" height=\"1280\" srcset=\"https:\/\/i0.wp.com\/stebby.eu\/wp-content\/uploads\/2019\/07\/AS20190707EM_167M.jpeg?w=2048&amp;ssl=1 2048w, https:\/\/i0.wp.com\/stebby.eu\/wp-content\/uploads\/2019\/07\/AS20190707EM_167M.jpeg?resize=768%2C512&amp;ssl=1 768w, https:\/\/i0.wp.com\/stebby.eu\/wp-content\/uploads\/2019\/07\/AS20190707EM_167M.jpeg?resize=1920%2C1280&amp;ssl=1 1920w, https:\/\/i0.wp.com\/stebby.eu\/wp-content\/uploads\/2019\/07\/AS20190707EM_167M.jpeg?resize=1536%2C1024&amp;ssl=1 1536w, https:\/\/i0.wp.com\/stebby.eu\/wp-content\/uploads\/2019\/07\/AS20190707EM_167M.jpeg?resize=512%2C341&amp;ssl=1 512w\" sizes=\"auto, (max-width: 1920px) 100vw, 1920px\" \/><p id=\"caption-attachment-1420\" class=\"wp-caption-text\">12. Lahemaa kepik\u00f5nni- ja k\u00e4imismaraton \/ foto: Ardo S\u00e4ks<\/p><\/div>\n","protected":false},"excerpt":{"rendered":"","protected":false},"author":10,"featured_media":1416,"comment_status":"open","ping_status":"open","sticky":false,"template":"","format":"standard","meta":{"_jetpack_memberships_contains_paid_content":false,"footnotes":""},"categories":[24,28],"tags":[],"class_list":["post-1415","post","type-post","status-publish","format-standard","has-post-thumbnail","hentry","category-liikumine","category-spordiyritus"],"yoast_head":"<!-- This site is optimized with the Yoast SEO plugin v26.8 - https:\/\/yoast.com\/product\/yoast-seo-wordpress\/ -->\n<title>K\u00f5ndijate suvine laulupidu Lahemaal - Stebby<\/title>\n<meta name=\"robots\" content=\"index, follow, max-snippet:-1, max-image-preview:large, max-video-preview:-1\" \/>\n<link rel=\"canonical\" href=\"https:\/\/stebby.eu\/et\/kondijate-suvine-laulupidu-lahemaal\/\" \/>\n<meta property=\"og:locale\" content=\"et_EE\" \/>\n<meta property=\"og:type\" content=\"article\" \/>\n<meta property=\"og:title\" content=\"K\u00f5ndijate suvine laulupidu Lahemaal - Stebby\" \/>\n<meta property=\"og:url\" content=\"https:\/\/stebby.eu\/et\/kondijate-suvine-laulupidu-lahemaal\/\" \/>\n<meta property=\"og:site_name\" content=\"Stebby\" \/>\n<meta property=\"article:publisher\" content=\"https:\/\/www.facebook.com\/stebby\/\" \/>\n<meta property=\"article:published_time\" content=\"2019-07-19T08:53:06+00:00\" \/>\n<meta property=\"og:image\" content=\"https:\/\/stebby.eu\/wp-content\/uploads\/2019\/07\/77KP07072019ER0004-1920x1280.jpg\" \/>\n\t<meta property=\"og:image:width\" content=\"1920\" \/>\n\t<meta property=\"og:image:height\" content=\"1280\" \/>\n\t<meta property=\"og:image:type\" content=\"image\/jpeg\" \/>\n<meta name=\"author\" content=\"ando.haldna\" \/>\n<meta name=\"twitter:card\" content=\"summary_large_image\" \/>\n<meta name=\"twitter:label1\" content=\"Written by\" \/>\n\t<meta name=\"twitter:data1\" content=\"ando.haldna\" \/>\n\t<meta name=\"twitter:label2\" content=\"Est. reading time\" \/>\n\t<meta name=\"twitter:data2\" content=\"2 minutit\" \/>\n<script type=\"application\/ld+json\" class=\"yoast-schema-graph\">{\"@context\":\"https:\/\/schema.org\",\"@graph\":[{\"@type\":\"Article\",\"@id\":\"https:\/\/stebby.eu\/et\/kondijate-suvine-laulupidu-lahemaal\/#article\",\"isPartOf\":{\"@id\":\"https:\/\/stebby.eu\/et\/kondijate-suvine-laulupidu-lahemaal\/\"},\"author\":{\"name\":\"ando.haldna\",\"@id\":\"https:\/\/stebby.eu\/#\/schema\/person\/d6c3f74d164fdb457c8de98518edbb4f\"},\"headline\":\"K\u00f5ndijate suvine laulupidu Lahemaal\",\"datePublished\":\"2019-07-19T08:53:06+00:00\",\"mainEntityOfPage\":{\"@id\":\"https:\/\/stebby.eu\/et\/kondijate-suvine-laulupidu-lahemaal\/\"},\"wordCount\":476,\"commentCount\":0,\"publisher\":{\"@id\":\"https:\/\/stebby.eu\/#organization\"},\"image\":{\"@id\":\"https:\/\/stebby.eu\/et\/kondijate-suvine-laulupidu-lahemaal\/#primaryimage\"},\"thumbnailUrl\":\"https:\/\/i0.wp.com\/stebby.eu\/wp-content\/uploads\/2019\/07\/77KP07072019ER0004.jpg?fit=2048%2C1365&ssl=1\",\"articleSection\":[\"Liikumine\",\"Spordi\u00fcritus\"],\"inLanguage\":\"et\",\"potentialAction\":[{\"@type\":\"CommentAction\",\"name\":\"Comment\",\"target\":[\"https:\/\/stebby.eu\/et\/kondijate-suvine-laulupidu-lahemaal\/#respond\"]}]},{\"@type\":\"WebPage\",\"@id\":\"https:\/\/stebby.eu\/et\/kondijate-suvine-laulupidu-lahemaal\/\",\"url\":\"https:\/\/stebby.eu\/et\/kondijate-suvine-laulupidu-lahemaal\/\",\"name\":\"K\u00f5ndijate suvine laulupidu Lahemaal - Stebby\",\"isPartOf\":{\"@id\":\"https:\/\/stebby.eu\/#website\"},\"primaryImageOfPage\":{\"@id\":\"https:\/\/stebby.eu\/et\/kondijate-suvine-laulupidu-lahemaal\/#primaryimage\"},\"image\":{\"@id\":\"https:\/\/stebby.eu\/et\/kondijate-suvine-laulupidu-lahemaal\/#primaryimage\"},\"thumbnailUrl\":\"https:\/\/i0.wp.com\/stebby.eu\/wp-content\/uploads\/2019\/07\/77KP07072019ER0004.jpg?fit=2048%2C1365&ssl=1\",\"datePublished\":\"2019-07-19T08:53:06+00:00\",\"breadcrumb\":{\"@id\":\"https:\/\/stebby.eu\/et\/kondijate-suvine-laulupidu-lahemaal\/#breadcrumb\"},\"inLanguage\":\"et\",\"potentialAction\":[{\"@type\":\"ReadAction\",\"target\":[\"https:\/\/stebby.eu\/et\/kondijate-suvine-laulupidu-lahemaal\/\"]}]},{\"@type\":\"ImageObject\",\"inLanguage\":\"et\",\"@id\":\"https:\/\/stebby.eu\/et\/kondijate-suvine-laulupidu-lahemaal\/#primaryimage\",\"url\":\"https:\/\/i0.wp.com\/stebby.eu\/wp-content\/uploads\/2019\/07\/77KP07072019ER0004.jpg?fit=2048%2C1365&ssl=1\",\"contentUrl\":\"https:\/\/i0.wp.com\/stebby.eu\/wp-content\/uploads\/2019\/07\/77KP07072019ER0004.jpg?fit=2048%2C1365&ssl=1\",\"width\":2048,\"height\":1365,\"caption\":\"12. Lahemaa kepik\u00f5nni- ja k\u00e4imismaraton, 07.07.2019. a. @Harjumaa, foto: Kaimo Puniste\"},{\"@type\":\"BreadcrumbList\",\"@id\":\"https:\/\/stebby.eu\/et\/kondijate-suvine-laulupidu-lahemaal\/#breadcrumb\",\"itemListElement\":[{\"@type\":\"ListItem\",\"position\":1,\"name\":\"Home\",\"item\":\"https:\/\/stebby.eu\/et\/\"},{\"@type\":\"ListItem\",\"position\":2,\"name\":\"K\u00f5ndijate suvine laulupidu Lahemaal\"}]},{\"@type\":\"WebSite\",\"@id\":\"https:\/\/stebby.eu\/#website\",\"url\":\"https:\/\/stebby.eu\/\",\"name\":\"Stebby\",\"description\":\"\",\"publisher\":{\"@id\":\"https:\/\/stebby.eu\/#organization\"},\"potentialAction\":[{\"@type\":\"SearchAction\",\"target\":{\"@type\":\"EntryPoint\",\"urlTemplate\":\"https:\/\/stebby.eu\/?s={search_term_string}\"},\"query-input\":{\"@type\":\"PropertyValueSpecification\",\"valueRequired\":true,\"valueName\":\"search_term_string\"}}],\"inLanguage\":\"et\"},{\"@type\":\"Organization\",\"@id\":\"https:\/\/stebby.eu\/#organization\",\"name\":\"Stebby\",\"url\":\"https:\/\/stebby.eu\/\",\"logo\":{\"@type\":\"ImageObject\",\"inLanguage\":\"et\",\"@id\":\"https:\/\/stebby.eu\/#\/schema\/logo\/image\/\",\"url\":\"https:\/\/stebby.eu\/wp-content\/uploads\/2020\/10\/stebby3-1.png\",\"contentUrl\":\"https:\/\/stebby.eu\/wp-content\/uploads\/2020\/10\/stebby3-1.png\",\"width\":256,\"height\":256,\"caption\":\"Stebby\"},\"image\":{\"@id\":\"https:\/\/stebby.eu\/#\/schema\/logo\/image\/\"},\"sameAs\":[\"https:\/\/www.facebook.com\/stebby\/\",\"https:\/\/instagram.com\/stebby.eesti\",\"https:\/\/www.linkedin.com\/company\/stebby\/\"]},{\"@type\":\"Person\",\"@id\":\"https:\/\/stebby.eu\/#\/schema\/person\/d6c3f74d164fdb457c8de98518edbb4f\",\"name\":\"ando.haldna\",\"image\":{\"@type\":\"ImageObject\",\"inLanguage\":\"et\",\"@id\":\"https:\/\/stebby.eu\/#\/schema\/person\/image\/\",\"url\":\"https:\/\/secure.gravatar.com\/avatar\/70bf464c17ff04ddfdf14f23e6dd246f?s=96&d=mm&r=g\",\"contentUrl\":\"https:\/\/secure.gravatar.com\/avatar\/70bf464c17ff04ddfdf14f23e6dd246f?s=96&d=mm&r=g\",\"caption\":\"ando.haldna\"},\"url\":\"https:\/\/stebby.eu\/et\/author\/ando-haldna\/\"}]}<\/script>\n<!-- \/ Yoast SEO plugin. -->","yoast_head_json":{"title":"K\u00f5ndijate suvine laulupidu Lahemaal - Stebby","robots":{"index":"index","follow":"follow","max-snippet":"max-snippet:-1","max-image-preview":"max-image-preview:large","max-video-preview":"max-video-preview:-1"},"canonical":"https:\/\/stebby.eu\/et\/kondijate-suvine-laulupidu-lahemaal\/","og_locale":"et_EE","og_type":"article","og_title":"K\u00f5ndijate suvine laulupidu Lahemaal - Stebby","og_url":"https:\/\/stebby.eu\/et\/kondijate-suvine-laulupidu-lahemaal\/","og_site_name":"Stebby","article_publisher":"https:\/\/www.facebook.com\/stebby\/","article_published_time":"2019-07-19T08:53:06+00:00","og_image":[{"width":1920,"height":1280,"url":"https:\/\/stebby.eu\/wp-content\/uploads\/2019\/07\/77KP07072019ER0004-1920x1280.jpg","type":"image\/jpeg"}],"author":"ando.haldna","twitter_card":"summary_large_image","twitter_misc":{"Written by":"ando.haldna","Est. reading time":"2 minutit"},"schema":{"@context":"https:\/\/schema.org","@graph":[{"@type":"Article","@id":"https:\/\/stebby.eu\/et\/kondijate-suvine-laulupidu-lahemaal\/#article","isPartOf":{"@id":"https:\/\/stebby.eu\/et\/kondijate-suvine-laulupidu-lahemaal\/"},"author":{"name":"ando.haldna","@id":"https:\/\/stebby.eu\/#\/schema\/person\/d6c3f74d164fdb457c8de98518edbb4f"},"headline":"K\u00f5ndijate suvine laulupidu Lahemaal","datePublished":"2019-07-19T08:53:06+00:00","mainEntityOfPage":{"@id":"https:\/\/stebby.eu\/et\/kondijate-suvine-laulupidu-lahemaal\/"},"wordCount":476,"commentCount":0,"publisher":{"@id":"https:\/\/stebby.eu\/#organization"},"image":{"@id":"https:\/\/stebby.eu\/et\/kondijate-suvine-laulupidu-lahemaal\/#primaryimage"},"thumbnailUrl":"https:\/\/i0.wp.com\/stebby.eu\/wp-content\/uploads\/2019\/07\/77KP07072019ER0004.jpg?fit=2048%2C1365&ssl=1","articleSection":["Liikumine","Spordi\u00fcritus"],"inLanguage":"et","potentialAction":[{"@type":"CommentAction","name":"Comment","target":["https:\/\/stebby.eu\/et\/kondijate-suvine-laulupidu-lahemaal\/#respond"]}]},{"@type":"WebPage","@id":"https:\/\/stebby.eu\/et\/kondijate-suvine-laulupidu-lahemaal\/","url":"https:\/\/stebby.eu\/et\/kondijate-suvine-laulupidu-lahemaal\/","name":"K\u00f5ndijate suvine laulupidu Lahemaal - Stebby","isPartOf":{"@id":"https:\/\/stebby.eu\/#website"},"primaryImageOfPage":{"@id":"https:\/\/stebby.eu\/et\/kondijate-suvine-laulupidu-lahemaal\/#primaryimage"},"image":{"@id":"https:\/\/stebby.eu\/et\/kondijate-suvine-laulupidu-lahemaal\/#primaryimage"},"thumbnailUrl":"https:\/\/i0.wp.com\/stebby.eu\/wp-content\/uploads\/2019\/07\/77KP07072019ER0004.jpg?fit=2048%2C1365&ssl=1","datePublished":"2019-07-19T08:53:06+00:00","breadcrumb":{"@id":"https:\/\/stebby.eu\/et\/kondijate-suvine-laulupidu-lahemaal\/#breadcrumb"},"inLanguage":"et","potentialAction":[{"@type":"ReadAction","target":["https:\/\/stebby.eu\/et\/kondijate-suvine-laulupidu-lahemaal\/"]}]},{"@type":"ImageObject","inLanguage":"et","@id":"https:\/\/stebby.eu\/et\/kondijate-suvine-laulupidu-lahemaal\/#primaryimage","url":"https:\/\/i0.wp.com\/stebby.eu\/wp-content\/uploads\/2019\/07\/77KP07072019ER0004.jpg?fit=2048%2C1365&ssl=1","contentUrl":"https:\/\/i0.wp.com\/stebby.eu\/wp-content\/uploads\/2019\/07\/77KP07072019ER0004.jpg?fit=2048%2C1365&ssl=1","width":2048,"height":1365,"caption":"12. Lahemaa kepik\u00f5nni- ja k\u00e4imismaraton, 07.07.2019. a. @Harjumaa, foto: Kaimo Puniste"},{"@type":"BreadcrumbList","@id":"https:\/\/stebby.eu\/et\/kondijate-suvine-laulupidu-lahemaal\/#breadcrumb","itemListElement":[{"@type":"ListItem","position":1,"name":"Home","item":"https:\/\/stebby.eu\/et\/"},{"@type":"ListItem","position":2,"name":"K\u00f5ndijate suvine laulupidu Lahemaal"}]},{"@type":"WebSite","@id":"https:\/\/stebby.eu\/#website","url":"https:\/\/stebby.eu\/","name":"Stebby","description":"","publisher":{"@id":"https:\/\/stebby.eu\/#organization"},"potentialAction":[{"@type":"SearchAction","target":{"@type":"EntryPoint","urlTemplate":"https:\/\/stebby.eu\/?s={search_term_string}"},"query-input":{"@type":"PropertyValueSpecification","valueRequired":true,"valueName":"search_term_string"}}],"inLanguage":"et"},{"@type":"Organization","@id":"https:\/\/stebby.eu\/#organization","name":"Stebby","url":"https:\/\/stebby.eu\/","logo":{"@type":"ImageObject","inLanguage":"et","@id":"https:\/\/stebby.eu\/#\/schema\/logo\/image\/","url":"https:\/\/stebby.eu\/wp-content\/uploads\/2020\/10\/stebby3-1.png","contentUrl":"https:\/\/stebby.eu\/wp-content\/uploads\/2020\/10\/stebby3-1.png","width":256,"height":256,"caption":"Stebby"},"image":{"@id":"https:\/\/stebby.eu\/#\/schema\/logo\/image\/"},"sameAs":["https:\/\/www.facebook.com\/stebby\/","https:\/\/instagram.com\/stebby.eesti","https:\/\/www.linkedin.com\/company\/stebby\/"]},{"@type":"Person","@id":"https:\/\/stebby.eu\/#\/schema\/person\/d6c3f74d164fdb457c8de98518edbb4f","name":"ando.haldna","image":{"@type":"ImageObject","inLanguage":"et","@id":"https:\/\/stebby.eu\/#\/schema\/person\/image\/","url":"https:\/\/secure.gravatar.com\/avatar\/70bf464c17ff04ddfdf14f23e6dd246f?s=96&d=mm&r=g","contentUrl":"https:\/\/secure.gravatar.com\/avatar\/70bf464c17ff04ddfdf14f23e6dd246f?s=96&d=mm&r=g","caption":"ando.haldna"},"url":"https:\/\/stebby.eu\/et\/author\/ando-haldna\/"}]}},"jetpack_featured_media_url":"https:\/\/i0.wp.com\/stebby.eu\/wp-content\/uploads\/2019\/07\/77KP07072019ER0004.jpg?fit=2048%2C1365&ssl=1","jetpack_sharing_enabled":true,"_links":{"self":[{"href":"https:\/\/stebby.eu\/et\/wp-json\/wp\/v2\/posts\/1415","targetHints":{"allow":["GET"]}}],"collection":[{"href":"https:\/\/stebby.eu\/et\/wp-json\/wp\/v2\/posts"}],"about":[{"href":"https:\/\/stebby.eu\/et\/wp-json\/wp\/v2\/types\/post"}],"author":[{"embeddable":true,"href":"https:\/\/stebby.eu\/et\/wp-json\/wp\/v2\/users\/10"}],"replies":[{"embeddable":true,"href":"https:\/\/stebby.eu\/et\/wp-json\/wp\/v2\/comments?post=1415"}],"version-history":[{"count":0,"href":"https:\/\/stebby.eu\/et\/wp-json\/wp\/v2\/posts\/1415\/revisions"}],"wp:featuredmedia":[{"embeddable":true,"href":"https:\/\/stebby.eu\/et\/wp-json\/wp\/v2\/media\/1416"}],"wp:attachment":[{"href":"https:\/\/stebby.eu\/et\/wp-json\/wp\/v2\/media?parent=1415"}],"wp:term":[{"taxonomy":"category","embeddable":true,"href":"https:\/\/stebby.eu\/et\/wp-json\/wp\/v2\/categories?post=1415"},{"taxonomy":"post_tag","embeddable":true,"href":"https:\/\/stebby.eu\/et\/wp-json\/wp\/v2\/tags?post=1415"}],"curies":[{"name":"wp","href":"https:\/\/api.w.org\/{rel}","templated":true}]}}