{"id":1572,"date":"2019-08-06T13:12:30","date_gmt":"2019-08-06T11:12:30","guid":{"rendered":"https:\/\/sportideas.blog\/?p=1572"},"modified":"2019-08-06T13:12:30","modified_gmt":"2019-08-06T11:12:30","slug":"suues-saledaks-mida-teha-vanaema-suvikorvitsast","status":"publish","type":"post","link":"https:\/\/stebby.eu\/et\/suues-saledaks-mida-teha-vanaema-suvikorvitsast\/","title":{"rendered":"S\u00fc\u00fces saledaks: Mida teha vanaema suvik\u00f5rvitsast?"},"content":{"rendered":"\n<p>K\u00e4es on suvik\u00f5rvitsa hooaeg! T\u00e4na jagab meiega S\u00fc\u00fces saledaks kokaraamatu autor, toitumisspetsialist, personaaltreener ja <a href=\"https:\/\/www.facebook.com\/groups\/588084027932521\/?fref=nf\">Facebooki grupi S\u00fc\u00fces Saledaks<\/a> looja Signessa Kalmus oma isu\u00e4ratavat retsepti. Muidugi ei puudu sellest ka suvik\u00f5rvits!<\/p>\n<p><img data-recalc-dims=\"1\" loading=\"lazy\" decoding=\"async\" class=\"alignnone size-full wp-image-1578\" src=\"https:\/\/i0.wp.com\/sportideas.blog\/wp-content\/uploads\/2019\/08\/67610060_2317684434946695_2387396831777652736_o.jpg?resize=1536%2C2048&#038;ssl=1\" alt=\"\" width=\"1536\" height=\"2048\" srcset=\"https:\/\/i0.wp.com\/stebby.eu\/wp-content\/uploads\/2019\/08\/67610060_2317684434946695_2387396831777652736_o.jpg?w=1536&amp;ssl=1 1536w, https:\/\/i0.wp.com\/stebby.eu\/wp-content\/uploads\/2019\/08\/67610060_2317684434946695_2387396831777652736_o.jpg?resize=768%2C1024&amp;ssl=1 768w, https:\/\/i0.wp.com\/stebby.eu\/wp-content\/uploads\/2019\/08\/67610060_2317684434946695_2387396831777652736_o.jpg?resize=1152%2C1536&amp;ssl=1 1152w, https:\/\/i0.wp.com\/stebby.eu\/wp-content\/uploads\/2019\/08\/67610060_2317684434946695_2387396831777652736_o.jpg?resize=512%2C683&amp;ssl=1 512w\" sizes=\"auto, (max-width: 1536px) 100vw, 1536px\" \/><\/p>\n<p>Vaja l\u00e4heb:<\/p>\n<ul>\n<li>3 v\u00e4iksemat suvik\u00f5rvitsat<\/li>\n<li>3 muna<\/li>\n<li>3 spl riisijahu<\/li>\n<li>kirsstomatid<\/li>\n<li>v\u00f5i praadimiseks<\/li>\n<li>10% hapukoor<\/li>\n<li>k\u00fc\u00fcslauk<\/li>\n<\/ul>\n<p>Juhised:<\/p>\n<p>Riivi suvik\u00f5rvitsad ja pigista vesi v\u00e4lja. Lisa muna, jahu ja sega taignaks. Tee taignast \u00fclepannikoogid. Purusta k\u00fc\u00fcslauk ja sega kokku hapukoorega. M\u00e4\u00e4ri segatud hapukoor iga pannkoogi kihi vahele. Kaunistuseks aseta peale kirsstomatid!<\/p>\n<p><img data-recalc-dims=\"1\" loading=\"lazy\" decoding=\"async\" class=\"alignnone size-full wp-image-1575\" src=\"https:\/\/i0.wp.com\/sportideas.blog\/wp-content\/uploads\/2019\/08\/67563337_2317684611613344_8845479549769613312_o.jpg?resize=1536%2C2048&#038;ssl=1\" alt=\"\" width=\"1536\" height=\"2048\" srcset=\"https:\/\/i0.wp.com\/stebby.eu\/wp-content\/uploads\/2019\/08\/67563337_2317684611613344_8845479549769613312_o.jpg?w=1536&amp;ssl=1 1536w, https:\/\/i0.wp.com\/stebby.eu\/wp-content\/uploads\/2019\/08\/67563337_2317684611613344_8845479549769613312_o.jpg?resize=768%2C1024&amp;ssl=1 768w, https:\/\/i0.wp.com\/stebby.eu\/wp-content\/uploads\/2019\/08\/67563337_2317684611613344_8845479549769613312_o.jpg?resize=1152%2C1536&amp;ssl=1 1152w, https:\/\/i0.wp.com\/stebby.eu\/wp-content\/uploads\/2019\/08\/67563337_2317684611613344_8845479549769613312_o.jpg?resize=512%2C683&amp;ssl=1 512w\" sizes=\"auto, (max-width: 1536px) 100vw, 1536px\" \/><\/p>\n<p>Retsepti v\u00f5ib t\u00e4iendada ka lisades taignale tuunikalakonserv ja asetades m\u00f5ne kihi vahele suured tomativiilud. Signessa ise s\u00f5i suvik\u00f5rvitsakooki hommikus\u00f6\u00f6giks, aga lisas sinna k\u00f5rvale veel paprikas praetud muna ja kukeseeni. Tema hommikus\u00f6\u00f6ki n\u00e4ed ka blogipostituse esimesel pildil!\u00a0<\/p>\n<p>Head isu!<\/p>\n<p><img data-recalc-dims=\"1\" loading=\"lazy\" decoding=\"async\" class=\"alignnone size-full wp-image-1577\" src=\"https:\/\/i0.wp.com\/sportideas.blog\/wp-content\/uploads\/2019\/08\/68286047_2317684474946691_1104355496187396096_o.jpg?resize=1920%2C1378&#038;ssl=1\" alt=\"\" width=\"1920\" height=\"1378\" srcset=\"https:\/\/i0.wp.com\/stebby.eu\/wp-content\/uploads\/2019\/08\/68286047_2317684474946691_1104355496187396096_o.jpg?w=2048&amp;ssl=1 2048w, https:\/\/i0.wp.com\/stebby.eu\/wp-content\/uploads\/2019\/08\/68286047_2317684474946691_1104355496187396096_o.jpg?resize=768%2C551&amp;ssl=1 768w, https:\/\/i0.wp.com\/stebby.eu\/wp-content\/uploads\/2019\/08\/68286047_2317684474946691_1104355496187396096_o.jpg?resize=1920%2C1378&amp;ssl=1 1920w, https:\/\/i0.wp.com\/stebby.eu\/wp-content\/uploads\/2019\/08\/68286047_2317684474946691_1104355496187396096_o.jpg?resize=1536%2C1103&amp;ssl=1 1536w, https:\/\/i0.wp.com\/stebby.eu\/wp-content\/uploads\/2019\/08\/68286047_2317684474946691_1104355496187396096_o.jpg?resize=512%2C368&amp;ssl=1 512w\" sizes=\"auto, (max-width: 1920px) 100vw, 1920px\" \/><\/p>\n","protected":false},"excerpt":{"rendered":"","protected":false},"author":10,"featured_media":1574,"comment_status":"open","ping_status":"open","sticky":false,"template":"","format":"standard","meta":{"_jetpack_memberships_contains_paid_content":false,"footnotes":""},"categories":[30,21],"tags":[],"class_list":["post-1572","post","type-post","status-publish","format-standard","has-post-thumbnail","hentry","category-retseptid","category-toit"],"yoast_head":"<!-- This site is optimized with the Yoast SEO plugin v26.8 - https:\/\/yoast.com\/product\/yoast-seo-wordpress\/ -->\n<title>S\u00fc\u00fces saledaks: Mida teha vanaema suvik\u00f5rvitsast? - Stebby<\/title>\n<meta name=\"robots\" content=\"index, follow, max-snippet:-1, max-image-preview:large, max-video-preview:-1\" \/>\n<link rel=\"canonical\" href=\"https:\/\/stebby.eu\/et\/suues-saledaks-mida-teha-vanaema-suvikorvitsast\/\" \/>\n<meta property=\"og:locale\" content=\"et_EE\" \/>\n<meta property=\"og:type\" content=\"article\" \/>\n<meta property=\"og:title\" content=\"S\u00fc\u00fces saledaks: Mida teha vanaema suvik\u00f5rvitsast? - Stebby\" \/>\n<meta property=\"og:url\" content=\"https:\/\/stebby.eu\/et\/suues-saledaks-mida-teha-vanaema-suvikorvitsast\/\" \/>\n<meta property=\"og:site_name\" content=\"Stebby\" \/>\n<meta property=\"article:publisher\" content=\"https:\/\/www.facebook.com\/stebby\/\" \/>\n<meta property=\"article:published_time\" content=\"2019-08-06T11:12:30+00:00\" \/>\n<meta property=\"og:image\" content=\"https:\/\/stebby.eu\/wp-content\/uploads\/2019\/08\/67949613_2317684664946672_2349831067826913280_o.jpg\" \/>\n\t<meta property=\"og:image:width\" content=\"1536\" \/>\n\t<meta property=\"og:image:height\" content=\"2048\" \/>\n\t<meta property=\"og:image:type\" content=\"image\/jpeg\" \/>\n<meta name=\"author\" content=\"ando.haldna\" \/>\n<meta name=\"twitter:card\" content=\"summary_large_image\" \/>\n<meta name=\"twitter:label1\" content=\"Written by\" \/>\n\t<meta name=\"twitter:data1\" content=\"ando.haldna\" \/>\n\t<meta name=\"twitter:label2\" content=\"Est. reading time\" \/>\n\t<meta name=\"twitter:data2\" content=\"1 minut\" \/>\n<script type=\"application\/ld+json\" class=\"yoast-schema-graph\">{\"@context\":\"https:\/\/schema.org\",\"@graph\":[{\"@type\":\"Article\",\"@id\":\"https:\/\/stebby.eu\/et\/suues-saledaks-mida-teha-vanaema-suvikorvitsast\/#article\",\"isPartOf\":{\"@id\":\"https:\/\/stebby.eu\/et\/suues-saledaks-mida-teha-vanaema-suvikorvitsast\/\"},\"author\":{\"name\":\"ando.haldna\",\"@id\":\"https:\/\/stebby.eu\/#\/schema\/person\/d6c3f74d164fdb457c8de98518edbb4f\"},\"headline\":\"S\u00fc\u00fces saledaks: Mida teha vanaema suvik\u00f5rvitsast?\",\"datePublished\":\"2019-08-06T11:12:30+00:00\",\"mainEntityOfPage\":{\"@id\":\"https:\/\/stebby.eu\/et\/suues-saledaks-mida-teha-vanaema-suvikorvitsast\/\"},\"wordCount\":146,\"commentCount\":0,\"publisher\":{\"@id\":\"https:\/\/stebby.eu\/#organization\"},\"image\":{\"@id\":\"https:\/\/stebby.eu\/et\/suues-saledaks-mida-teha-vanaema-suvikorvitsast\/#primaryimage\"},\"thumbnailUrl\":\"https:\/\/i0.wp.com\/stebby.eu\/wp-content\/uploads\/2019\/08\/67949613_2317684664946672_2349831067826913280_o.jpg?fit=1536%2C2048&ssl=1\",\"articleSection\":[\"Retseptid\",\"Toit\"],\"inLanguage\":\"et\",\"potentialAction\":[{\"@type\":\"CommentAction\",\"name\":\"Comment\",\"target\":[\"https:\/\/stebby.eu\/et\/suues-saledaks-mida-teha-vanaema-suvikorvitsast\/#respond\"]}]},{\"@type\":\"WebPage\",\"@id\":\"https:\/\/stebby.eu\/et\/suues-saledaks-mida-teha-vanaema-suvikorvitsast\/\",\"url\":\"https:\/\/stebby.eu\/et\/suues-saledaks-mida-teha-vanaema-suvikorvitsast\/\",\"name\":\"S\u00fc\u00fces saledaks: Mida teha vanaema suvik\u00f5rvitsast? - Stebby\",\"isPartOf\":{\"@id\":\"https:\/\/stebby.eu\/#website\"},\"primaryImageOfPage\":{\"@id\":\"https:\/\/stebby.eu\/et\/suues-saledaks-mida-teha-vanaema-suvikorvitsast\/#primaryimage\"},\"image\":{\"@id\":\"https:\/\/stebby.eu\/et\/suues-saledaks-mida-teha-vanaema-suvikorvitsast\/#primaryimage\"},\"thumbnailUrl\":\"https:\/\/i0.wp.com\/stebby.eu\/wp-content\/uploads\/2019\/08\/67949613_2317684664946672_2349831067826913280_o.jpg?fit=1536%2C2048&ssl=1\",\"datePublished\":\"2019-08-06T11:12:30+00:00\",\"breadcrumb\":{\"@id\":\"https:\/\/stebby.eu\/et\/suues-saledaks-mida-teha-vanaema-suvikorvitsast\/#breadcrumb\"},\"inLanguage\":\"et\",\"potentialAction\":[{\"@type\":\"ReadAction\",\"target\":[\"https:\/\/stebby.eu\/et\/suues-saledaks-mida-teha-vanaema-suvikorvitsast\/\"]}]},{\"@type\":\"ImageObject\",\"inLanguage\":\"et\",\"@id\":\"https:\/\/stebby.eu\/et\/suues-saledaks-mida-teha-vanaema-suvikorvitsast\/#primaryimage\",\"url\":\"https:\/\/i0.wp.com\/stebby.eu\/wp-content\/uploads\/2019\/08\/67949613_2317684664946672_2349831067826913280_o.jpg?fit=1536%2C2048&ssl=1\",\"contentUrl\":\"https:\/\/i0.wp.com\/stebby.eu\/wp-content\/uploads\/2019\/08\/67949613_2317684664946672_2349831067826913280_o.jpg?fit=1536%2C2048&ssl=1\",\"width\":1536,\"height\":2048},{\"@type\":\"BreadcrumbList\",\"@id\":\"https:\/\/stebby.eu\/et\/suues-saledaks-mida-teha-vanaema-suvikorvitsast\/#breadcrumb\",\"itemListElement\":[{\"@type\":\"ListItem\",\"position\":1,\"name\":\"Home\",\"item\":\"https:\/\/stebby.eu\/et\/\"},{\"@type\":\"ListItem\",\"position\":2,\"name\":\"S\u00fc\u00fces saledaks: Mida teha vanaema suvik\u00f5rvitsast?\"}]},{\"@type\":\"WebSite\",\"@id\":\"https:\/\/stebby.eu\/#website\",\"url\":\"https:\/\/stebby.eu\/\",\"name\":\"Stebby\",\"description\":\"\",\"publisher\":{\"@id\":\"https:\/\/stebby.eu\/#organization\"},\"potentialAction\":[{\"@type\":\"SearchAction\",\"target\":{\"@type\":\"EntryPoint\",\"urlTemplate\":\"https:\/\/stebby.eu\/?s={search_term_string}\"},\"query-input\":{\"@type\":\"PropertyValueSpecification\",\"valueRequired\":true,\"valueName\":\"search_term_string\"}}],\"inLanguage\":\"et\"},{\"@type\":\"Organization\",\"@id\":\"https:\/\/stebby.eu\/#organization\",\"name\":\"Stebby\",\"url\":\"https:\/\/stebby.eu\/\",\"logo\":{\"@type\":\"ImageObject\",\"inLanguage\":\"et\",\"@id\":\"https:\/\/stebby.eu\/#\/schema\/logo\/image\/\",\"url\":\"https:\/\/stebby.eu\/wp-content\/uploads\/2020\/10\/stebby3-1.png\",\"contentUrl\":\"https:\/\/stebby.eu\/wp-content\/uploads\/2020\/10\/stebby3-1.png\",\"width\":256,\"height\":256,\"caption\":\"Stebby\"},\"image\":{\"@id\":\"https:\/\/stebby.eu\/#\/schema\/logo\/image\/\"},\"sameAs\":[\"https:\/\/www.facebook.com\/stebby\/\",\"https:\/\/instagram.com\/stebby.eesti\",\"https:\/\/www.linkedin.com\/company\/stebby\/\"]},{\"@type\":\"Person\",\"@id\":\"https:\/\/stebby.eu\/#\/schema\/person\/d6c3f74d164fdb457c8de98518edbb4f\",\"name\":\"ando.haldna\",\"image\":{\"@type\":\"ImageObject\",\"inLanguage\":\"et\",\"@id\":\"https:\/\/stebby.eu\/#\/schema\/person\/image\/\",\"url\":\"https:\/\/secure.gravatar.com\/avatar\/70bf464c17ff04ddfdf14f23e6dd246f?s=96&d=mm&r=g\",\"contentUrl\":\"https:\/\/secure.gravatar.com\/avatar\/70bf464c17ff04ddfdf14f23e6dd246f?s=96&d=mm&r=g\",\"caption\":\"ando.haldna\"},\"url\":\"https:\/\/stebby.eu\/et\/author\/ando-haldna\/\"}]}<\/script>\n<!-- \/ Yoast SEO plugin. -->","yoast_head_json":{"title":"S\u00fc\u00fces saledaks: Mida teha vanaema suvik\u00f5rvitsast? - Stebby","robots":{"index":"index","follow":"follow","max-snippet":"max-snippet:-1","max-image-preview":"max-image-preview:large","max-video-preview":"max-video-preview:-1"},"canonical":"https:\/\/stebby.eu\/et\/suues-saledaks-mida-teha-vanaema-suvikorvitsast\/","og_locale":"et_EE","og_type":"article","og_title":"S\u00fc\u00fces saledaks: Mida teha vanaema suvik\u00f5rvitsast? - Stebby","og_url":"https:\/\/stebby.eu\/et\/suues-saledaks-mida-teha-vanaema-suvikorvitsast\/","og_site_name":"Stebby","article_publisher":"https:\/\/www.facebook.com\/stebby\/","article_published_time":"2019-08-06T11:12:30+00:00","og_image":[{"width":1536,"height":2048,"url":"https:\/\/stebby.eu\/wp-content\/uploads\/2019\/08\/67949613_2317684664946672_2349831067826913280_o.jpg","type":"image\/jpeg"}],"author":"ando.haldna","twitter_card":"summary_large_image","twitter_misc":{"Written by":"ando.haldna","Est. reading time":"1 minut"},"schema":{"@context":"https:\/\/schema.org","@graph":[{"@type":"Article","@id":"https:\/\/stebby.eu\/et\/suues-saledaks-mida-teha-vanaema-suvikorvitsast\/#article","isPartOf":{"@id":"https:\/\/stebby.eu\/et\/suues-saledaks-mida-teha-vanaema-suvikorvitsast\/"},"author":{"name":"ando.haldna","@id":"https:\/\/stebby.eu\/#\/schema\/person\/d6c3f74d164fdb457c8de98518edbb4f"},"headline":"S\u00fc\u00fces saledaks: Mida teha vanaema suvik\u00f5rvitsast?","datePublished":"2019-08-06T11:12:30+00:00","mainEntityOfPage":{"@id":"https:\/\/stebby.eu\/et\/suues-saledaks-mida-teha-vanaema-suvikorvitsast\/"},"wordCount":146,"commentCount":0,"publisher":{"@id":"https:\/\/stebby.eu\/#organization"},"image":{"@id":"https:\/\/stebby.eu\/et\/suues-saledaks-mida-teha-vanaema-suvikorvitsast\/#primaryimage"},"thumbnailUrl":"https:\/\/i0.wp.com\/stebby.eu\/wp-content\/uploads\/2019\/08\/67949613_2317684664946672_2349831067826913280_o.jpg?fit=1536%2C2048&ssl=1","articleSection":["Retseptid","Toit"],"inLanguage":"et","potentialAction":[{"@type":"CommentAction","name":"Comment","target":["https:\/\/stebby.eu\/et\/suues-saledaks-mida-teha-vanaema-suvikorvitsast\/#respond"]}]},{"@type":"WebPage","@id":"https:\/\/stebby.eu\/et\/suues-saledaks-mida-teha-vanaema-suvikorvitsast\/","url":"https:\/\/stebby.eu\/et\/suues-saledaks-mida-teha-vanaema-suvikorvitsast\/","name":"S\u00fc\u00fces saledaks: Mida teha vanaema suvik\u00f5rvitsast? - Stebby","isPartOf":{"@id":"https:\/\/stebby.eu\/#website"},"primaryImageOfPage":{"@id":"https:\/\/stebby.eu\/et\/suues-saledaks-mida-teha-vanaema-suvikorvitsast\/#primaryimage"},"image":{"@id":"https:\/\/stebby.eu\/et\/suues-saledaks-mida-teha-vanaema-suvikorvitsast\/#primaryimage"},"thumbnailUrl":"https:\/\/i0.wp.com\/stebby.eu\/wp-content\/uploads\/2019\/08\/67949613_2317684664946672_2349831067826913280_o.jpg?fit=1536%2C2048&ssl=1","datePublished":"2019-08-06T11:12:30+00:00","breadcrumb":{"@id":"https:\/\/stebby.eu\/et\/suues-saledaks-mida-teha-vanaema-suvikorvitsast\/#breadcrumb"},"inLanguage":"et","potentialAction":[{"@type":"ReadAction","target":["https:\/\/stebby.eu\/et\/suues-saledaks-mida-teha-vanaema-suvikorvitsast\/"]}]},{"@type":"ImageObject","inLanguage":"et","@id":"https:\/\/stebby.eu\/et\/suues-saledaks-mida-teha-vanaema-suvikorvitsast\/#primaryimage","url":"https:\/\/i0.wp.com\/stebby.eu\/wp-content\/uploads\/2019\/08\/67949613_2317684664946672_2349831067826913280_o.jpg?fit=1536%2C2048&ssl=1","contentUrl":"https:\/\/i0.wp.com\/stebby.eu\/wp-content\/uploads\/2019\/08\/67949613_2317684664946672_2349831067826913280_o.jpg?fit=1536%2C2048&ssl=1","width":1536,"height":2048},{"@type":"BreadcrumbList","@id":"https:\/\/stebby.eu\/et\/suues-saledaks-mida-teha-vanaema-suvikorvitsast\/#breadcrumb","itemListElement":[{"@type":"ListItem","position":1,"name":"Home","item":"https:\/\/stebby.eu\/et\/"},{"@type":"ListItem","position":2,"name":"S\u00fc\u00fces saledaks: Mida teha vanaema suvik\u00f5rvitsast?"}]},{"@type":"WebSite","@id":"https:\/\/stebby.eu\/#website","url":"https:\/\/stebby.eu\/","name":"Stebby","description":"","publisher":{"@id":"https:\/\/stebby.eu\/#organization"},"potentialAction":[{"@type":"SearchAction","target":{"@type":"EntryPoint","urlTemplate":"https:\/\/stebby.eu\/?s={search_term_string}"},"query-input":{"@type":"PropertyValueSpecification","valueRequired":true,"valueName":"search_term_string"}}],"inLanguage":"et"},{"@type":"Organization","@id":"https:\/\/stebby.eu\/#organization","name":"Stebby","url":"https:\/\/stebby.eu\/","logo":{"@type":"ImageObject","inLanguage":"et","@id":"https:\/\/stebby.eu\/#\/schema\/logo\/image\/","url":"https:\/\/stebby.eu\/wp-content\/uploads\/2020\/10\/stebby3-1.png","contentUrl":"https:\/\/stebby.eu\/wp-content\/uploads\/2020\/10\/stebby3-1.png","width":256,"height":256,"caption":"Stebby"},"image":{"@id":"https:\/\/stebby.eu\/#\/schema\/logo\/image\/"},"sameAs":["https:\/\/www.facebook.com\/stebby\/","https:\/\/instagram.com\/stebby.eesti","https:\/\/www.linkedin.com\/company\/stebby\/"]},{"@type":"Person","@id":"https:\/\/stebby.eu\/#\/schema\/person\/d6c3f74d164fdb457c8de98518edbb4f","name":"ando.haldna","image":{"@type":"ImageObject","inLanguage":"et","@id":"https:\/\/stebby.eu\/#\/schema\/person\/image\/","url":"https:\/\/secure.gravatar.com\/avatar\/70bf464c17ff04ddfdf14f23e6dd246f?s=96&d=mm&r=g","contentUrl":"https:\/\/secure.gravatar.com\/avatar\/70bf464c17ff04ddfdf14f23e6dd246f?s=96&d=mm&r=g","caption":"ando.haldna"},"url":"https:\/\/stebby.eu\/et\/author\/ando-haldna\/"}]}},"jetpack_featured_media_url":"https:\/\/i0.wp.com\/stebby.eu\/wp-content\/uploads\/2019\/08\/67949613_2317684664946672_2349831067826913280_o.jpg?fit=1536%2C2048&ssl=1","jetpack_sharing_enabled":true,"_links":{"self":[{"href":"https:\/\/stebby.eu\/et\/wp-json\/wp\/v2\/posts\/1572","targetHints":{"allow":["GET"]}}],"collection":[{"href":"https:\/\/stebby.eu\/et\/wp-json\/wp\/v2\/posts"}],"about":[{"href":"https:\/\/stebby.eu\/et\/wp-json\/wp\/v2\/types\/post"}],"author":[{"embeddable":true,"href":"https:\/\/stebby.eu\/et\/wp-json\/wp\/v2\/users\/10"}],"replies":[{"embeddable":true,"href":"https:\/\/stebby.eu\/et\/wp-json\/wp\/v2\/comments?post=1572"}],"version-history":[{"count":0,"href":"https:\/\/stebby.eu\/et\/wp-json\/wp\/v2\/posts\/1572\/revisions"}],"wp:featuredmedia":[{"embeddable":true,"href":"https:\/\/stebby.eu\/et\/wp-json\/wp\/v2\/media\/1574"}],"wp:attachment":[{"href":"https:\/\/stebby.eu\/et\/wp-json\/wp\/v2\/media?parent=1572"}],"wp:term":[{"taxonomy":"category","embeddable":true,"href":"https:\/\/stebby.eu\/et\/wp-json\/wp\/v2\/categories?post=1572"},{"taxonomy":"post_tag","embeddable":true,"href":"https:\/\/stebby.eu\/et\/wp-json\/wp\/v2\/tags?post=1572"}],"curies":[{"name":"wp","href":"https:\/\/api.w.org\/{rel}","templated":true}]}}