{"id":1617,"date":"2019-08-14T12:01:31","date_gmt":"2019-08-14T10:01:31","guid":{"rendered":"https:\/\/sportideas.blog\/?p=1617"},"modified":"2019-08-14T12:01:31","modified_gmt":"2019-08-14T10:01:31","slug":"firmaspordi-suvespartakiaad-2019-uldvoit-laks-swedbankile","status":"publish","type":"post","link":"https:\/\/stebby.eu\/et\/firmaspordi-suvespartakiaad-2019-uldvoit-laks-swedbankile\/","title":{"rendered":"Firmaspordi Suvespartakiaad 2019 \u00fcldv\u00f5it l\u00e4ks Swedbankile!"},"content":{"rendered":"\n<div class=\"wpb_text_column wpb_content_element \">\n<div class=\"wpb_wrapper\">\n<p><b>Augustikuine Haapsalu oli firmasportlaste vastu helde, sest k\u00f5ik kolme p\u00e4eva peale planeeritud 21 spordiala said ilmataadi hurjutuste kiuste kenasti peetud. 29 ettev\u00f5tet saavad n\u00fc\u00fcd r\u00f5\u00f5mustada kontorisse&nbsp;tagasi j\u00f5udnud positiivse energiaga laetud inimeste \u00fcle.<\/b><\/p>\n<p>P\u00f5hjust oma tiimide \u00fcle uhke olla on k\u00f5igil! Ametlikud tulemused aga n\u00e4itavad, et firmade \u00fcldarvestuses noppis magusaimad punktid <b>Swedbank<\/b>, teiseks tuli&nbsp;<b>SEB&nbsp;<\/b>ning kolmandaks&nbsp;<b>Elisa Spordiklubi<\/b>. Esikuuikusse mahtusid veel&nbsp;<b>Lennuliiklusteeninduse AS<\/b>,&nbsp;<b>Orkla Eesti AS<\/b>&nbsp;ja&nbsp;<b>MT\u00dc Tallinna Lennujaama Spordiklubi<\/b>.&nbsp;<\/p>\n<p>\u00dcldarvestuse protokolliga saab l\u00e4hemalt tutvuda <a href=\"https:\/\/www.firmasport.ee\/wp-content\/uploads\/2019\/08\/Suvespartakiaad19-%C3%9Cldarvestus..pdf\" target=\"_blank\" rel=\"noopener noreferrer\">siin!<\/a><\/p>\n<p><img data-recalc-dims=\"1\" loading=\"lazy\" decoding=\"async\" class=\"alignnone size-full wp-image-1619\" src=\"https:\/\/i0.wp.com\/sportideas.blog\/wp-content\/uploads\/2019\/08\/firmasport1.jpg?resize=1024%2C683&#038;ssl=1\" alt=\"\" width=\"1024\" height=\"683\" srcset=\"https:\/\/i0.wp.com\/stebby.eu\/wp-content\/uploads\/2019\/08\/firmasport1.jpg?w=1024&amp;ssl=1 1024w, https:\/\/i0.wp.com\/stebby.eu\/wp-content\/uploads\/2019\/08\/firmasport1.jpg?resize=768%2C512&amp;ssl=1 768w, https:\/\/i0.wp.com\/stebby.eu\/wp-content\/uploads\/2019\/08\/firmasport1.jpg?resize=512%2C342&amp;ssl=1 512w\" sizes=\"auto, (max-width: 1024px) 100vw, 1024px\" \/><\/p>\n<\/div>\n<\/div>\n<div class=\"wpb_text_column wpb_content_element \">\n<div class=\"wpb_wrapper\">\n<h4><b>Suurima tiimi pani v\u00e4lja SEB&nbsp;<\/b><\/h4>\n<p>Suvespartakiaadile k\u00f5ige arvukama seltskonnaga saabunud<b>&nbsp;SEB Spordiklubi juht Merten Loss<\/b>&nbsp;t\u00f5des, et ju siis teeb firmasporti vedav seltskond midagi v\u00e4ga h\u00e4sti, et liikumist armastavate kolleegide huvi osalemise vastu \u00fcha kasvab. \u201eMeie tiimis oli kokku umbes 70 liiget, p\u00e4ris viimast numbrit ei oska kohe peast \u00f6eldagi. SEB osaleb kolmandat aastat j\u00e4rjest ning kui algul tuli inimeste veenmisega veidi rohkem vaeva n\u00e4ha, siis n\u00fc\u00fcd kui v\u00f5istlused v\u00e4lja reklaamin, paneb samal p\u00e4eval v\u00e4hemalt 30 huvilist end kohe kirja,\u201c \u00fctles Loss.&nbsp;<\/p>\n<p>Nimekiri aladest, kuhu Merten ise osalema j\u00f5udis, on muljetavaldav. \u201eSpartakiaad algas linnarogainiga, veel j\u00f5udsin kergej\u00f5ustiku non-stopile, grillima, m\u00f6lkkyt ja petanque\u2019i m\u00e4ngima, promenaadijooksule, t\u00f5ukerattasprindile, rannatennist m\u00e4ngima ja maastikurattaga s\u00f5itma,\u201c loetles ta ja lisas: \u201eSuurima emotsiooni pakkus teatejooks, kuhu panime v\u00e4lja kaks tiimi \u2013 \u00fcks v\u00f5itis ja teine j\u00e4i poodiumikohast vaid \u00fche sekundi kaugusele. Kaotasin sellele k\u00f5igele kaasa elades p\u00e4ris palju n\u00e4rvirakke, adrenaliin oli laes. Kui spartakiaadile tagasi vaadata, siis l\u00e4ks meil v\u00e4ga h\u00e4sti,\u201c \u00fctles Loss rahulolevalt.<\/p>\n<p><img data-recalc-dims=\"1\" loading=\"lazy\" decoding=\"async\" class=\"alignnone size-full wp-image-1620\" src=\"https:\/\/i0.wp.com\/sportideas.blog\/wp-content\/uploads\/2019\/08\/firmasport2.jpg?resize=1024%2C683&#038;ssl=1\" alt=\"\" width=\"1024\" height=\"683\" srcset=\"https:\/\/i0.wp.com\/stebby.eu\/wp-content\/uploads\/2019\/08\/firmasport2.jpg?w=1024&amp;ssl=1 1024w, https:\/\/i0.wp.com\/stebby.eu\/wp-content\/uploads\/2019\/08\/firmasport2.jpg?resize=768%2C512&amp;ssl=1 768w, https:\/\/i0.wp.com\/stebby.eu\/wp-content\/uploads\/2019\/08\/firmasport2.jpg?resize=512%2C342&amp;ssl=1 512w\" sizes=\"auto, (max-width: 1024px) 100vw, 1024px\" \/><\/p>\n<\/div>\n<\/div>\n<div class=\"wpb_text_column wpb_content_element \">\n<div class=\"wpb_wrapper\">\n<h4><b>Nautida osatakse nii enda kui teiste saavutusi&nbsp;&nbsp;&nbsp;<\/b><\/h4>\n<p>Suvespartakiaadil s\u00fcnnip\u00e4eva t\u00e4histanud&nbsp;<b>Swedbanki tiimi koordinaator Leho Virma<\/b> r\u00f5\u00f5mustas imelise n\u00e4dalavahetuse \u00fcle. \u201eSain oma h\u00e4llip\u00e4eva veeta v\u00e4ga heas seltskonnas ja sportlikult, midagi paremat oleks keeruline v\u00e4lja m\u00f5elda. K\u00f5ik muljed on ainult positiivsed, isegi ilmaga vedas kuni l\u00f5puni v\u00e4lja! Vahva!\u201c s\u00f5nas Virma.&nbsp;<\/p>\n<p>Lehole omaselt tundis ta r\u00f5\u00f5mu nii oma tiimi kui ka konkurentide v\u00f5itude \u00fcle. \u201eAla, mida ma ise ei teinud, aga mis sel korral k\u00f5ige rohkem k\u00f6itis, oli rammumees. K\u00e4isin ja karjusin seal p\u00e4ris paljude peale, positiivses v\u00f5tmes muidugi. Meie tiimi liige Rain Pajur kaitses vanuseklassis M40 oma esikohta juba kolmandat aastat j\u00e4rjest, mullu oli ta ainus mees, kes rammumehe raja algusest l\u00f5puni l\u00e4bis. Elamuse pakkus ka Hannes Hanim\u00e4gi Nordeast, kes tegi \u00e4ra kolm ala viiest, mis t\u00f5i talle vanuseklassis M40 teise koha. T\u00fc\u00fcp toimetas v\u00e4ga rahulikult, vahvalt ja m\u00f5nuga. Mul on tema saavutuse \u00fcle v\u00e4ga hea meel!\u201c<\/p>\n<p><img data-recalc-dims=\"1\" loading=\"lazy\" decoding=\"async\" class=\"alignnone size-full wp-image-1621\" src=\"https:\/\/i0.wp.com\/sportideas.blog\/wp-content\/uploads\/2019\/08\/firmasport3.jpg?resize=1024%2C683&#038;ssl=1\" alt=\"\" width=\"1024\" height=\"683\" srcset=\"https:\/\/i0.wp.com\/stebby.eu\/wp-content\/uploads\/2019\/08\/firmasport3.jpg?w=1024&amp;ssl=1 1024w, https:\/\/i0.wp.com\/stebby.eu\/wp-content\/uploads\/2019\/08\/firmasport3.jpg?resize=768%2C512&amp;ssl=1 768w, https:\/\/i0.wp.com\/stebby.eu\/wp-content\/uploads\/2019\/08\/firmasport3.jpg?resize=512%2C342&amp;ssl=1 512w\" sizes=\"auto, (max-width: 1024px) 100vw, 1024px\" \/><\/p>\n<\/div>\n<\/div>\n<div class=\"wpb_text_column wpb_content_element \">\n<div class=\"wpb_wrapper\">\n<h4><b>\u00d5nn v\u00f5ib naeratada ka algajatele&nbsp;<\/b><\/h4>\n<p>\u00dcldarvestuses neljandal kohal l\u00f5petanud <b>Lennuliiklusteeninduse AS<\/b>&nbsp;j\u00e4ttis vahele vaid grilliv\u00f5istluse. K\u00f5ige paremini \u00f5nnestusid neil ultimate-frisbee, disc-golf ja petanque. Viimase v\u00f5ib&nbsp;<b>Katrin Lesn\u00f5h<\/b> kinnitusel pigem algajate \u00f5nne kontole kirjutada. \u201eL\u00e4ksime osaluspunkte v\u00f5tma, aga tulime hoopis esimeseks. Mitte keegi polnud seda m\u00e4ngu varem proovinud. V\u00e4ga \u00e4ge!\u201c r\u00f5\u00f5mustas Lesn\u00f5h.&nbsp;<\/p>\n<p>Katrin Lesn\u00f5h osales Firmaspordi Suvespartakiaadil esimest korda ja Haapsallu tuli ta kolleegide \u00f5hutusel. \u201eLennuliiklusteenindusest oli v\u00e4ga \u00e4ge seltskond minemas ja kuna ettev\u00f5tmine tundus huvitav, siis otsustasin liituda. Kartsin k\u00fcll, et spartakiaadil on koos k\u00f5ik sportlased, aga tegelikult polnud hirmul alust, sest v\u00f5idust t\u00e4htsam on osav\u00f5tt,\u201c lisas ta ja lubas j\u00e4rgmisel korral taas platsis olla.&nbsp;<\/p>\n<p>Kolleeg&nbsp;<b>Robin Lilleorg<\/b> p\u00f5hjendas ultimate-frisbee ja disc-golfi v\u00f5ite \u00e4\u00e4rmise enesekindlusega. \u201eLennuliiklusteeninduses teatakse v\u00e4ga selgelt, mida lendavate asjadega peale hakata. Suutsime nendele aladele v\u00e4lja tulla k\u00f5ige tugevama koosseisuga. Oleme \u00f5nnelikud, et vastased andsid endast parima ja meie m\u00e4ng v\u00e4lja tuli,\u201c \u00fctles Lilleorg.&nbsp;<\/p>\n<p><img data-recalc-dims=\"1\" loading=\"lazy\" decoding=\"async\" class=\"alignnone size-full wp-image-1622\" src=\"https:\/\/i0.wp.com\/sportideas.blog\/wp-content\/uploads\/2019\/08\/firmasport4.jpg?resize=1024%2C683&#038;ssl=1\" alt=\"\" width=\"1024\" height=\"683\" srcset=\"https:\/\/i0.wp.com\/stebby.eu\/wp-content\/uploads\/2019\/08\/firmasport4.jpg?w=1024&amp;ssl=1 1024w, https:\/\/i0.wp.com\/stebby.eu\/wp-content\/uploads\/2019\/08\/firmasport4.jpg?resize=768%2C512&amp;ssl=1 768w, https:\/\/i0.wp.com\/stebby.eu\/wp-content\/uploads\/2019\/08\/firmasport4.jpg?resize=512%2C342&amp;ssl=1 512w\" sizes=\"auto, (max-width: 1024px) 100vw, 1024px\" \/><\/p>\n<\/div>\n<\/div>\n<div class=\"wpb_text_column wpb_content_element \">\n<div class=\"wpb_wrapper\">\n<h4><b>Spartakiaad laeb emotsionaalselt&nbsp;&nbsp;&nbsp;<\/b><\/h4>\n<p><b>Norma tiimi vedaja Marvin \u00dc\u00fcrike<\/b> osales suvespartakiaadil alles teist korda ning on spordiklubi juhtide seas \u00fcsna uus tegija. \u201eEelmine spordiklubi juht l\u00e4ks t\u00f6\u00f6lt \u00e4ra, oli vaja uut ja ma olin n\u00f5us. Inimeste motiveerimise ja tiimide komplekteerimisega on \u00fcllatavalt palju t\u00f6\u00f6d,\u201c s\u00f5nas \u00dc\u00fcrike ja lisas: \u201eFirmasport seob meeskondi ning kuna siin pole ainult sport, vaid saab ka \u00f5htuti m\u00f5nusalt \u00fcheskoos aega veeta, siis inimesed naudivad t\u00e4iega.\u201c&nbsp;<\/p>\n<p>Ettev\u00f5tete \u00fcldarvestuses saavutas Norma seitsmenda koha. \u201ePoodiumikohti saame me \u00fcldjuhul jooksualadel, Edit ja Tanel Kannel toovad sealt alati h\u00e4id punkte. P\u00fc\u00fcdsime ikka igal alal olemas olla ja endast parima anda.\u201c&nbsp;<\/p>\n<p>Emotsionaalseima m\u00f5\u00f5duv\u00f5tu osas oli \u00dc\u00fcrike SEB spordiklubi juhiga samal arvamusel. \u201eTeatejooks oli t\u00f5esti paras ulme, k\u00f5ik m\u00f6llasid ja elasid \u00fcksteisele kaasa, v\u00e4ga \u00e4ge.\u201d<\/p>\n<p><img data-recalc-dims=\"1\" loading=\"lazy\" decoding=\"async\" class=\"alignnone size-full wp-image-1623\" src=\"https:\/\/i0.wp.com\/sportideas.blog\/wp-content\/uploads\/2019\/08\/firmasport5.jpg?resize=1024%2C683&#038;ssl=1\" alt=\"\" width=\"1024\" height=\"683\" srcset=\"https:\/\/i0.wp.com\/stebby.eu\/wp-content\/uploads\/2019\/08\/firmasport5.jpg?w=1024&amp;ssl=1 1024w, https:\/\/i0.wp.com\/stebby.eu\/wp-content\/uploads\/2019\/08\/firmasport5.jpg?resize=768%2C512&amp;ssl=1 768w, https:\/\/i0.wp.com\/stebby.eu\/wp-content\/uploads\/2019\/08\/firmasport5.jpg?resize=512%2C342&amp;ssl=1 512w\" sizes=\"auto, (max-width: 1024px) 100vw, 1024px\" \/><\/p>\n<\/div>\n<\/div>\n<div class=\"wpb_text_column wpb_content_element \">\n<div class=\"wpb_wrapper\">\n<h4><b>\u00d5ige spordimees ihaldab v\u00f5itu<\/b><\/h4>\n<p><b>MT\u00dc Tallinna Lennujaama Spordiklubi&nbsp;<\/b>esindaja&nbsp;<b>Kaimo Siraki&nbsp;<\/b>jaoks kulgesid emotsioonid v\u00f5istluste edenedes t\u00f5usvas trendis. \u201eIsiklikus plaanis j\u00e4in v\u00e4ga rahule promenaadijooksuga, aga ka grillimisv\u00f5istlusega, kus sain lausa medali taskusse panna. \u00dcldjuhul meeldivad mulle siiski alad, kus v\u00f5it on v\u00e4ga selgelt ja mitte emotsionaalselt m\u00f5\u00f5detav. Lisaks sain tulemuse kirja k\u00f5ikidel Eesti Sportlikema Firmajuhi sarja kuuluvatel aladel, kuigi esialgu ma seda otseselt ei planeerinud,\u201d \u00fctles Sirak.<\/p>\n<p>Suvespartakiaadile pani Tallinna Lennujaama Spordiklubi v\u00e4lja 40 inimest. \u201eOlen selle tiimi k\u00f5rval olnud alates eelmise aasta Kuldpallist. Kui tulin, siis arutlesime juhatuses, kas klubi eesm\u00e4rk v\u00f5iks olla spordi propageerimine, v\u00f5imalikult paljude kaasamine v\u00f5i ka v\u00f5itude poole p\u00fcrgimine. Esialgu tundus, et propageerimisest piisab, aga \u00fchel hetkel tuli sportlik hasart sisse ning n\u00fc\u00fcd tahaks ikka v\u00f5ite p\u00fc\u00fcda. Lihtne pole, vastased teevad head t\u00f6\u00f6d, keegi ei maga,\u201d tunnustas spordiklubi juht konkurente.<\/p>\n<p><img data-recalc-dims=\"1\" loading=\"lazy\" decoding=\"async\" class=\"alignnone size-full wp-image-1624\" src=\"https:\/\/i0.wp.com\/sportideas.blog\/wp-content\/uploads\/2019\/08\/firmasport6.jpg?resize=1024%2C683&#038;ssl=1\" alt=\"\" width=\"1024\" height=\"683\" srcset=\"https:\/\/i0.wp.com\/stebby.eu\/wp-content\/uploads\/2019\/08\/firmasport6.jpg?w=1024&amp;ssl=1 1024w, https:\/\/i0.wp.com\/stebby.eu\/wp-content\/uploads\/2019\/08\/firmasport6.jpg?resize=768%2C512&amp;ssl=1 768w, https:\/\/i0.wp.com\/stebby.eu\/wp-content\/uploads\/2019\/08\/firmasport6.jpg?resize=512%2C342&amp;ssl=1 512w\" sizes=\"auto, (max-width: 1024px) 100vw, 1024px\" \/><\/p>\n<\/div>\n<\/div>\n<div class=\"wpb_text_column wpb_content_element \">\n<div class=\"wpb_wrapper\">\n<h4><b>Sport liidab ja pakub \u00fcllatusi&nbsp;<\/b><\/h4>\n<p><b>Ernst &amp; Young<\/b>&nbsp;j\u00e4i ettev\u00f5tete \u00fcldj\u00e4rjestuses 19. kohale, osaluspunkte koguti kolmeteistk\u00fcmnel alal. Esimest korda suvespartakiaadil osalenud&nbsp;<b>Maanus Vinni&nbsp;<\/b>kinnitas, et spordist laetud n\u00e4dalavahetus viis tema emotsioonid lakke. \u201eMina tegin kaasa pigem meeskonnaaladel,\u201d t\u00e4psustas ta. \u201eKogu Haapsallu kokku kogunenud seltskond on v\u00e4ga \u00e4ge. Olen varem kahel korral talispartakiaadil osalenud ning erinevatest ettev\u00f5tetest on tekkinud kamraadid ja v\u00f5istluskaaslased, kellelt sai ka siin m\u00f5\u00f5tu v\u00f5tta. J\u00e4rgmisel suvespartakiaadil olen kindlasti kohal,\u201d lubas Vinni.<\/p>\n<p><img data-recalc-dims=\"1\" loading=\"lazy\" decoding=\"async\" class=\"alignnone size-full wp-image-1625\" src=\"https:\/\/i0.wp.com\/sportideas.blog\/wp-content\/uploads\/2019\/08\/firmasport7.jpg?resize=1024%2C683&#038;ssl=1\" alt=\"\" width=\"1024\" height=\"683\" srcset=\"https:\/\/i0.wp.com\/stebby.eu\/wp-content\/uploads\/2019\/08\/firmasport7.jpg?w=1024&amp;ssl=1 1024w, https:\/\/i0.wp.com\/stebby.eu\/wp-content\/uploads\/2019\/08\/firmasport7.jpg?resize=768%2C512&amp;ssl=1 768w, https:\/\/i0.wp.com\/stebby.eu\/wp-content\/uploads\/2019\/08\/firmasport7.jpg?resize=512%2C342&amp;ssl=1 512w\" sizes=\"auto, (max-width: 1024px) 100vw, 1024px\" \/><\/p>\n<\/div>\n<\/div>\n<div class=\"wpb_text_column wpb_content_element \">\n<div class=\"wpb_wrapper\">\n<p>Aastaid firmaspordi v\u00f5istlusi korraldanud&nbsp;<b>SportID International&nbsp;<\/b>tiimi vedaja<b>&nbsp;Marti Soosaar<\/b> sai esimest korda suvespartakiaadist osa v\u00f5istlejana. \u201eT\u00e4navu ei korraldanud ma mitte midagi ja vaatasin spordialasid hoopis teise nurga alt. \u00dchelt alalt teisele j\u00f5udmine on tegelikult p\u00e4ris hull, paned siin ringi nagu elektrij\u00e4nes,\u201d jagas Soosaar oma muljeid. \u201eKorraldades on sul samuti kiire, aga seal on alad erinevate tiimide vahel jaotatud. Osalejana suudad rohkem ette v\u00f5tta.\u201d&nbsp;<\/p>\n<p>Soosaare isiklik parim tulemus s\u00fcndis kergej\u00f5ustiku non-stop v\u00f5istlusel, kus tal \u00f5nnestus k\u00f5ikidele teistele \u00fcsna pika puuga \u00e4ra teha. \u201eEks ma veidi arvasin, et v\u00f5in seal v\u00f5ita,\u201d muigas Soosaar ja lisas: \u201eSuurima \u00fcllatuse pakkusin iseendale hoopis promenaadijooksus, suutsin seal v\u00e4ga tugevate tegijatega \u00fches grupis olla. Kilomeetri aeg j\u00e4i alla kolme minuti ja kolmek\u00fcmne sekundi, mis on minu kohta v\u00e4ga kiire.\u201d&nbsp;<\/p>\n<p>Ettev\u00f5tte lippu hoidis tiimikaaslaste arvates k\u00f5ige k\u00f5rgemal&nbsp;<b>Liis J\u00e4rvam\u00e4gi<\/b>, kelle eesm\u00e4rk oli osaleda v\u00f5imalikult paljudel erinevatel aladel. \u201eSuvespartakiaadi eredaima emotsiooni pakkus ilmselt k\u00f5huka h\u00fcppamise v\u00f5istlus, mis oli t\u00e4itsa vahva. Mulle meeldib vastu v\u00f5tta v\u00e4ljakutseid, kuhu paljud ei l\u00e4he,\u201d \u00fctles esimest korda suvespartakiaadil osalenud J\u00e4rvam\u00e4gi.&nbsp;<\/p>\n<p><b>Mariella Oja&nbsp;<\/b>tuli kolleegidega kaasa huvist. \u201eMa ei ole sportlane, tulin Haapsallu teisi toetama ja selleks, et nendega koos ka midagi v\u00e4ljaspool kontorit teha,\u201d \u00fctles Oja, kes pani end proovile nii rammunaise rajal kui kergej\u00f5ustiku non-stopil. \u201eTulin mugavustsoonist v\u00e4lja ja v\u00f5tsin ette asju, mida ma muidu ei tee.\u201d<\/p>\n<p>Ettev\u00f5tete \u00fcldarvestuses tuli <strong>SportID International<\/strong> 12. kohale, aladest j\u00e4id vahele ultimate-frisbee, maastikurattas\u00f5it, korvpall ja k\u00f6ievedu.&nbsp;<\/p>\n<p><img data-recalc-dims=\"1\" loading=\"lazy\" decoding=\"async\" class=\"alignnone size-full wp-image-1626\" src=\"https:\/\/i0.wp.com\/sportideas.blog\/wp-content\/uploads\/2019\/08\/firmasport8.jpg?resize=1024%2C683&#038;ssl=1\" alt=\"\" width=\"1024\" height=\"683\" srcset=\"https:\/\/i0.wp.com\/stebby.eu\/wp-content\/uploads\/2019\/08\/firmasport8.jpg?w=1024&amp;ssl=1 1024w, https:\/\/i0.wp.com\/stebby.eu\/wp-content\/uploads\/2019\/08\/firmasport8.jpg?resize=768%2C512&amp;ssl=1 768w, https:\/\/i0.wp.com\/stebby.eu\/wp-content\/uploads\/2019\/08\/firmasport8.jpg?resize=512%2C342&amp;ssl=1 512w\" sizes=\"auto, (max-width: 1024px) 100vw, 1024px\" \/><\/p>\n<\/div>\n<\/div>\n<div class=\"wpb_text_column wpb_content_element \">\n<div class=\"wpb_wrapper\">\n<p><b>Eesti Firmaspordi Liidu projektijuht Taavi Kruut&nbsp;<\/b>t\u00e4nab korraldajate nimel k\u00f5iki osalejaid. \u201eN\u00e4htud ja kogetud emotsioonide skaala on \u00e4\u00e4rmiselt lai, k\u00f5ik v\u00f5istlused said kenasti peetud ning v\u00e4ljakutsed seljatatud. Vahva oli, teeme seda j\u00e4lle! Uued m\u00f5\u00f5duv\u00f5tud ei olegi \u00f5nneks enam m\u00e4gede taga \u2013 <a href=\"https:\/\/www.firmasport.ee\/sugisspartakiaad\/\">Firmaspordi S\u00fcgisspartakiaad toimub septembrikuu viimasel n\u00e4dalal Tallinnas<\/a>.\u201d<\/p>\n<p>Artikkel: <a href=\"https:\/\/www.firmasport.ee\/firmaspordi-suvespartakiaad-2019-uldvoit-laks-swedbankile\/\">Firmasport (14.08.2019)<\/a><\/p>\n<\/div>\n<\/div>\n","protected":false},"excerpt":{"rendered":"","protected":false},"author":10,"featured_media":1632,"comment_status":"open","ping_status":"open","sticky":false,"template":"","format":"standard","meta":{"_jetpack_memberships_contains_paid_content":false,"footnotes":""},"categories":[24,28],"tags":[],"class_list":["post-1617","post","type-post","status-publish","format-standard","has-post-thumbnail","hentry","category-liikumine","category-spordiyritus"],"yoast_head":"<!-- This site is optimized with the Yoast SEO plugin v26.8 - https:\/\/yoast.com\/product\/yoast-seo-wordpress\/ -->\n<title>Firmaspordi Suvespartakiaad 2019 \u00fcldv\u00f5it l\u00e4ks Swedbankile! - Stebby<\/title>\n<meta name=\"robots\" content=\"index, follow, max-snippet:-1, max-image-preview:large, max-video-preview:-1\" \/>\n<link rel=\"canonical\" href=\"https:\/\/stebby.eu\/et\/firmaspordi-suvespartakiaad-2019-uldvoit-laks-swedbankile\/\" \/>\n<meta property=\"og:locale\" content=\"et_EE\" \/>\n<meta property=\"og:type\" content=\"article\" \/>\n<meta property=\"og:title\" content=\"Firmaspordi Suvespartakiaad 2019 \u00fcldv\u00f5it l\u00e4ks Swedbankile! - Stebby\" \/>\n<meta property=\"og:url\" content=\"https:\/\/stebby.eu\/et\/firmaspordi-suvespartakiaad-2019-uldvoit-laks-swedbankile\/\" \/>\n<meta property=\"og:site_name\" content=\"Stebby\" \/>\n<meta property=\"article:publisher\" content=\"https:\/\/www.facebook.com\/stebby\/\" \/>\n<meta property=\"article:published_time\" content=\"2019-08-14T10:01:31+00:00\" \/>\n<meta property=\"og:image\" content=\"https:\/\/stebby.eu\/wp-content\/uploads\/2019\/08\/68370098_10157497332983841_7409887001664552960_o.jpg\" \/>\n\t<meta property=\"og:image:width\" content=\"2048\" \/>\n\t<meta property=\"og:image:height\" content=\"1151\" \/>\n\t<meta property=\"og:image:type\" content=\"image\/jpeg\" \/>\n<meta name=\"author\" content=\"ando.haldna\" \/>\n<meta name=\"twitter:card\" content=\"summary_large_image\" \/>\n<meta name=\"twitter:label1\" content=\"Written by\" \/>\n\t<meta name=\"twitter:data1\" content=\"ando.haldna\" \/>\n\t<meta name=\"twitter:label2\" content=\"Est. reading time\" \/>\n\t<meta name=\"twitter:data2\" content=\"7 minutit\" \/>\n<script type=\"application\/ld+json\" class=\"yoast-schema-graph\">{\"@context\":\"https:\/\/schema.org\",\"@graph\":[{\"@type\":\"Article\",\"@id\":\"https:\/\/stebby.eu\/et\/firmaspordi-suvespartakiaad-2019-uldvoit-laks-swedbankile\/#article\",\"isPartOf\":{\"@id\":\"https:\/\/stebby.eu\/et\/firmaspordi-suvespartakiaad-2019-uldvoit-laks-swedbankile\/\"},\"author\":{\"name\":\"ando.haldna\",\"@id\":\"https:\/\/stebby.eu\/#\/schema\/person\/d6c3f74d164fdb457c8de98518edbb4f\"},\"headline\":\"Firmaspordi Suvespartakiaad 2019 \u00fcldv\u00f5it l\u00e4ks Swedbankile!\",\"datePublished\":\"2019-08-14T10:01:31+00:00\",\"mainEntityOfPage\":{\"@id\":\"https:\/\/stebby.eu\/et\/firmaspordi-suvespartakiaad-2019-uldvoit-laks-swedbankile\/\"},\"wordCount\":1384,\"commentCount\":0,\"publisher\":{\"@id\":\"https:\/\/stebby.eu\/#organization\"},\"image\":{\"@id\":\"https:\/\/stebby.eu\/et\/firmaspordi-suvespartakiaad-2019-uldvoit-laks-swedbankile\/#primaryimage\"},\"thumbnailUrl\":\"https:\/\/i0.wp.com\/stebby.eu\/wp-content\/uploads\/2019\/08\/68370098_10157497332983841_7409887001664552960_o.jpg?fit=2048%2C1151&ssl=1\",\"articleSection\":[\"Liikumine\",\"Spordi\u00fcritus\"],\"inLanguage\":\"et\",\"potentialAction\":[{\"@type\":\"CommentAction\",\"name\":\"Comment\",\"target\":[\"https:\/\/stebby.eu\/et\/firmaspordi-suvespartakiaad-2019-uldvoit-laks-swedbankile\/#respond\"]}]},{\"@type\":\"WebPage\",\"@id\":\"https:\/\/stebby.eu\/et\/firmaspordi-suvespartakiaad-2019-uldvoit-laks-swedbankile\/\",\"url\":\"https:\/\/stebby.eu\/et\/firmaspordi-suvespartakiaad-2019-uldvoit-laks-swedbankile\/\",\"name\":\"Firmaspordi Suvespartakiaad 2019 \u00fcldv\u00f5it l\u00e4ks Swedbankile! - Stebby\",\"isPartOf\":{\"@id\":\"https:\/\/stebby.eu\/#website\"},\"primaryImageOfPage\":{\"@id\":\"https:\/\/stebby.eu\/et\/firmaspordi-suvespartakiaad-2019-uldvoit-laks-swedbankile\/#primaryimage\"},\"image\":{\"@id\":\"https:\/\/stebby.eu\/et\/firmaspordi-suvespartakiaad-2019-uldvoit-laks-swedbankile\/#primaryimage\"},\"thumbnailUrl\":\"https:\/\/i0.wp.com\/stebby.eu\/wp-content\/uploads\/2019\/08\/68370098_10157497332983841_7409887001664552960_o.jpg?fit=2048%2C1151&ssl=1\",\"datePublished\":\"2019-08-14T10:01:31+00:00\",\"breadcrumb\":{\"@id\":\"https:\/\/stebby.eu\/et\/firmaspordi-suvespartakiaad-2019-uldvoit-laks-swedbankile\/#breadcrumb\"},\"inLanguage\":\"et\",\"potentialAction\":[{\"@type\":\"ReadAction\",\"target\":[\"https:\/\/stebby.eu\/et\/firmaspordi-suvespartakiaad-2019-uldvoit-laks-swedbankile\/\"]}]},{\"@type\":\"ImageObject\",\"inLanguage\":\"et\",\"@id\":\"https:\/\/stebby.eu\/et\/firmaspordi-suvespartakiaad-2019-uldvoit-laks-swedbankile\/#primaryimage\",\"url\":\"https:\/\/i0.wp.com\/stebby.eu\/wp-content\/uploads\/2019\/08\/68370098_10157497332983841_7409887001664552960_o.jpg?fit=2048%2C1151&ssl=1\",\"contentUrl\":\"https:\/\/i0.wp.com\/stebby.eu\/wp-content\/uploads\/2019\/08\/68370098_10157497332983841_7409887001664552960_o.jpg?fit=2048%2C1151&ssl=1\",\"width\":2048,\"height\":1151},{\"@type\":\"BreadcrumbList\",\"@id\":\"https:\/\/stebby.eu\/et\/firmaspordi-suvespartakiaad-2019-uldvoit-laks-swedbankile\/#breadcrumb\",\"itemListElement\":[{\"@type\":\"ListItem\",\"position\":1,\"name\":\"Home\",\"item\":\"https:\/\/stebby.eu\/et\/\"},{\"@type\":\"ListItem\",\"position\":2,\"name\":\"Firmaspordi Suvespartakiaad 2019 \u00fcldv\u00f5it l\u00e4ks Swedbankile!\"}]},{\"@type\":\"WebSite\",\"@id\":\"https:\/\/stebby.eu\/#website\",\"url\":\"https:\/\/stebby.eu\/\",\"name\":\"Stebby\",\"description\":\"\",\"publisher\":{\"@id\":\"https:\/\/stebby.eu\/#organization\"},\"potentialAction\":[{\"@type\":\"SearchAction\",\"target\":{\"@type\":\"EntryPoint\",\"urlTemplate\":\"https:\/\/stebby.eu\/?s={search_term_string}\"},\"query-input\":{\"@type\":\"PropertyValueSpecification\",\"valueRequired\":true,\"valueName\":\"search_term_string\"}}],\"inLanguage\":\"et\"},{\"@type\":\"Organization\",\"@id\":\"https:\/\/stebby.eu\/#organization\",\"name\":\"Stebby\",\"url\":\"https:\/\/stebby.eu\/\",\"logo\":{\"@type\":\"ImageObject\",\"inLanguage\":\"et\",\"@id\":\"https:\/\/stebby.eu\/#\/schema\/logo\/image\/\",\"url\":\"https:\/\/stebby.eu\/wp-content\/uploads\/2020\/10\/stebby3-1.png\",\"contentUrl\":\"https:\/\/stebby.eu\/wp-content\/uploads\/2020\/10\/stebby3-1.png\",\"width\":256,\"height\":256,\"caption\":\"Stebby\"},\"image\":{\"@id\":\"https:\/\/stebby.eu\/#\/schema\/logo\/image\/\"},\"sameAs\":[\"https:\/\/www.facebook.com\/stebby\/\",\"https:\/\/instagram.com\/stebby.eesti\",\"https:\/\/www.linkedin.com\/company\/stebby\/\"]},{\"@type\":\"Person\",\"@id\":\"https:\/\/stebby.eu\/#\/schema\/person\/d6c3f74d164fdb457c8de98518edbb4f\",\"name\":\"ando.haldna\",\"image\":{\"@type\":\"ImageObject\",\"inLanguage\":\"et\",\"@id\":\"https:\/\/stebby.eu\/#\/schema\/person\/image\/\",\"url\":\"https:\/\/secure.gravatar.com\/avatar\/70bf464c17ff04ddfdf14f23e6dd246f?s=96&d=mm&r=g\",\"contentUrl\":\"https:\/\/secure.gravatar.com\/avatar\/70bf464c17ff04ddfdf14f23e6dd246f?s=96&d=mm&r=g\",\"caption\":\"ando.haldna\"},\"url\":\"https:\/\/stebby.eu\/et\/author\/ando-haldna\/\"}]}<\/script>\n<!-- \/ Yoast SEO plugin. -->","yoast_head_json":{"title":"Firmaspordi Suvespartakiaad 2019 \u00fcldv\u00f5it l\u00e4ks Swedbankile! - Stebby","robots":{"index":"index","follow":"follow","max-snippet":"max-snippet:-1","max-image-preview":"max-image-preview:large","max-video-preview":"max-video-preview:-1"},"canonical":"https:\/\/stebby.eu\/et\/firmaspordi-suvespartakiaad-2019-uldvoit-laks-swedbankile\/","og_locale":"et_EE","og_type":"article","og_title":"Firmaspordi Suvespartakiaad 2019 \u00fcldv\u00f5it l\u00e4ks Swedbankile! - Stebby","og_url":"https:\/\/stebby.eu\/et\/firmaspordi-suvespartakiaad-2019-uldvoit-laks-swedbankile\/","og_site_name":"Stebby","article_publisher":"https:\/\/www.facebook.com\/stebby\/","article_published_time":"2019-08-14T10:01:31+00:00","og_image":[{"width":2048,"height":1151,"url":"https:\/\/stebby.eu\/wp-content\/uploads\/2019\/08\/68370098_10157497332983841_7409887001664552960_o.jpg","type":"image\/jpeg"}],"author":"ando.haldna","twitter_card":"summary_large_image","twitter_misc":{"Written by":"ando.haldna","Est. reading time":"7 minutit"},"schema":{"@context":"https:\/\/schema.org","@graph":[{"@type":"Article","@id":"https:\/\/stebby.eu\/et\/firmaspordi-suvespartakiaad-2019-uldvoit-laks-swedbankile\/#article","isPartOf":{"@id":"https:\/\/stebby.eu\/et\/firmaspordi-suvespartakiaad-2019-uldvoit-laks-swedbankile\/"},"author":{"name":"ando.haldna","@id":"https:\/\/stebby.eu\/#\/schema\/person\/d6c3f74d164fdb457c8de98518edbb4f"},"headline":"Firmaspordi Suvespartakiaad 2019 \u00fcldv\u00f5it l\u00e4ks Swedbankile!","datePublished":"2019-08-14T10:01:31+00:00","mainEntityOfPage":{"@id":"https:\/\/stebby.eu\/et\/firmaspordi-suvespartakiaad-2019-uldvoit-laks-swedbankile\/"},"wordCount":1384,"commentCount":0,"publisher":{"@id":"https:\/\/stebby.eu\/#organization"},"image":{"@id":"https:\/\/stebby.eu\/et\/firmaspordi-suvespartakiaad-2019-uldvoit-laks-swedbankile\/#primaryimage"},"thumbnailUrl":"https:\/\/i0.wp.com\/stebby.eu\/wp-content\/uploads\/2019\/08\/68370098_10157497332983841_7409887001664552960_o.jpg?fit=2048%2C1151&ssl=1","articleSection":["Liikumine","Spordi\u00fcritus"],"inLanguage":"et","potentialAction":[{"@type":"CommentAction","name":"Comment","target":["https:\/\/stebby.eu\/et\/firmaspordi-suvespartakiaad-2019-uldvoit-laks-swedbankile\/#respond"]}]},{"@type":"WebPage","@id":"https:\/\/stebby.eu\/et\/firmaspordi-suvespartakiaad-2019-uldvoit-laks-swedbankile\/","url":"https:\/\/stebby.eu\/et\/firmaspordi-suvespartakiaad-2019-uldvoit-laks-swedbankile\/","name":"Firmaspordi Suvespartakiaad 2019 \u00fcldv\u00f5it l\u00e4ks Swedbankile! - Stebby","isPartOf":{"@id":"https:\/\/stebby.eu\/#website"},"primaryImageOfPage":{"@id":"https:\/\/stebby.eu\/et\/firmaspordi-suvespartakiaad-2019-uldvoit-laks-swedbankile\/#primaryimage"},"image":{"@id":"https:\/\/stebby.eu\/et\/firmaspordi-suvespartakiaad-2019-uldvoit-laks-swedbankile\/#primaryimage"},"thumbnailUrl":"https:\/\/i0.wp.com\/stebby.eu\/wp-content\/uploads\/2019\/08\/68370098_10157497332983841_7409887001664552960_o.jpg?fit=2048%2C1151&ssl=1","datePublished":"2019-08-14T10:01:31+00:00","breadcrumb":{"@id":"https:\/\/stebby.eu\/et\/firmaspordi-suvespartakiaad-2019-uldvoit-laks-swedbankile\/#breadcrumb"},"inLanguage":"et","potentialAction":[{"@type":"ReadAction","target":["https:\/\/stebby.eu\/et\/firmaspordi-suvespartakiaad-2019-uldvoit-laks-swedbankile\/"]}]},{"@type":"ImageObject","inLanguage":"et","@id":"https:\/\/stebby.eu\/et\/firmaspordi-suvespartakiaad-2019-uldvoit-laks-swedbankile\/#primaryimage","url":"https:\/\/i0.wp.com\/stebby.eu\/wp-content\/uploads\/2019\/08\/68370098_10157497332983841_7409887001664552960_o.jpg?fit=2048%2C1151&ssl=1","contentUrl":"https:\/\/i0.wp.com\/stebby.eu\/wp-content\/uploads\/2019\/08\/68370098_10157497332983841_7409887001664552960_o.jpg?fit=2048%2C1151&ssl=1","width":2048,"height":1151},{"@type":"BreadcrumbList","@id":"https:\/\/stebby.eu\/et\/firmaspordi-suvespartakiaad-2019-uldvoit-laks-swedbankile\/#breadcrumb","itemListElement":[{"@type":"ListItem","position":1,"name":"Home","item":"https:\/\/stebby.eu\/et\/"},{"@type":"ListItem","position":2,"name":"Firmaspordi Suvespartakiaad 2019 \u00fcldv\u00f5it l\u00e4ks Swedbankile!"}]},{"@type":"WebSite","@id":"https:\/\/stebby.eu\/#website","url":"https:\/\/stebby.eu\/","name":"Stebby","description":"","publisher":{"@id":"https:\/\/stebby.eu\/#organization"},"potentialAction":[{"@type":"SearchAction","target":{"@type":"EntryPoint","urlTemplate":"https:\/\/stebby.eu\/?s={search_term_string}"},"query-input":{"@type":"PropertyValueSpecification","valueRequired":true,"valueName":"search_term_string"}}],"inLanguage":"et"},{"@type":"Organization","@id":"https:\/\/stebby.eu\/#organization","name":"Stebby","url":"https:\/\/stebby.eu\/","logo":{"@type":"ImageObject","inLanguage":"et","@id":"https:\/\/stebby.eu\/#\/schema\/logo\/image\/","url":"https:\/\/stebby.eu\/wp-content\/uploads\/2020\/10\/stebby3-1.png","contentUrl":"https:\/\/stebby.eu\/wp-content\/uploads\/2020\/10\/stebby3-1.png","width":256,"height":256,"caption":"Stebby"},"image":{"@id":"https:\/\/stebby.eu\/#\/schema\/logo\/image\/"},"sameAs":["https:\/\/www.facebook.com\/stebby\/","https:\/\/instagram.com\/stebby.eesti","https:\/\/www.linkedin.com\/company\/stebby\/"]},{"@type":"Person","@id":"https:\/\/stebby.eu\/#\/schema\/person\/d6c3f74d164fdb457c8de98518edbb4f","name":"ando.haldna","image":{"@type":"ImageObject","inLanguage":"et","@id":"https:\/\/stebby.eu\/#\/schema\/person\/image\/","url":"https:\/\/secure.gravatar.com\/avatar\/70bf464c17ff04ddfdf14f23e6dd246f?s=96&d=mm&r=g","contentUrl":"https:\/\/secure.gravatar.com\/avatar\/70bf464c17ff04ddfdf14f23e6dd246f?s=96&d=mm&r=g","caption":"ando.haldna"},"url":"https:\/\/stebby.eu\/et\/author\/ando-haldna\/"}]}},"jetpack_featured_media_url":"https:\/\/i0.wp.com\/stebby.eu\/wp-content\/uploads\/2019\/08\/68370098_10157497332983841_7409887001664552960_o.jpg?fit=2048%2C1151&ssl=1","jetpack_sharing_enabled":true,"_links":{"self":[{"href":"https:\/\/stebby.eu\/et\/wp-json\/wp\/v2\/posts\/1617","targetHints":{"allow":["GET"]}}],"collection":[{"href":"https:\/\/stebby.eu\/et\/wp-json\/wp\/v2\/posts"}],"about":[{"href":"https:\/\/stebby.eu\/et\/wp-json\/wp\/v2\/types\/post"}],"author":[{"embeddable":true,"href":"https:\/\/stebby.eu\/et\/wp-json\/wp\/v2\/users\/10"}],"replies":[{"embeddable":true,"href":"https:\/\/stebby.eu\/et\/wp-json\/wp\/v2\/comments?post=1617"}],"version-history":[{"count":0,"href":"https:\/\/stebby.eu\/et\/wp-json\/wp\/v2\/posts\/1617\/revisions"}],"wp:featuredmedia":[{"embeddable":true,"href":"https:\/\/stebby.eu\/et\/wp-json\/wp\/v2\/media\/1632"}],"wp:attachment":[{"href":"https:\/\/stebby.eu\/et\/wp-json\/wp\/v2\/media?parent=1617"}],"wp:term":[{"taxonomy":"category","embeddable":true,"href":"https:\/\/stebby.eu\/et\/wp-json\/wp\/v2\/categories?post=1617"},{"taxonomy":"post_tag","embeddable":true,"href":"https:\/\/stebby.eu\/et\/wp-json\/wp\/v2\/tags?post=1617"}],"curies":[{"name":"wp","href":"https:\/\/api.w.org\/{rel}","templated":true}]}}