{"id":17912,"date":"2024-09-30T07:05:07","date_gmt":"2024-09-30T07:05:07","guid":{"rendered":"https:\/\/stebby.eu\/?p=17912"},"modified":"2024-09-30T07:05:08","modified_gmt":"2024-09-30T07:05:08","slug":"unistuste-jooks-uhisjooksmine-roman-fosti-juhtimisel","status":"publish","type":"post","link":"https:\/\/stebby.eu\/et\/unistuste-jooks-uhisjooksmine-roman-fosti-juhtimisel\/","title":{"rendered":"&#8220;Unistuste jooks&#8221; \u00fchisjooksmine Roman Fosti juhtimisel!"},"content":{"rendered":"\n<h4 class=\"has-text-align-center wp-block-heading\">Hei-hei! Juba kaks n\u00e4dalat on <a href=\"https:\/\/stebby.eu\/et\/unistustejooks\/\" target=\"_blank\" rel=\"noreferrer noopener\">heategevusliku virtuaaljooksu &#8220;Unistuste jooks&#8221;<\/a> algusest ning viimasel n\u00e4dalal on aeg teha \u00fcks suur samm l\u00f5pu suunas &#8211; tule ja jookseme \u00fcheskoos sel kolmap\u00e4eval (02.10.) J\u00e4rve metsas koos Roman Fostiga 5 kilomeetrit heategevuseks!<\/h4>\n\n\n\n<p>Virtuaaljooksu viimasel n\u00e4dalal tuleb meile appi Roman Fosti, Eesti maratonimees ja ol\u00fcmpiasportlane, kes viib l\u00e4bi 5-kilomeetrise treeningu, et saaksime \u00fcheskoos virtuaaljooksule veel viimase t\u00f5uke anda. <\/p>\n\n\n\n<h4 class=\"has-text-align-center wp-block-heading\"><strong>Kogunemine:<\/strong>\u00a0Merko maja parkla (J\u00e4rvevana 9g)<br>A<strong>eg:\u00a0<\/strong>02.10 (K) 18.00<br><strong>Distants:<\/strong>\u00a05 kilomeetrit<\/h4>\n\n\n\n<p>Unistuste jooks on heategevuslik virtuaaljooks, mille kogu piletitulu suunatakse Minu Unistuste P\u00e4ev heategevusfondi tegevusse. Seega osta heategevuslik pilet ja tule jookse v\u00f5i k\u00f5nni koos teiste osalejatega kolme n\u00e4dala jooksul v\u00e4hemalt 5 kilomeetrine distants ning oledki oma panuse andnud! Lisaks loosib Stebby k\u00f5ikide vahel auhindu ning autasustab kiiremaid.<\/p>\n\n\n\n<p><strong>Toimumisaeg:<\/strong> 16.09.-06.10.2024<br><strong>Koht: <\/strong>Seal, kus soovid!<br><strong>Distants: <\/strong>5 kilomeetrit ajav\u00f5tuga* ja ajav\u00f5tuta<br><strong>Pilet: <\/strong>15 \u20ac (ajav\u00f5tuga) ja 10 \u20ac (ajav\u00f5tuta)<\/p>\n\n\n\n<p><strong>Jooksule registreerimine:<\/strong><\/p>\n\n\n\n<p>Jooksule saab registreerida Stebby keskkonnas \u201cUnistuste jooks\u201d \u00fcritusele pileti ostes.<\/p>\n\n\n\n<p>1) Logi sisse v\u00f5i loo Stebby konto<\/p>\n\n\n\n<p>2) Osta pilet ajav\u00f5tuga v\u00f5i ajav\u00f5tuta jooksule veebist v\u00f5i \u00e4pist ja t\u00e4ida registreerimise info<\/p>\n\n\n\n<p>3) Naudi kolme n\u00e4dala jooksul (16.09.-06.10.) jooksmist v\u00f5i k\u00f5ndimist<\/p>\n\n\n\n<p>4) Sinu heategu l\u00e4heb edasi Minu Unistuste P\u00e4ev fondile ning jooks otse tervisesse!<\/p>\n\n\n\n<p>Juhendi ja t\u00e4psema info leiad jooksu kodulehelt\u00a0<a href=\"https:\/\/stebby.eu\/et\/unistustejooks\/\" target=\"_blank\" rel=\"noreferrer noopener\">stebby.eu\/et\/unistustejooks<\/a><\/p>\n","protected":false},"excerpt":{"rendered":"Hei-hei! Juba kaks n\u00e4dalat on heategevusliku virtuaaljooksu &#8220;Unistuste jooks&#8221; algusest ning viimasel n\u00e4dalal on aeg teha \u00fcks suur samm l\u00f5pu suunas &#8211; tule ja jookseme \u00fcheskoos sel kolmap\u00e4eval (02.10.) J\u00e4rve metsas koos Roman Fostiga 5 kilomeetrit heategevuseks! Virtuaaljooksu viimasel n\u00e4dalal tuleb meile appi Roman Fosti, Eesti maratonimees ja ol\u00fcmpiasportlane, kes viib l\u00e4bi 5-kilomeetrise treeningu, et&#8230;","protected":false},"author":8,"featured_media":17548,"comment_status":"open","ping_status":"open","sticky":false,"template":"","format":"standard","meta":{"_jetpack_memberships_contains_paid_content":false,"footnotes":""},"categories":[29,24,66,28,25],"tags":[],"class_list":["post-17912","post","type-post","status-publish","format-standard","has-post-thumbnail","hentry","category-elustiil","category-liikumine","category-meist","category-spordiyritus","category-tervis"],"yoast_head":"<!-- This site is optimized with the Yoast SEO plugin v26.8 - https:\/\/yoast.com\/product\/yoast-seo-wordpress\/ -->\n<title>&quot;Unistuste jooks&quot; \u00fchisjooksmine Roman Fosti juhtimisel! - Stebby<\/title>\n<meta name=\"robots\" content=\"index, follow, max-snippet:-1, max-image-preview:large, max-video-preview:-1\" \/>\n<link rel=\"canonical\" href=\"https:\/\/stebby.eu\/et\/unistuste-jooks-uhisjooksmine-roman-fosti-juhtimisel\/\" \/>\n<meta property=\"og:locale\" content=\"et_EE\" \/>\n<meta property=\"og:type\" content=\"article\" \/>\n<meta property=\"og:title\" content=\"&quot;Unistuste jooks&quot; \u00fchisjooksmine Roman Fosti juhtimisel! - Stebby\" \/>\n<meta property=\"og:description\" content=\"Hei-hei! Juba kaks n\u00e4dalat on heategevusliku virtuaaljooksu &#8220;Unistuste jooks&#8221; algusest ning viimasel n\u00e4dalal on aeg teha \u00fcks suur samm l\u00f5pu suunas &#8211; tule ja jookseme \u00fcheskoos sel kolmap\u00e4eval (02.10.) J\u00e4rve metsas koos Roman Fostiga 5 kilomeetrit heategevuseks! Virtuaaljooksu viimasel n\u00e4dalal tuleb meile appi Roman Fosti, Eesti maratonimees ja ol\u00fcmpiasportlane, kes viib l\u00e4bi 5-kilomeetrise treeningu, et...\" \/>\n<meta property=\"og:url\" content=\"https:\/\/stebby.eu\/et\/unistuste-jooks-uhisjooksmine-roman-fosti-juhtimisel\/\" \/>\n<meta property=\"og:site_name\" content=\"Stebby\" \/>\n<meta property=\"article:publisher\" content=\"https:\/\/www.facebook.com\/stebby\/\" \/>\n<meta property=\"article:published_time\" content=\"2024-09-30T07:05:07+00:00\" \/>\n<meta property=\"article:modified_time\" content=\"2024-09-30T07:05:08+00:00\" \/>\n<meta property=\"og:image\" content=\"https:\/\/stebby.eu\/wp-content\/uploads\/2024\/08\/Unistuste-pa\u0308ev-ruut-2.png\" \/>\n\t<meta property=\"og:image:width\" content=\"1080\" \/>\n\t<meta property=\"og:image:height\" content=\"1080\" \/>\n\t<meta property=\"og:image:type\" content=\"image\/png\" \/>\n<meta name=\"author\" content=\"Ott Pluum\" \/>\n<meta name=\"twitter:card\" content=\"summary_large_image\" \/>\n<meta name=\"twitter:label1\" content=\"Written by\" \/>\n\t<meta name=\"twitter:data1\" content=\"Ott Pluum\" \/>\n\t<meta name=\"twitter:label2\" content=\"Est. reading time\" \/>\n\t<meta name=\"twitter:data2\" content=\"1 minut\" \/>\n<script type=\"application\/ld+json\" class=\"yoast-schema-graph\">{\"@context\":\"https:\/\/schema.org\",\"@graph\":[{\"@type\":\"Article\",\"@id\":\"https:\/\/stebby.eu\/et\/unistuste-jooks-uhisjooksmine-roman-fosti-juhtimisel\/#article\",\"isPartOf\":{\"@id\":\"https:\/\/stebby.eu\/et\/unistuste-jooks-uhisjooksmine-roman-fosti-juhtimisel\/\"},\"author\":{\"name\":\"Ott Pluum\",\"@id\":\"https:\/\/stebby.eu\/#\/schema\/person\/d075707c7ef408365f129801314590ba\"},\"headline\":\"&#8220;Unistuste jooks&#8221; \u00fchisjooksmine Roman Fosti juhtimisel!\",\"datePublished\":\"2024-09-30T07:05:07+00:00\",\"dateModified\":\"2024-09-30T07:05:08+00:00\",\"mainEntityOfPage\":{\"@id\":\"https:\/\/stebby.eu\/et\/unistuste-jooks-uhisjooksmine-roman-fosti-juhtimisel\/\"},\"wordCount\":231,\"commentCount\":0,\"publisher\":{\"@id\":\"https:\/\/stebby.eu\/#organization\"},\"image\":{\"@id\":\"https:\/\/stebby.eu\/et\/unistuste-jooks-uhisjooksmine-roman-fosti-juhtimisel\/#primaryimage\"},\"thumbnailUrl\":\"https:\/\/i0.wp.com\/stebby.eu\/wp-content\/uploads\/2024\/08\/Unistuste-pa%CC%88ev-ruut-2.png?fit=1080%2C1080&ssl=1\",\"articleSection\":[\"Elustiil\",\"Liikumine\",\"Meist\",\"Spordi\u00fcritus\",\"Tervis\"],\"inLanguage\":\"et\",\"potentialAction\":[{\"@type\":\"CommentAction\",\"name\":\"Comment\",\"target\":[\"https:\/\/stebby.eu\/et\/unistuste-jooks-uhisjooksmine-roman-fosti-juhtimisel\/#respond\"]}]},{\"@type\":\"WebPage\",\"@id\":\"https:\/\/stebby.eu\/et\/unistuste-jooks-uhisjooksmine-roman-fosti-juhtimisel\/\",\"url\":\"https:\/\/stebby.eu\/et\/unistuste-jooks-uhisjooksmine-roman-fosti-juhtimisel\/\",\"name\":\"\\\"Unistuste jooks\\\" \u00fchisjooksmine Roman Fosti juhtimisel! - Stebby\",\"isPartOf\":{\"@id\":\"https:\/\/stebby.eu\/#website\"},\"primaryImageOfPage\":{\"@id\":\"https:\/\/stebby.eu\/et\/unistuste-jooks-uhisjooksmine-roman-fosti-juhtimisel\/#primaryimage\"},\"image\":{\"@id\":\"https:\/\/stebby.eu\/et\/unistuste-jooks-uhisjooksmine-roman-fosti-juhtimisel\/#primaryimage\"},\"thumbnailUrl\":\"https:\/\/i0.wp.com\/stebby.eu\/wp-content\/uploads\/2024\/08\/Unistuste-pa%CC%88ev-ruut-2.png?fit=1080%2C1080&ssl=1\",\"datePublished\":\"2024-09-30T07:05:07+00:00\",\"dateModified\":\"2024-09-30T07:05:08+00:00\",\"breadcrumb\":{\"@id\":\"https:\/\/stebby.eu\/et\/unistuste-jooks-uhisjooksmine-roman-fosti-juhtimisel\/#breadcrumb\"},\"inLanguage\":\"et\",\"potentialAction\":[{\"@type\":\"ReadAction\",\"target\":[\"https:\/\/stebby.eu\/et\/unistuste-jooks-uhisjooksmine-roman-fosti-juhtimisel\/\"]}]},{\"@type\":\"ImageObject\",\"inLanguage\":\"et\",\"@id\":\"https:\/\/stebby.eu\/et\/unistuste-jooks-uhisjooksmine-roman-fosti-juhtimisel\/#primaryimage\",\"url\":\"https:\/\/i0.wp.com\/stebby.eu\/wp-content\/uploads\/2024\/08\/Unistuste-pa%CC%88ev-ruut-2.png?fit=1080%2C1080&ssl=1\",\"contentUrl\":\"https:\/\/i0.wp.com\/stebby.eu\/wp-content\/uploads\/2024\/08\/Unistuste-pa%CC%88ev-ruut-2.png?fit=1080%2C1080&ssl=1\",\"width\":1080,\"height\":1080},{\"@type\":\"BreadcrumbList\",\"@id\":\"https:\/\/stebby.eu\/et\/unistuste-jooks-uhisjooksmine-roman-fosti-juhtimisel\/#breadcrumb\",\"itemListElement\":[{\"@type\":\"ListItem\",\"position\":1,\"name\":\"Home\",\"item\":\"https:\/\/stebby.eu\/et\/\"},{\"@type\":\"ListItem\",\"position\":2,\"name\":\"&#8220;Unistuste jooks&#8221; \u00fchisjooksmine Roman Fosti juhtimisel!\"}]},{\"@type\":\"WebSite\",\"@id\":\"https:\/\/stebby.eu\/#website\",\"url\":\"https:\/\/stebby.eu\/\",\"name\":\"Stebby\",\"description\":\"\",\"publisher\":{\"@id\":\"https:\/\/stebby.eu\/#organization\"},\"potentialAction\":[{\"@type\":\"SearchAction\",\"target\":{\"@type\":\"EntryPoint\",\"urlTemplate\":\"https:\/\/stebby.eu\/?s={search_term_string}\"},\"query-input\":{\"@type\":\"PropertyValueSpecification\",\"valueRequired\":true,\"valueName\":\"search_term_string\"}}],\"inLanguage\":\"et\"},{\"@type\":\"Organization\",\"@id\":\"https:\/\/stebby.eu\/#organization\",\"name\":\"Stebby\",\"url\":\"https:\/\/stebby.eu\/\",\"logo\":{\"@type\":\"ImageObject\",\"inLanguage\":\"et\",\"@id\":\"https:\/\/stebby.eu\/#\/schema\/logo\/image\/\",\"url\":\"https:\/\/stebby.eu\/wp-content\/uploads\/2020\/10\/stebby3-1.png\",\"contentUrl\":\"https:\/\/stebby.eu\/wp-content\/uploads\/2020\/10\/stebby3-1.png\",\"width\":256,\"height\":256,\"caption\":\"Stebby\"},\"image\":{\"@id\":\"https:\/\/stebby.eu\/#\/schema\/logo\/image\/\"},\"sameAs\":[\"https:\/\/www.facebook.com\/stebby\/\",\"https:\/\/instagram.com\/stebby.eesti\",\"https:\/\/www.linkedin.com\/company\/stebby\/\"]},{\"@type\":\"Person\",\"@id\":\"https:\/\/stebby.eu\/#\/schema\/person\/d075707c7ef408365f129801314590ba\",\"name\":\"Ott Pluum\",\"image\":{\"@type\":\"ImageObject\",\"inLanguage\":\"et\",\"@id\":\"https:\/\/stebby.eu\/#\/schema\/person\/image\/\",\"url\":\"https:\/\/secure.gravatar.com\/avatar\/46468cbf7d3c28776ed7bfc82bc18488?s=96&d=mm&r=g\",\"contentUrl\":\"https:\/\/secure.gravatar.com\/avatar\/46468cbf7d3c28776ed7bfc82bc18488?s=96&d=mm&r=g\",\"caption\":\"Ott Pluum\"},\"url\":\"https:\/\/stebby.eu\/et\/author\/ottpluum\/\"}]}<\/script>\n<!-- \/ Yoast SEO plugin. -->","yoast_head_json":{"title":"\"Unistuste jooks\" \u00fchisjooksmine Roman Fosti juhtimisel! - Stebby","robots":{"index":"index","follow":"follow","max-snippet":"max-snippet:-1","max-image-preview":"max-image-preview:large","max-video-preview":"max-video-preview:-1"},"canonical":"https:\/\/stebby.eu\/et\/unistuste-jooks-uhisjooksmine-roman-fosti-juhtimisel\/","og_locale":"et_EE","og_type":"article","og_title":"\"Unistuste jooks\" \u00fchisjooksmine Roman Fosti juhtimisel! - Stebby","og_description":"Hei-hei! Juba kaks n\u00e4dalat on heategevusliku virtuaaljooksu &#8220;Unistuste jooks&#8221; algusest ning viimasel n\u00e4dalal on aeg teha \u00fcks suur samm l\u00f5pu suunas &#8211; tule ja jookseme \u00fcheskoos sel kolmap\u00e4eval (02.10.) J\u00e4rve metsas koos Roman Fostiga 5 kilomeetrit heategevuseks! Virtuaaljooksu viimasel n\u00e4dalal tuleb meile appi Roman Fosti, Eesti maratonimees ja ol\u00fcmpiasportlane, kes viib l\u00e4bi 5-kilomeetrise treeningu, et...","og_url":"https:\/\/stebby.eu\/et\/unistuste-jooks-uhisjooksmine-roman-fosti-juhtimisel\/","og_site_name":"Stebby","article_publisher":"https:\/\/www.facebook.com\/stebby\/","article_published_time":"2024-09-30T07:05:07+00:00","article_modified_time":"2024-09-30T07:05:08+00:00","og_image":[{"width":1080,"height":1080,"url":"https:\/\/stebby.eu\/wp-content\/uploads\/2024\/08\/Unistuste-pa\u0308ev-ruut-2.png","type":"image\/png"}],"author":"Ott Pluum","twitter_card":"summary_large_image","twitter_misc":{"Written by":"Ott Pluum","Est. reading time":"1 minut"},"schema":{"@context":"https:\/\/schema.org","@graph":[{"@type":"Article","@id":"https:\/\/stebby.eu\/et\/unistuste-jooks-uhisjooksmine-roman-fosti-juhtimisel\/#article","isPartOf":{"@id":"https:\/\/stebby.eu\/et\/unistuste-jooks-uhisjooksmine-roman-fosti-juhtimisel\/"},"author":{"name":"Ott Pluum","@id":"https:\/\/stebby.eu\/#\/schema\/person\/d075707c7ef408365f129801314590ba"},"headline":"&#8220;Unistuste jooks&#8221; \u00fchisjooksmine Roman Fosti juhtimisel!","datePublished":"2024-09-30T07:05:07+00:00","dateModified":"2024-09-30T07:05:08+00:00","mainEntityOfPage":{"@id":"https:\/\/stebby.eu\/et\/unistuste-jooks-uhisjooksmine-roman-fosti-juhtimisel\/"},"wordCount":231,"commentCount":0,"publisher":{"@id":"https:\/\/stebby.eu\/#organization"},"image":{"@id":"https:\/\/stebby.eu\/et\/unistuste-jooks-uhisjooksmine-roman-fosti-juhtimisel\/#primaryimage"},"thumbnailUrl":"https:\/\/i0.wp.com\/stebby.eu\/wp-content\/uploads\/2024\/08\/Unistuste-pa%CC%88ev-ruut-2.png?fit=1080%2C1080&ssl=1","articleSection":["Elustiil","Liikumine","Meist","Spordi\u00fcritus","Tervis"],"inLanguage":"et","potentialAction":[{"@type":"CommentAction","name":"Comment","target":["https:\/\/stebby.eu\/et\/unistuste-jooks-uhisjooksmine-roman-fosti-juhtimisel\/#respond"]}]},{"@type":"WebPage","@id":"https:\/\/stebby.eu\/et\/unistuste-jooks-uhisjooksmine-roman-fosti-juhtimisel\/","url":"https:\/\/stebby.eu\/et\/unistuste-jooks-uhisjooksmine-roman-fosti-juhtimisel\/","name":"\"Unistuste jooks\" \u00fchisjooksmine Roman Fosti juhtimisel! - Stebby","isPartOf":{"@id":"https:\/\/stebby.eu\/#website"},"primaryImageOfPage":{"@id":"https:\/\/stebby.eu\/et\/unistuste-jooks-uhisjooksmine-roman-fosti-juhtimisel\/#primaryimage"},"image":{"@id":"https:\/\/stebby.eu\/et\/unistuste-jooks-uhisjooksmine-roman-fosti-juhtimisel\/#primaryimage"},"thumbnailUrl":"https:\/\/i0.wp.com\/stebby.eu\/wp-content\/uploads\/2024\/08\/Unistuste-pa%CC%88ev-ruut-2.png?fit=1080%2C1080&ssl=1","datePublished":"2024-09-30T07:05:07+00:00","dateModified":"2024-09-30T07:05:08+00:00","breadcrumb":{"@id":"https:\/\/stebby.eu\/et\/unistuste-jooks-uhisjooksmine-roman-fosti-juhtimisel\/#breadcrumb"},"inLanguage":"et","potentialAction":[{"@type":"ReadAction","target":["https:\/\/stebby.eu\/et\/unistuste-jooks-uhisjooksmine-roman-fosti-juhtimisel\/"]}]},{"@type":"ImageObject","inLanguage":"et","@id":"https:\/\/stebby.eu\/et\/unistuste-jooks-uhisjooksmine-roman-fosti-juhtimisel\/#primaryimage","url":"https:\/\/i0.wp.com\/stebby.eu\/wp-content\/uploads\/2024\/08\/Unistuste-pa%CC%88ev-ruut-2.png?fit=1080%2C1080&ssl=1","contentUrl":"https:\/\/i0.wp.com\/stebby.eu\/wp-content\/uploads\/2024\/08\/Unistuste-pa%CC%88ev-ruut-2.png?fit=1080%2C1080&ssl=1","width":1080,"height":1080},{"@type":"BreadcrumbList","@id":"https:\/\/stebby.eu\/et\/unistuste-jooks-uhisjooksmine-roman-fosti-juhtimisel\/#breadcrumb","itemListElement":[{"@type":"ListItem","position":1,"name":"Home","item":"https:\/\/stebby.eu\/et\/"},{"@type":"ListItem","position":2,"name":"&#8220;Unistuste jooks&#8221; \u00fchisjooksmine Roman Fosti juhtimisel!"}]},{"@type":"WebSite","@id":"https:\/\/stebby.eu\/#website","url":"https:\/\/stebby.eu\/","name":"Stebby","description":"","publisher":{"@id":"https:\/\/stebby.eu\/#organization"},"potentialAction":[{"@type":"SearchAction","target":{"@type":"EntryPoint","urlTemplate":"https:\/\/stebby.eu\/?s={search_term_string}"},"query-input":{"@type":"PropertyValueSpecification","valueRequired":true,"valueName":"search_term_string"}}],"inLanguage":"et"},{"@type":"Organization","@id":"https:\/\/stebby.eu\/#organization","name":"Stebby","url":"https:\/\/stebby.eu\/","logo":{"@type":"ImageObject","inLanguage":"et","@id":"https:\/\/stebby.eu\/#\/schema\/logo\/image\/","url":"https:\/\/stebby.eu\/wp-content\/uploads\/2020\/10\/stebby3-1.png","contentUrl":"https:\/\/stebby.eu\/wp-content\/uploads\/2020\/10\/stebby3-1.png","width":256,"height":256,"caption":"Stebby"},"image":{"@id":"https:\/\/stebby.eu\/#\/schema\/logo\/image\/"},"sameAs":["https:\/\/www.facebook.com\/stebby\/","https:\/\/instagram.com\/stebby.eesti","https:\/\/www.linkedin.com\/company\/stebby\/"]},{"@type":"Person","@id":"https:\/\/stebby.eu\/#\/schema\/person\/d075707c7ef408365f129801314590ba","name":"Ott Pluum","image":{"@type":"ImageObject","inLanguage":"et","@id":"https:\/\/stebby.eu\/#\/schema\/person\/image\/","url":"https:\/\/secure.gravatar.com\/avatar\/46468cbf7d3c28776ed7bfc82bc18488?s=96&d=mm&r=g","contentUrl":"https:\/\/secure.gravatar.com\/avatar\/46468cbf7d3c28776ed7bfc82bc18488?s=96&d=mm&r=g","caption":"Ott Pluum"},"url":"https:\/\/stebby.eu\/et\/author\/ottpluum\/"}]}},"jetpack_featured_media_url":"https:\/\/i0.wp.com\/stebby.eu\/wp-content\/uploads\/2024\/08\/Unistuste-pa%CC%88ev-ruut-2.png?fit=1080%2C1080&ssl=1","jetpack_sharing_enabled":true,"_links":{"self":[{"href":"https:\/\/stebby.eu\/et\/wp-json\/wp\/v2\/posts\/17912","targetHints":{"allow":["GET"]}}],"collection":[{"href":"https:\/\/stebby.eu\/et\/wp-json\/wp\/v2\/posts"}],"about":[{"href":"https:\/\/stebby.eu\/et\/wp-json\/wp\/v2\/types\/post"}],"author":[{"embeddable":true,"href":"https:\/\/stebby.eu\/et\/wp-json\/wp\/v2\/users\/8"}],"replies":[{"embeddable":true,"href":"https:\/\/stebby.eu\/et\/wp-json\/wp\/v2\/comments?post=17912"}],"version-history":[{"count":1,"href":"https:\/\/stebby.eu\/et\/wp-json\/wp\/v2\/posts\/17912\/revisions"}],"predecessor-version":[{"id":17913,"href":"https:\/\/stebby.eu\/et\/wp-json\/wp\/v2\/posts\/17912\/revisions\/17913"}],"wp:featuredmedia":[{"embeddable":true,"href":"https:\/\/stebby.eu\/et\/wp-json\/wp\/v2\/media\/17548"}],"wp:attachment":[{"href":"https:\/\/stebby.eu\/et\/wp-json\/wp\/v2\/media?parent=17912"}],"wp:term":[{"taxonomy":"category","embeddable":true,"href":"https:\/\/stebby.eu\/et\/wp-json\/wp\/v2\/categories?post=17912"},{"taxonomy":"post_tag","embeddable":true,"href":"https:\/\/stebby.eu\/et\/wp-json\/wp\/v2\/tags?post=17912"}],"curies":[{"name":"wp","href":"https:\/\/api.w.org\/{rel}","templated":true}]}}