{"id":18520,"date":"2025-03-03T09:45:00","date_gmt":"2025-03-03T09:45:00","guid":{"rendered":"https:\/\/stebby.eu\/?p=18520"},"modified":"2025-03-03T09:45:01","modified_gmt":"2025-03-03T09:45:01","slug":"stebby-turundusjuht-iga-tootaja-on-erinev-ja-vajab-erinevat-hoolt","status":"publish","type":"post","link":"https:\/\/stebby.eu\/et\/stebby-turundusjuht-iga-tootaja-on-erinev-ja-vajab-erinevat-hoolt\/","title":{"rendered":"Stebby turundusjuht: Iga t\u00f6\u00f6taja on erinev ja vajab erinevat hoolt"},"content":{"rendered":"\n<p>Spordikompensatsioonist oled kuulnud? Kui jah, siis arvatavasti oled kuulnud ka Unistuste T\u00f6\u00f6andja 2025 konkursil finaali j\u00f5udnud <a href=\"https:\/\/stebby.eu\/\">Stebby keskkonnast<\/a>. Stebby veebi taha on kogunenud tegelikult 50-liikmeline tiim, kes \u00fcle Baltikumi samm-sammu haaval igasse ettev\u00f5ttesse ja s\u00fcdamesse heaolu tahavad sisendada. Kuidas siduda pigem noores ettev\u00f5ttes omavahel noored ja vanad, lai tervisevaldkond, erinevad riigid ning t\u00f6\u00f6tajate isiklikud v\u00e4\u00e4rtused \u00fchtseks missiooniks ja l\u00f6\u00f6girusikaks? Stebby turundusjuht Kristiina Tamm on olnud osa ja tunnetanud seda, kuidas ettev\u00f5tte sidumine sisemiselt aitab kaasa kogu kollektiivi arengule ja suurema loo edule.\u00a0<\/p>\n\n\n\n<p><strong>Stebby salajane koostis<em> <\/em>on inimesed<\/strong><\/p>\n\n\n\n<p>\u201cKui Stebby inimesi peaks l\u00fchidalt kirjeldama, siis \u00fchtegi sarnast me ei leia &#8211; v\u00e4lja arvatud \u00fcks paar vendasid, kes ikkagi on t\u00e4itsa oman\u00e4olised tegijad. K\u00f5igil on oma n\u00e4gemus ja iseloom, mille head ja veel paremad k\u00fcljed kombineeruvad huvitaval kombel parajaks seguks teistega kokku,\u201d kirjeldab Tamm Stebby t\u00f6\u00f6tajaid, keda omakeskis kutsutakse Stebbianideks.<\/p>\n\n\n\n<p>Stebby inimeste v\u00e4\u00e4rtus avanebki parimal moel kiiksudes ja ekspertarvamustes ning kuna tegu on v\u00f5rdlemisi noore kollektiiviga, mille keskmine vanus ei \u00fcleta 30. eluaastat ja meeste ning naiste osakaal on balansis, siis k\u00f5igi h\u00e4\u00e4l ongi v\u00f5rdselt kuuldav.<\/p>\n\n\n\n<p>Entusiasmi jagub aga nii uutele tulijatele kui vanadele olijatele &#8211; v\u00e4hene kollektiivi liikuvus annab m\u00e4rku, et seistakse \u00fchiste eesm\u00e4rkide eest, et iga-aastane areng oleks j\u00e4tkuv. Ja seda on ka \u00e4riline kasv olnud &#8211; Stebby on j\u00f5udsalt iga aastaga numbreid t\u00f5stnud ning l\u00f5ppenud 2024. aasta ei olnud samuti erand.<\/p>\n\n\n\n<p>\u201cSelleks, et efektiivsus ja tuhin tiimides aga seisma ei j\u00e4\u00e4ks, pidime m\u00f5ned aastad tagasi m\u00f5tteviisilt muutuma. Uuenenud p\u00f5him\u00f5tted annavad ettev\u00f5ttesiseselt palju juurde &#8211; juhul, kui muutustega kaasa tullakse. Kui ei, siis on need muutused lihtsalt ilusad, aga t\u00fchjad PR ja personalijuhi sloganid,\u201d s\u00f5nab turundusjuht.<\/p>\n\n\n\n<figure class=\"wp-block-image size-large\"><img data-recalc-dims=\"1\" loading=\"lazy\" decoding=\"async\" width=\"1920\" height=\"1280\" src=\"https:\/\/i0.wp.com\/stebby.eu\/wp-content\/uploads\/2025\/03\/JC_-04627-1.jpg?resize=1920%2C1280&#038;ssl=1\" alt=\"\" class=\"wp-image-18521\" srcset=\"https:\/\/i0.wp.com\/stebby.eu\/wp-content\/uploads\/2025\/03\/JC_-04627-1-scaled.jpg?resize=1920%2C1280&amp;ssl=1 1920w, https:\/\/i0.wp.com\/stebby.eu\/wp-content\/uploads\/2025\/03\/JC_-04627-1-scaled.jpg?resize=768%2C512&amp;ssl=1 768w, https:\/\/i0.wp.com\/stebby.eu\/wp-content\/uploads\/2025\/03\/JC_-04627-1-scaled.jpg?resize=1536%2C1024&amp;ssl=1 1536w, https:\/\/i0.wp.com\/stebby.eu\/wp-content\/uploads\/2025\/03\/JC_-04627-1-scaled.jpg?resize=2048%2C1366&amp;ssl=1 2048w, https:\/\/i0.wp.com\/stebby.eu\/wp-content\/uploads\/2025\/03\/JC_-04627-1-scaled.jpg?resize=512%2C341&amp;ssl=1 512w\" sizes=\"auto, (max-width: 1920px) 100vw, 1920px\" \/><\/figure>\n\n\n\n<p><strong>\u00dchine kursimuutus ja pingutus, et leida ettev\u00f5tte v\u00e4\u00e4rtus<\/strong><\/p>\n\n\n\n<p>Stebby, ehk algselt start-upina alustanud SportID, muutis oma v\u00e4list n\u00e4gu ligi viis aastat tagasi, kui m\u00f5isteti, et platvormi ja teejuhina ei tegeleta ainult spordipisiku jagamisega, vaid \u00fcldise heaolu ja tervisega laiemalt. See n\u00f5udis paljude kasutajate jaoks k\u00fcll harjumist, kuid Stebby on n\u00fc\u00fcdseks juba tuttav kodukasutatav nimi heaolust ja tervisekompensatsioonist r\u00e4\u00e4kides.<\/p>\n\n\n\n<p>Stebby edukus on t\u00f5usnud v\u00e4ljapoole heaolu mitmek\u00fclgse valiku, lihtsa k\u00e4ttesaadavuse ja ka h\u00e4\u00e4lekandjana, kuid ettev\u00f5tte enda suuna seadmiseks oli vajadus luua t\u00f6\u00f6ajatega \u00fchine arusaam p\u00f5him\u00f5tetest, mille eest seistakse ja edasi kantakse.<\/p>\n\n\n\n<p>Kui \u00fcldiselt tuleb missioon, visioon ja v\u00e4\u00e4rtused ettev\u00f5ttesse v\u00e4liste konsultantide, agentuuride v\u00f5i muidu teadjamate vahendusel, siis Stebbys mindi m\u00f6\u00f6da keerukamat teed &#8211; ise oma lugu otsides. \u201cKuna Stebby t\u00f6\u00f6tajad on ise samuti ettev\u00f5tte h\u00e4\u00e4lekandjad, siis nende kaasamine tuleviku kujundamisse ja v\u00e4\u00e4rtuste loomisesse oli m\u00f6\u00f6dap\u00e4\u00e4smatu. Selle k\u00f5igega turundus- ja personalitiimi vedamisel alustamine oli aga paras teadmatusesse astumine &#8211; oli idee, mida vaja on, kuid kuidas seda teha, oli l\u00e4bik\u00e4imata tee,\u201d kirjeldab esialgset seisu Tamm.<\/p>\n\n\n\n<p>Kui v\u00f5iks arvata, et t\u00f6\u00f6tajate arvamuse kaasamine on \u00fcks infokiri k\u00f5igile ja nende m\u00f5nest vastusest k\u00f5ige uue loomine, siis nii see ei olnud.\u00a0<\/p>\n\n\n\n<p>Stebby kommunikatsiooni ja v\u00e4\u00e4rtuste loome juures igal sammul olnud kommunikatsioonijuht Ott Pluumi s\u00f5nul tasub sellise projektiga alustades ettev\u00f5ttes k\u00f5vasti aega varuda: \u201cProtsess algas esiteks ettev\u00f5tte strateegiap\u00e4eval Stebby olemuse ja soovide kaardistamisega l\u00e4bi iga t\u00f6\u00f6taja isikliku vaatepunkti ning lihtsate m\u00e4rks\u00f5nade. L\u00e4bi nende hindamise ja anal\u00fc\u00fcsi sai alles aru, mida me p\u00e4riselt v\u00e4\u00e4rtustame &#8211; ja needki on vaid esialgu eraldiseisvad iseloomujooned. Need \u00fcksikud s\u00f5nad aga ilma seletuseta ei anna endiselt midagi edasi. Vaja oli luua tugev kuvand neile moodustistele.\u201d<\/p>\n\n\n\n<p>Olgugi, et t\u00f6\u00f6tajaid on v\u00f5rdlemisi palju, v\u00f5eti nad ikka igal sammul kaasa ja anti aega m\u00f5tete seedimiseks &#8211; kui igast m\u00e4rks\u00f5nast moodustusid v\u00e4\u00e4rtuslaused ja neist omakorda defineeritud v\u00e4\u00e4rtused, said t\u00f6\u00f6tajad h\u00e4\u00e4letada oma lemmikute poolt, mis resoneerisid just isiklike v\u00e4\u00e4rtusega enim. Seega s\u00fcndisid k\u00f5igi panusega demokraatlikud Stebby <a href=\"https:\/\/stebby.eu\/join-our-team\/\">v\u00e4\u00e4rtused<\/a>, <a href=\"https:\/\/stebby.eu\/about-us\/\">missioon ja visioon<\/a>. Kogu protsess v\u00f5ttis aega terve aasta, kuid osalus oli igas faasis \u00fcle 80% k\u00f5igist t\u00f6\u00f6tajatest.<\/p>\n\n\n\n<p><strong>T\u00e4nu positiivsetele p\u00f5him\u00f5tetele oled tahetud t\u00f6\u00f6andja<\/strong><\/p>\n\n\n\n<p>T\u00e4naseni on loodud v\u00e4\u00e4rtused igap\u00e4evaselt t\u00f6\u00f6tajate m\u00f5tteis kaasas ning soovijaid Stebby kollektiiviga liitumiseks on \u00fcha rohkem.<\/p>\n\n\n\n<p>\u201cSuutsime luua Stebby br\u00e4ndist loo, mis on t\u00f6\u00f6tajatele oma, kuid paistab ka v\u00e4ljapoole unikaalse ja s\u00e4ravana. Seda on n\u00e4ha sooviavaldustes Stebbys t\u00f6\u00f6koht leida v\u00f5i luua koost\u00f6\u00f6s midagi unikaalset. M\u00f5ned laused paberil ehk visioon, missioon ja v\u00e4\u00e4rtused on br\u00e4ndi juures v\u00f5ib-olla k\u00f5ige t\u00e4htsamgi osa, sest selle j\u00e4rgi joondub kogu ettev\u00f5te,\u201d r\u00f5hutab turundusjuht Tamm.<\/p>\n\n\n\n<figure class=\"wp-block-image size-large\"><img data-recalc-dims=\"1\" loading=\"lazy\" decoding=\"async\" width=\"1920\" height=\"2560\" src=\"https:\/\/i0.wp.com\/stebby.eu\/wp-content\/uploads\/2025\/03\/IMG_4370-1.jpg?resize=1920%2C2560&#038;ssl=1\" alt=\"\" class=\"wp-image-18526\" srcset=\"https:\/\/i0.wp.com\/stebby.eu\/wp-content\/uploads\/2025\/03\/IMG_4370-1-scaled.jpg?w=1920&amp;ssl=1 1920w, https:\/\/i0.wp.com\/stebby.eu\/wp-content\/uploads\/2025\/03\/IMG_4370-1-scaled.jpg?resize=768%2C1024&amp;ssl=1 768w, https:\/\/i0.wp.com\/stebby.eu\/wp-content\/uploads\/2025\/03\/IMG_4370-1-scaled.jpg?resize=1152%2C1536&amp;ssl=1 1152w, https:\/\/i0.wp.com\/stebby.eu\/wp-content\/uploads\/2025\/03\/IMG_4370-1-scaled.jpg?resize=1536%2C2048&amp;ssl=1 1536w, https:\/\/i0.wp.com\/stebby.eu\/wp-content\/uploads\/2025\/03\/IMG_4370-1-scaled.jpg?resize=512%2C683&amp;ssl=1 512w\" sizes=\"auto, (max-width: 1920px) 100vw, 1920px\" \/><\/figure>\n\n\n\n<p><strong>Iga probleem on juhtimisprobleem<\/strong><\/p>\n\n\n\n<p>\u00dckski ettev\u00f5te ei toimi \u00f5litatult ning alati on ruumi arenguks. Stebby viimase kahe aasta suund on olnud \u00fchtlase laienemisega koolitada tugevaks ka keskastme ja juhatuse tasemel juhte.<\/p>\n\n\n\n<p>\u201cOleme v\u00f5tnud omaks lause <em>every problem is a leadership problem<\/em> ehk iga madalseisu v\u00f5i puudust saab arendada l\u00e4bi juhi. Olgu see tema kuulamis-, n\u00e4gemis-, lahendamisoskus v\u00f5i \u00fcldine side k\u00f5ikide teiste t\u00f6\u00f6tajatega. Liiga palju p\u00f6\u00f6ratakse t\u00e4helepanu t\u00f6\u00f6tajatele ning mitte juhtide v\u00f5imalikele tugevustele ja puudustele, mis v\u00f5ib l\u00f5ppeda ebaefektiivse kommunikatsiooni ja negatiivsete tunnetega risti l\u00e4bi ettev\u00f5tte. Ettev\u00f5tte heaolust s\u00f5ltub t\u00f6\u00f6tajate heaolu nii t\u00f6\u00f6l kui kodus &#8211; selle nimel peab t\u00f6\u00f6d tegema nii juht kui tema kolleeg,\u201d kirjeldab Tamm.<\/p>\n\n\n\n<p>Stebbys on juhid kogenud nii individuaalset arengut kui tiimikoolitusi Combat Ready, Kaido Pajumaa jt koolitajate k\u00e4e all ning m\u00f5istnud, et k\u00f5igil on kohti arenguks &#8211; see on aidanud paremini suhestuda k\u00f5ikide t\u00f6\u00f6tajatega, et olla samal lainel.<\/p>\n\n\n\n<p><strong>Iga Stebbian on kui Stebby h\u00e4\u00e4lekandja<\/strong><\/p>\n\n\n\n<p>Tamme s\u00f5nul on igal t\u00f6\u00f6tajal oma roll heaolu edasi kandmisel &#8211; seni ei ole olnud juhtumit, kus t\u00f6\u00f6taja ei n\u00f5ustuks meie visiooniga olla heaolu h\u00e4\u00e4lekandja (<em>Voice of Wellness<\/em>).<\/p>\n\n\n\n<p>Iga t\u00f6\u00f6taja n\u00e4eb oma heaolu erinevalt ja sellega peaksid paljud ettev\u00f5tete juhid ja personaliinimesed juba ammu arvestama. \u201cKui varem oli kollektiivi \u00f5nnelikuna hoidmise lahendus pitsa ja puuviljad, siis Stebby n\u00e4itel on meil 50 inimesega 50 erinevat heaolutassi t\u00e4ita. Iga t\u00f6\u00f6taja on erinev ja vajab erinevat hoolt,\u201d lisab Tamm.<\/p>\n\n\n\n<p>Stebbyst leiab nii maratonijooksjaid, korvpallureid, m\u00e4lum\u00e4ngureid kui ka tervisliku toitumise f\u00e4nne &#8211; k\u00f5igile on vaja pakkuda paindlikku lahendust, et ettev\u00f5te saaks sellest ise samuti tagasi v\u00f5ita. Selleks v\u00f5ib olla v\u00e4henenud haigusp\u00e4evad, efektiivsem t\u00f6\u00f6keskkond ning t\u00f6\u00f6taja emotsionaalne side, et temast hoolitakse t\u00f6\u00f6kohal.<\/p>\n\n\n\n<figure class=\"wp-block-image size-large\"><img data-recalc-dims=\"1\" loading=\"lazy\" decoding=\"async\" width=\"1920\" height=\"1280\" src=\"https:\/\/i0.wp.com\/stebby.eu\/wp-content\/uploads\/2025\/03\/JC_-4291-1.jpg?resize=1920%2C1280&#038;ssl=1\" alt=\"\" class=\"wp-image-18531\" srcset=\"https:\/\/i0.wp.com\/stebby.eu\/wp-content\/uploads\/2025\/03\/JC_-4291-1-scaled.jpg?resize=1920%2C1280&amp;ssl=1 1920w, https:\/\/i0.wp.com\/stebby.eu\/wp-content\/uploads\/2025\/03\/JC_-4291-1-scaled.jpg?resize=768%2C512&amp;ssl=1 768w, https:\/\/i0.wp.com\/stebby.eu\/wp-content\/uploads\/2025\/03\/JC_-4291-1-scaled.jpg?resize=1536%2C1024&amp;ssl=1 1536w, https:\/\/i0.wp.com\/stebby.eu\/wp-content\/uploads\/2025\/03\/JC_-4291-1-scaled.jpg?resize=2048%2C1366&amp;ssl=1 2048w, https:\/\/i0.wp.com\/stebby.eu\/wp-content\/uploads\/2025\/03\/JC_-4291-1-scaled.jpg?resize=512%2C341&amp;ssl=1 512w\" sizes=\"auto, (max-width: 1920px) 100vw, 1920px\" \/><\/figure>\n\n\n\n<p><strong>Tee oma t\u00f6\u00f6tajast ettev\u00f5tte f\u00e4nn<\/strong><\/p>\n\n\n\n<p>Kui t\u00f6\u00f6andjana pakkuda v\u00f5imalusi end veelgi paremini tunda, siis muutub sinu t\u00f6\u00f6taja ettev\u00f5tte f\u00e4nniks, kes kannab su s\u00f5numeid juba loomulikult edasi.<\/p>\n\n\n\n<p>2024. aasta l\u00f5pus \u00fcle Baltikumi l\u00e4bi viidud Stebby uuring n\u00e4itab, et t\u00f6\u00f6taja jaoks on p\u00e4rast t\u00f6\u00f6tasu teisel kohal ettev\u00f5tte valimisel see, kuidas seal on tagatud tervislik eluviis ja heaolu eest hoolitsemine. Tamme s\u00f5nul on see oluline suunan\u00e4itaja ettev\u00f5tetele tulevikuks, kes soovib oma t\u00f6\u00f6tajaid hinnata ning hoida.<\/p>\n\n\n\n<p>Selleks saad pakkuda paindlikku t\u00f6\u00f6d, heaoluh\u00fcvesid l\u00e4bi kompensatsioonide ja \u00fchistegevuste, luua tervislik ja avatud keskkond ning p\u00f6\u00f6rata t\u00e4helepanu nii vaimsele kui f\u00fc\u00fcsilisele tervisele samal ajal. \u201cT\u00f6\u00f6andja roll on muutumas ja ajaga peab kaasas k\u00e4ima. Erinevad tervise ja heaoluga seonduvad h\u00fcved ei ole ettev\u00f5ttele ainult kuluefektiivne viis oma t\u00f6\u00f6tajatele pakkuda enamat, vaid reaalne investeering oma k\u00f5ige olulisemasse ressurssi &#8211; oma inimestesse,\u201d l\u00f5petab Kristiina Tamm.<\/p>\n","protected":false},"excerpt":{"rendered":"Spordikompensatsioonist oled kuulnud? Kui jah, siis arvatavasti oled kuulnud ka Unistuste T\u00f6\u00f6andja 2025 konkursil finaali j\u00f5udnud Stebby keskkonnast. Stebby veebi taha on kogunenud tegelikult 50-liikmeline tiim, kes \u00fcle Baltikumi samm-sammu haaval igasse ettev\u00f5ttesse ja s\u00fcdamesse heaolu tahavad sisendada. Kuidas siduda pigem noores ettev\u00f5ttes omavahel noored ja vanad, lai tervisevaldkond, erinevad riigid ning t\u00f6\u00f6tajate isiklikud v\u00e4\u00e4rtused&#8230;","protected":false},"author":19,"featured_media":18536,"comment_status":"closed","ping_status":"open","sticky":false,"template":"","format":"standard","meta":{"_jetpack_memberships_contains_paid_content":false,"footnotes":""},"categories":[3],"tags":[],"class_list":["post-18520","post","type-post","status-publish","format-standard","has-post-thumbnail","hentry","category-maksusoodustus"],"yoast_head":"<!-- This site is optimized with the Yoast SEO plugin v26.8 - https:\/\/yoast.com\/product\/yoast-seo-wordpress\/ -->\n<title>Stebby turundusjuht: Iga t\u00f6\u00f6taja on erinev ja vajab erinevat hoolt - Stebby<\/title>\n<meta name=\"robots\" content=\"index, follow, max-snippet:-1, max-image-preview:large, max-video-preview:-1\" \/>\n<link rel=\"canonical\" href=\"https:\/\/stebby.eu\/et\/stebby-turundusjuht-iga-tootaja-on-erinev-ja-vajab-erinevat-hoolt\/\" \/>\n<meta property=\"og:locale\" content=\"et_EE\" \/>\n<meta property=\"og:type\" content=\"article\" \/>\n<meta property=\"og:title\" content=\"Stebby turundusjuht: Iga t\u00f6\u00f6taja on erinev ja vajab erinevat hoolt - Stebby\" \/>\n<meta property=\"og:description\" content=\"Spordikompensatsioonist oled kuulnud? Kui jah, siis arvatavasti oled kuulnud ka Unistuste T\u00f6\u00f6andja 2025 konkursil finaali j\u00f5udnud Stebby keskkonnast. Stebby veebi taha on kogunenud tegelikult 50-liikmeline tiim, kes \u00fcle Baltikumi samm-sammu haaval igasse ettev\u00f5ttesse ja s\u00fcdamesse heaolu tahavad sisendada. Kuidas siduda pigem noores ettev\u00f5ttes omavahel noored ja vanad, lai tervisevaldkond, erinevad riigid ning t\u00f6\u00f6tajate isiklikud v\u00e4\u00e4rtused...\" \/>\n<meta property=\"og:url\" content=\"https:\/\/stebby.eu\/et\/stebby-turundusjuht-iga-tootaja-on-erinev-ja-vajab-erinevat-hoolt\/\" \/>\n<meta property=\"og:site_name\" content=\"Stebby\" \/>\n<meta property=\"article:publisher\" content=\"https:\/\/www.facebook.com\/stebby\/\" \/>\n<meta property=\"article:published_time\" content=\"2025-03-03T09:45:00+00:00\" \/>\n<meta property=\"article:modified_time\" content=\"2025-03-03T09:45:01+00:00\" \/>\n<meta property=\"og:image\" content=\"https:\/\/stebby.eu\/wp-content\/uploads\/2025\/03\/JC_-03665-1-1-scaled.jpg\" \/>\n\t<meta property=\"og:image:width\" content=\"2560\" \/>\n\t<meta property=\"og:image:height\" content=\"1707\" \/>\n\t<meta property=\"og:image:type\" content=\"image\/jpeg\" \/>\n<meta name=\"author\" content=\"Joosep-Taaniel Sori\" \/>\n<meta name=\"twitter:card\" content=\"summary_large_image\" \/>\n<meta name=\"twitter:label1\" content=\"Written by\" \/>\n\t<meta name=\"twitter:data1\" content=\"Joosep-Taaniel Sori\" \/>\n\t<meta name=\"twitter:label2\" content=\"Est. reading time\" \/>\n\t<meta name=\"twitter:data2\" content=\"6 minutit\" \/>\n<script type=\"application\/ld+json\" class=\"yoast-schema-graph\">{\"@context\":\"https:\/\/schema.org\",\"@graph\":[{\"@type\":\"Article\",\"@id\":\"https:\/\/stebby.eu\/et\/stebby-turundusjuht-iga-tootaja-on-erinev-ja-vajab-erinevat-hoolt\/#article\",\"isPartOf\":{\"@id\":\"https:\/\/stebby.eu\/et\/stebby-turundusjuht-iga-tootaja-on-erinev-ja-vajab-erinevat-hoolt\/\"},\"author\":{\"name\":\"Joosep-Taaniel Sori\",\"@id\":\"https:\/\/stebby.eu\/#\/schema\/person\/2a877fe82753262446765e13c61f35e4\"},\"headline\":\"Stebby turundusjuht: Iga t\u00f6\u00f6taja on erinev ja vajab erinevat hoolt\",\"datePublished\":\"2025-03-03T09:45:00+00:00\",\"dateModified\":\"2025-03-03T09:45:01+00:00\",\"mainEntityOfPage\":{\"@id\":\"https:\/\/stebby.eu\/et\/stebby-turundusjuht-iga-tootaja-on-erinev-ja-vajab-erinevat-hoolt\/\"},\"wordCount\":1287,\"publisher\":{\"@id\":\"https:\/\/stebby.eu\/#organization\"},\"image\":{\"@id\":\"https:\/\/stebby.eu\/et\/stebby-turundusjuht-iga-tootaja-on-erinev-ja-vajab-erinevat-hoolt\/#primaryimage\"},\"thumbnailUrl\":\"https:\/\/i0.wp.com\/stebby.eu\/wp-content\/uploads\/2025\/03\/JC_-03665-1-1-scaled.jpg?fit=2560%2C1707&ssl=1\",\"articleSection\":[\"Maksusoodustus\"],\"inLanguage\":\"et\"},{\"@type\":\"WebPage\",\"@id\":\"https:\/\/stebby.eu\/et\/stebby-turundusjuht-iga-tootaja-on-erinev-ja-vajab-erinevat-hoolt\/\",\"url\":\"https:\/\/stebby.eu\/et\/stebby-turundusjuht-iga-tootaja-on-erinev-ja-vajab-erinevat-hoolt\/\",\"name\":\"Stebby turundusjuht: Iga t\u00f6\u00f6taja on erinev ja vajab erinevat hoolt - Stebby\",\"isPartOf\":{\"@id\":\"https:\/\/stebby.eu\/#website\"},\"primaryImageOfPage\":{\"@id\":\"https:\/\/stebby.eu\/et\/stebby-turundusjuht-iga-tootaja-on-erinev-ja-vajab-erinevat-hoolt\/#primaryimage\"},\"image\":{\"@id\":\"https:\/\/stebby.eu\/et\/stebby-turundusjuht-iga-tootaja-on-erinev-ja-vajab-erinevat-hoolt\/#primaryimage\"},\"thumbnailUrl\":\"https:\/\/i0.wp.com\/stebby.eu\/wp-content\/uploads\/2025\/03\/JC_-03665-1-1-scaled.jpg?fit=2560%2C1707&ssl=1\",\"datePublished\":\"2025-03-03T09:45:00+00:00\",\"dateModified\":\"2025-03-03T09:45:01+00:00\",\"breadcrumb\":{\"@id\":\"https:\/\/stebby.eu\/et\/stebby-turundusjuht-iga-tootaja-on-erinev-ja-vajab-erinevat-hoolt\/#breadcrumb\"},\"inLanguage\":\"et\",\"potentialAction\":[{\"@type\":\"ReadAction\",\"target\":[\"https:\/\/stebby.eu\/et\/stebby-turundusjuht-iga-tootaja-on-erinev-ja-vajab-erinevat-hoolt\/\"]}]},{\"@type\":\"ImageObject\",\"inLanguage\":\"et\",\"@id\":\"https:\/\/stebby.eu\/et\/stebby-turundusjuht-iga-tootaja-on-erinev-ja-vajab-erinevat-hoolt\/#primaryimage\",\"url\":\"https:\/\/i0.wp.com\/stebby.eu\/wp-content\/uploads\/2025\/03\/JC_-03665-1-1-scaled.jpg?fit=2560%2C1707&ssl=1\",\"contentUrl\":\"https:\/\/i0.wp.com\/stebby.eu\/wp-content\/uploads\/2025\/03\/JC_-03665-1-1-scaled.jpg?fit=2560%2C1707&ssl=1\",\"width\":2560,\"height\":1707},{\"@type\":\"BreadcrumbList\",\"@id\":\"https:\/\/stebby.eu\/et\/stebby-turundusjuht-iga-tootaja-on-erinev-ja-vajab-erinevat-hoolt\/#breadcrumb\",\"itemListElement\":[{\"@type\":\"ListItem\",\"position\":1,\"name\":\"Home\",\"item\":\"https:\/\/stebby.eu\/et\/\"},{\"@type\":\"ListItem\",\"position\":2,\"name\":\"Stebby turundusjuht: Iga t\u00f6\u00f6taja on erinev ja vajab erinevat hoolt\"}]},{\"@type\":\"WebSite\",\"@id\":\"https:\/\/stebby.eu\/#website\",\"url\":\"https:\/\/stebby.eu\/\",\"name\":\"Stebby\",\"description\":\"\",\"publisher\":{\"@id\":\"https:\/\/stebby.eu\/#organization\"},\"potentialAction\":[{\"@type\":\"SearchAction\",\"target\":{\"@type\":\"EntryPoint\",\"urlTemplate\":\"https:\/\/stebby.eu\/?s={search_term_string}\"},\"query-input\":{\"@type\":\"PropertyValueSpecification\",\"valueRequired\":true,\"valueName\":\"search_term_string\"}}],\"inLanguage\":\"et\"},{\"@type\":\"Organization\",\"@id\":\"https:\/\/stebby.eu\/#organization\",\"name\":\"Stebby\",\"url\":\"https:\/\/stebby.eu\/\",\"logo\":{\"@type\":\"ImageObject\",\"inLanguage\":\"et\",\"@id\":\"https:\/\/stebby.eu\/#\/schema\/logo\/image\/\",\"url\":\"https:\/\/stebby.eu\/wp-content\/uploads\/2020\/10\/stebby3-1.png\",\"contentUrl\":\"https:\/\/stebby.eu\/wp-content\/uploads\/2020\/10\/stebby3-1.png\",\"width\":256,\"height\":256,\"caption\":\"Stebby\"},\"image\":{\"@id\":\"https:\/\/stebby.eu\/#\/schema\/logo\/image\/\"},\"sameAs\":[\"https:\/\/www.facebook.com\/stebby\/\",\"https:\/\/instagram.com\/stebby.eesti\",\"https:\/\/www.linkedin.com\/company\/stebby\/\"]},{\"@type\":\"Person\",\"@id\":\"https:\/\/stebby.eu\/#\/schema\/person\/2a877fe82753262446765e13c61f35e4\",\"name\":\"Joosep-Taaniel Sori\",\"image\":{\"@type\":\"ImageObject\",\"inLanguage\":\"et\",\"@id\":\"https:\/\/stebby.eu\/#\/schema\/person\/image\/\",\"url\":\"https:\/\/secure.gravatar.com\/avatar\/f5f830a994ae7f50887c738ac388d1cd?s=96&d=mm&r=g\",\"contentUrl\":\"https:\/\/secure.gravatar.com\/avatar\/f5f830a994ae7f50887c738ac388d1cd?s=96&d=mm&r=g\",\"caption\":\"Joosep-Taaniel Sori\"},\"url\":\"https:\/\/stebby.eu\/et\/author\/joosep-sori\/\"}]}<\/script>\n<!-- \/ Yoast SEO plugin. -->","yoast_head_json":{"title":"Stebby turundusjuht: Iga t\u00f6\u00f6taja on erinev ja vajab erinevat hoolt - Stebby","robots":{"index":"index","follow":"follow","max-snippet":"max-snippet:-1","max-image-preview":"max-image-preview:large","max-video-preview":"max-video-preview:-1"},"canonical":"https:\/\/stebby.eu\/et\/stebby-turundusjuht-iga-tootaja-on-erinev-ja-vajab-erinevat-hoolt\/","og_locale":"et_EE","og_type":"article","og_title":"Stebby turundusjuht: Iga t\u00f6\u00f6taja on erinev ja vajab erinevat hoolt - Stebby","og_description":"Spordikompensatsioonist oled kuulnud? Kui jah, siis arvatavasti oled kuulnud ka Unistuste T\u00f6\u00f6andja 2025 konkursil finaali j\u00f5udnud Stebby keskkonnast. Stebby veebi taha on kogunenud tegelikult 50-liikmeline tiim, kes \u00fcle Baltikumi samm-sammu haaval igasse ettev\u00f5ttesse ja s\u00fcdamesse heaolu tahavad sisendada. Kuidas siduda pigem noores ettev\u00f5ttes omavahel noored ja vanad, lai tervisevaldkond, erinevad riigid ning t\u00f6\u00f6tajate isiklikud v\u00e4\u00e4rtused...","og_url":"https:\/\/stebby.eu\/et\/stebby-turundusjuht-iga-tootaja-on-erinev-ja-vajab-erinevat-hoolt\/","og_site_name":"Stebby","article_publisher":"https:\/\/www.facebook.com\/stebby\/","article_published_time":"2025-03-03T09:45:00+00:00","article_modified_time":"2025-03-03T09:45:01+00:00","og_image":[{"width":2560,"height":1707,"url":"https:\/\/stebby.eu\/wp-content\/uploads\/2025\/03\/JC_-03665-1-1-scaled.jpg","type":"image\/jpeg"}],"author":"Joosep-Taaniel Sori","twitter_card":"summary_large_image","twitter_misc":{"Written by":"Joosep-Taaniel Sori","Est. reading time":"6 minutit"},"schema":{"@context":"https:\/\/schema.org","@graph":[{"@type":"Article","@id":"https:\/\/stebby.eu\/et\/stebby-turundusjuht-iga-tootaja-on-erinev-ja-vajab-erinevat-hoolt\/#article","isPartOf":{"@id":"https:\/\/stebby.eu\/et\/stebby-turundusjuht-iga-tootaja-on-erinev-ja-vajab-erinevat-hoolt\/"},"author":{"name":"Joosep-Taaniel Sori","@id":"https:\/\/stebby.eu\/#\/schema\/person\/2a877fe82753262446765e13c61f35e4"},"headline":"Stebby turundusjuht: Iga t\u00f6\u00f6taja on erinev ja vajab erinevat hoolt","datePublished":"2025-03-03T09:45:00+00:00","dateModified":"2025-03-03T09:45:01+00:00","mainEntityOfPage":{"@id":"https:\/\/stebby.eu\/et\/stebby-turundusjuht-iga-tootaja-on-erinev-ja-vajab-erinevat-hoolt\/"},"wordCount":1287,"publisher":{"@id":"https:\/\/stebby.eu\/#organization"},"image":{"@id":"https:\/\/stebby.eu\/et\/stebby-turundusjuht-iga-tootaja-on-erinev-ja-vajab-erinevat-hoolt\/#primaryimage"},"thumbnailUrl":"https:\/\/i0.wp.com\/stebby.eu\/wp-content\/uploads\/2025\/03\/JC_-03665-1-1-scaled.jpg?fit=2560%2C1707&ssl=1","articleSection":["Maksusoodustus"],"inLanguage":"et"},{"@type":"WebPage","@id":"https:\/\/stebby.eu\/et\/stebby-turundusjuht-iga-tootaja-on-erinev-ja-vajab-erinevat-hoolt\/","url":"https:\/\/stebby.eu\/et\/stebby-turundusjuht-iga-tootaja-on-erinev-ja-vajab-erinevat-hoolt\/","name":"Stebby turundusjuht: Iga t\u00f6\u00f6taja on erinev ja vajab erinevat hoolt - Stebby","isPartOf":{"@id":"https:\/\/stebby.eu\/#website"},"primaryImageOfPage":{"@id":"https:\/\/stebby.eu\/et\/stebby-turundusjuht-iga-tootaja-on-erinev-ja-vajab-erinevat-hoolt\/#primaryimage"},"image":{"@id":"https:\/\/stebby.eu\/et\/stebby-turundusjuht-iga-tootaja-on-erinev-ja-vajab-erinevat-hoolt\/#primaryimage"},"thumbnailUrl":"https:\/\/i0.wp.com\/stebby.eu\/wp-content\/uploads\/2025\/03\/JC_-03665-1-1-scaled.jpg?fit=2560%2C1707&ssl=1","datePublished":"2025-03-03T09:45:00+00:00","dateModified":"2025-03-03T09:45:01+00:00","breadcrumb":{"@id":"https:\/\/stebby.eu\/et\/stebby-turundusjuht-iga-tootaja-on-erinev-ja-vajab-erinevat-hoolt\/#breadcrumb"},"inLanguage":"et","potentialAction":[{"@type":"ReadAction","target":["https:\/\/stebby.eu\/et\/stebby-turundusjuht-iga-tootaja-on-erinev-ja-vajab-erinevat-hoolt\/"]}]},{"@type":"ImageObject","inLanguage":"et","@id":"https:\/\/stebby.eu\/et\/stebby-turundusjuht-iga-tootaja-on-erinev-ja-vajab-erinevat-hoolt\/#primaryimage","url":"https:\/\/i0.wp.com\/stebby.eu\/wp-content\/uploads\/2025\/03\/JC_-03665-1-1-scaled.jpg?fit=2560%2C1707&ssl=1","contentUrl":"https:\/\/i0.wp.com\/stebby.eu\/wp-content\/uploads\/2025\/03\/JC_-03665-1-1-scaled.jpg?fit=2560%2C1707&ssl=1","width":2560,"height":1707},{"@type":"BreadcrumbList","@id":"https:\/\/stebby.eu\/et\/stebby-turundusjuht-iga-tootaja-on-erinev-ja-vajab-erinevat-hoolt\/#breadcrumb","itemListElement":[{"@type":"ListItem","position":1,"name":"Home","item":"https:\/\/stebby.eu\/et\/"},{"@type":"ListItem","position":2,"name":"Stebby turundusjuht: Iga t\u00f6\u00f6taja on erinev ja vajab erinevat hoolt"}]},{"@type":"WebSite","@id":"https:\/\/stebby.eu\/#website","url":"https:\/\/stebby.eu\/","name":"Stebby","description":"","publisher":{"@id":"https:\/\/stebby.eu\/#organization"},"potentialAction":[{"@type":"SearchAction","target":{"@type":"EntryPoint","urlTemplate":"https:\/\/stebby.eu\/?s={search_term_string}"},"query-input":{"@type":"PropertyValueSpecification","valueRequired":true,"valueName":"search_term_string"}}],"inLanguage":"et"},{"@type":"Organization","@id":"https:\/\/stebby.eu\/#organization","name":"Stebby","url":"https:\/\/stebby.eu\/","logo":{"@type":"ImageObject","inLanguage":"et","@id":"https:\/\/stebby.eu\/#\/schema\/logo\/image\/","url":"https:\/\/stebby.eu\/wp-content\/uploads\/2020\/10\/stebby3-1.png","contentUrl":"https:\/\/stebby.eu\/wp-content\/uploads\/2020\/10\/stebby3-1.png","width":256,"height":256,"caption":"Stebby"},"image":{"@id":"https:\/\/stebby.eu\/#\/schema\/logo\/image\/"},"sameAs":["https:\/\/www.facebook.com\/stebby\/","https:\/\/instagram.com\/stebby.eesti","https:\/\/www.linkedin.com\/company\/stebby\/"]},{"@type":"Person","@id":"https:\/\/stebby.eu\/#\/schema\/person\/2a877fe82753262446765e13c61f35e4","name":"Joosep-Taaniel Sori","image":{"@type":"ImageObject","inLanguage":"et","@id":"https:\/\/stebby.eu\/#\/schema\/person\/image\/","url":"https:\/\/secure.gravatar.com\/avatar\/f5f830a994ae7f50887c738ac388d1cd?s=96&d=mm&r=g","contentUrl":"https:\/\/secure.gravatar.com\/avatar\/f5f830a994ae7f50887c738ac388d1cd?s=96&d=mm&r=g","caption":"Joosep-Taaniel Sori"},"url":"https:\/\/stebby.eu\/et\/author\/joosep-sori\/"}]}},"jetpack_featured_media_url":"https:\/\/i0.wp.com\/stebby.eu\/wp-content\/uploads\/2025\/03\/JC_-03665-1-1-scaled.jpg?fit=2560%2C1707&ssl=1","jetpack_sharing_enabled":true,"_links":{"self":[{"href":"https:\/\/stebby.eu\/et\/wp-json\/wp\/v2\/posts\/18520","targetHints":{"allow":["GET"]}}],"collection":[{"href":"https:\/\/stebby.eu\/et\/wp-json\/wp\/v2\/posts"}],"about":[{"href":"https:\/\/stebby.eu\/et\/wp-json\/wp\/v2\/types\/post"}],"author":[{"embeddable":true,"href":"https:\/\/stebby.eu\/et\/wp-json\/wp\/v2\/users\/19"}],"replies":[{"embeddable":true,"href":"https:\/\/stebby.eu\/et\/wp-json\/wp\/v2\/comments?post=18520"}],"version-history":[{"count":1,"href":"https:\/\/stebby.eu\/et\/wp-json\/wp\/v2\/posts\/18520\/revisions"}],"predecessor-version":[{"id":18541,"href":"https:\/\/stebby.eu\/et\/wp-json\/wp\/v2\/posts\/18520\/revisions\/18541"}],"wp:featuredmedia":[{"embeddable":true,"href":"https:\/\/stebby.eu\/et\/wp-json\/wp\/v2\/media\/18536"}],"wp:attachment":[{"href":"https:\/\/stebby.eu\/et\/wp-json\/wp\/v2\/media?parent=18520"}],"wp:term":[{"taxonomy":"category","embeddable":true,"href":"https:\/\/stebby.eu\/et\/wp-json\/wp\/v2\/categories?post=18520"},{"taxonomy":"post_tag","embeddable":true,"href":"https:\/\/stebby.eu\/et\/wp-json\/wp\/v2\/tags?post=18520"}],"curies":[{"name":"wp","href":"https:\/\/api.w.org\/{rel}","templated":true}]}}