{"id":21328,"date":"2026-09-02T08:23:10","date_gmt":"2026-09-02T08:23:10","guid":{"rendered":"https:\/\/stebby.eu\/?p=21328"},"modified":"2026-09-02T08:27:36","modified_gmt":"2026-09-02T08:27:36","slug":"stebby-athlete-taavi-kruut-ehk-matkataavi-seikluspisikust-tuleb-seljakott-selga-votta-ja-minna","status":"publish","type":"post","link":"https:\/\/stebby.eu\/et\/stebby-athlete-taavi-kruut-ehk-matkataavi-seikluspisikust-tuleb-seljakott-selga-votta-ja-minna\/","title":{"rendered":"Stebby Athlete Taavi Kruut ehk matkataavi seikluspisikust: &#8220;Tuleb seljakott selga v\u00f5tta ja minna!&#8221;"},"content":{"rendered":"\n<p class=\"wp-block-paragraph\"><em>Taavi Kruut ehk <a href=\"https:\/\/www.instagram.com\/matkataavi\/\">matkataavi<\/a> on seikleja ja matkaja nii Eestis kui v\u00e4lismaal. V\u00e4rske <a href=\"https:\/\/stebby.eu\/et\/stebby-athlete\/\">Stebby Athlete<\/a> nime all saad tutvuda temaga eelmises blogis <a href=\"https:\/\/stebby.eu\/et\/6-kusimust-ja-vastust-stebby-athlete-taavi-kruut\/\">&#8220;6 k\u00fcsimust ja vastust: Stebby Athlete Taavi Kruut&#8221;<\/a>. Milliseid m\u00e4gesid Taavi aga vallutanud on ning kuidas ta 11-aastaselt juba m\u00e4egiididele silmi ette tegi. K\u00f5igest altpoolt l\u00e4hemalt. <\/em><\/p>\n\n\n\n<h4 class=\"wp-block-heading\">Alustame viimasest reisist: <strong> Ibn Sina ehk Lenini<\/strong> m\u00e4gi. Kas oli see seda v\u00e4\u00e4rt ning isegi p\u00e4rast mitmeid ekspeditsioone \u00f5pid sa seal m\u00e4el v\u00f5i ka all olles enda kohta ikka midagi uut, mida varem pole m\u00e4rganud?<\/h4>\n\n\n\n<p class=\"wp-block-paragraph\">\u00dcldiselt l\u00e4ks minu jaoks seekord reis positiivselt &#8211; tippu me j\u00f5udsime. K\u00fcll vaid 25% edukusega (12-st 3 j\u00f5udsid tippu) v\u00e4ga k\u00fclma tipu\u00f6\u00f6, tugeva tuule ning muidugi k\u00f5rgusega seotud asjaolude t\u00f5ttu. M\u00e4ed on igal pool ilusad &#8211; aga no v\u00f5rratu on \u00e4rgata hommikul v\u00f5i \u00f6\u00f6sel, pistad pea telgist v\u00e4lja, on tuulevaikne ning pilvitu ilm ja vaatad enda \u00fcmber k\u00f5rguvaid k\u00f5rgeid 6000- ja 7000 meetri m\u00e4gesid &#8211; v\u00e4ga kuradima ilus vaatepilt!<br><br>Suuremaid ekspeditsioone on n\u00fc\u00fcdseks mul vaid 2 (Manaslu Nepaalis ja Ibn Sina K\u00f5rg\u00f5stanis), siis liialt kogemustega m\u00e4gedes k\u00e4ijana ma end ei n\u00e4e. Alati \u00f5pid matkadelt midagi uut &#8211; kas siis m\u00f5ni uus kogemus \u00fcldiselt v\u00f5i arusaam iseenda kohta. Iga grupp, iga m\u00e4gi, iga seiklus, iga reis on omamoodi ja erinev. \u00dchelgi seni k\u00e4idud reisil, matkal, seiklusel ei ole ma kokku puutunud \u00fcks-\u00fchele samasuguse \u00fclesehitusega v\u00f5i d\u00fcnaamikaga \u201ckomplektiga\u201d, mis mingilgi kujul meenutaks liigset rutiinset tegevust, mis igavust tekitaks. V\u00e4lja arvatud k\u00f5rgemate m\u00e4gede puhul paratamatult esinevat passimist, mis tuleneb aklimatsiooni vajadusest v\u00f5i hea ilma ootamisest &#8211; need kaks on suhteliselt paratamatud ja m\u00f6\u00f6dap\u00e4\u00e4smatud.<br><br>V\u00f5ibolla seekordne reis oli ootamise kohapealt k\u00f5ige keerukam. Mida rohkem on vaba aega, seda rohkem tahab \u00fcks rahutu hing tegeleda ja toimetada. \u00dcks hetk avastasin end ka poole reisi pealt juba tagasilennu pileteid \u00fclej\u00e4rgmiseks p\u00e4evaks ostmas. Viimane j\u00e4i aga realiseerimata. Eks see oli osaliselt seotud ka esmase rotatsiooni (esimene aklimatsioonit\u00f5us) raskusega, mis oli \u00fcle ootuste keeruline. Samuti sai baaslaagris \u00fcks p\u00e4ev korralik keharaskusega treening tehtud, mis pani s\u00fcdame puperdama ja lihased mitmeks p\u00e4evaks valutama.<\/p>\n\n\n\n<h4 class=\"wp-block-heading\">Kust tuli matkataavile sulle matkamise pisik?<\/h4>\n\n\n\n<p class=\"wp-block-paragraph\">Pisikese poisina (11-aastaselt) vedas ema mu esimest korda kaasa matkareisile Venemaale, Ba\u0161kiiriasse. Ma arvan, et sealt see reisimise ja matkamise pisik alguse ka sai. Tollest samast reisist on meeles v\u00e4ga eredalt hetk kus me vantsisime \u00fche pisema m\u00e4ekese otsa, mina giidiga k\u00f5ige ees. Mingi hetk j\u00e4i giid minust \u00fcsna pikalt maha ja kui ta mulle j\u00e4rgi j\u00f5udis, siis hingeldas ja higistas meeletult. Istusime siis kahekesi maha langenud puu najal ja ootasime gruppi oma 10 minutit j\u00e4rgi. Seej\u00e4rel pidasime veel pikalt pausi kuniks teised puhkasid &#8211; mina aga soovisin rahutult juba edasi minna. Ju siis m\u00e4est \u00fcles minna mulle meeldib jai sobib.<br>Iseseisvalt sai esimest korda v\u00e4ljamaale mindud pikemaks ajaks Hispaaniasse t\u00f6\u00f6tama ning peale seda ka Taani \u00f5ppima. \u00dcsna pea peale \u00fclikooli \u00f5pinguid v\u00e4lismaal sai end seotud Eestis ka \u00fche matkaklubiga ning mindud Rootsi k\u00f5rgeima m\u00e4e matkale kaasa. Sealt edasine teekond ongi p\u00e4\u00e4dinud k\u00f5rgete m\u00e4gede ekspeditsioonidega.<\/p>\n\n\n\n<h4 class=\"wp-block-heading\">Milliste v\u00e4ljakutsete v\u00f5i saavutuste \u00fcle oled eriti uhke?<\/h4>\n\n\n\n<p class=\"wp-block-paragraph\">Manaslu (8163 m tipp).\u00a0<\/p>\n\n\n\n<p class=\"wp-block-paragraph\"><em>Kuula sellest l\u00e4hemalt Stebby podcastist <a href=\"https:\/\/open.spotify.com\/episode\/3JlWa5UVUD0zCiajaVQDT7?si=35b435a6920c4c0a\">\u201c#29 Kunnar Karu &amp; Taavi Kruut: S\u00f5prade teekond 8000+m tipuni, Everestist ja seiklemisest!\u201d<\/a><\/em><\/p>\n\n\n\n<h4 class=\"wp-block-heading\">Mida soovitad neile, kes p\u00e4ris k\u00f5rgustesse ei soovi minna, aga tahavad avastada uusi kohti nii Eestis kui kaugemal?<\/h4>\n\n\n\n<p class=\"wp-block-paragraph\">Tuleb seljakott selga v\u00f5tta ja minna. Eestis loodusesse minemine ei n\u00f5ua suurt ettevalmistust. V\u00e4lja arvatud juhul kui l\u00e4hed m\u00f5nda suuremasse metsamassiivi sirgjoones sisse, l\u00f6\u00f6d telgi maasse ja m\u00f5tled sealt kahe p\u00e4eva p\u00e4rast v\u00e4lja tulla.<br>Samamoodi v\u00e4lismaale matkama \/ seiklema minemine &#8211; planeeri-uuri kuhu sa l\u00e4hed, sea endale minginegi eesm\u00e4rk ja mine. Egas mida kauem sa m\u00f5tlema j\u00e4\u00e4d \u201cOh kus tahaks reisida kohta X!\u201d, siis \u00fcks hetk leiad end olukorrast, kus m\u00f5tted ongi vaid idee tasandile j\u00e4\u00e4nud ja sa pole koduuksest kaugemale j\u00f5udnud. Eestis on erinevaid loodusmatka teenusepakkujaid niiv\u00f5rd palju, et iga\u00fcks, kel v\u00e4hegi soovi metsa minna, kuid iseseisvalt selleks esialgu julgus v\u00f5i tahtmine puudub, leiab endale m\u00f5ne \u00fcrituse mille raames loodusesse minna saab.<br><br>Alati v\u00f5ib ka ju kodukandis metsasid avastada v\u00f5i Eestis loodud matkaradasid avastada ja neid l\u00e4bi jalutada. \u00dchistranspordiga on nendele ligip\u00e4\u00e4s v\u00e4ga lihtne. V\u00e4ga lihtsaks ja heaks alguspunktiks julgen soovitada Eesti matkapealinna &#8211; Aegviidu.\u00a0<\/p>\n\n\n\n<h4 class=\"wp-block-heading\">R\u00e4\u00e4gitakse, et matkavarustus on kallis &#8211; kas sinu arvates peab m\u00f5neks p\u00e4evaks metsas matkamiseks ostma t\u00fchjaks kogu poe?<\/h4>\n\n\n\n<p class=\"wp-block-paragraph\">Kindel ei! Minu arvates k\u00f5ige olulisem asi, millesse iga uudishimulik matkasell investeerida v\u00f5iks, on\u00a0hea matkasaabas. Ilma selleta ei ole metsa asja. Leia endale sobiv saabas, kanna see sisse ja edasi ei ole muud kui kand-ja-varvas metsade vahel.<br><br>\u00dcldiselt on matkavarustus muidugi kallis, kui sa ei tea, mida sa tahad ja ei selgita v\u00e4lja endale selle ostu vajalikkust. Kui sa matka- v\u00f5i spordipoodi l\u00e4hed, siis m\u00fc\u00fcgit\u00f6\u00f6tajate eesm\u00e4rk on sulle ju maha m\u00fc\u00fca lumelabidast p\u00e4ikesepaneeliga akupangani &#8211; k\u00f5ik mida neil poes pakkuda on.<br><br>Metsas k\u00e4ies on v\u00f5imalik endale soetada selliseid luksusesemeid, et hoia ja keela! Kes alles hakkab vaikselt oma huvi matka vastu \u00fcles n\u00e4itama, siis osta endale korralikud saapad (ja head sokid!), pane selga juba olemasolevad mugavad spordiriided v\u00f5i m\u00f5ni mugavam vabaaja riide ese ning mine ja proovi. K\u00fcll siis vaikselt hakkab arusaam tekkima mis endale sobib, mis ei sobi ja mida \u00fcldse vaja l\u00e4heb. Hea paralleeli saab tuua n\u00e4iteks puhkusereisile minekuga. Kas sa v\u00f5tad n\u00e4dala ajasele puhkusereisile kaasa kolm paari p\u00fckse v\u00f5i l\u00e4heb sul reaalselt vaja \u00fchte paari? Kas sul on vaja igaks p\u00e4evaks uut s\u00e4rki v\u00f5i kannatab n\u00e4iteks kolme s\u00e4rgiga l\u00e4bi ajada? On sul vaja nelja nokam\u00fctsi, mis k\u00f5ik sobivad erinevate s\u00e4rkidega v\u00f5i saad \u00fche nokam\u00fctsiga hakkama?<br>Peale esimest k\u00e4iku ei tasu endale kogu varustust samuti kokku osta, sest m\u00f5ni hetkeolukorrast tulenev justkui h\u00e4davajalik asi ei pruugi \u00fcldse tarvilik olla &#8211; a\u2019la matkatool. Minul endal on eurone tagumikualus mis kunagi toidupoest ostetud sai ja siiamaani ajab igasuguse istumise vajaduse \u00e4ra nii talvel kui suvel. Olgugi, et pean istuma maapinna peal, siis tagumik j\u00e4\u00e4b kuivaks.<br><br>Eks varustuse vajalikkus s\u00f5ltub reisi eesm\u00e4rgist aga n\u00e4iteks minu \u00fcks pikim seiklus viis L\u00f5una-Ameerikasse. K\u00e4sipagasiga ma sinna l\u00e4ksin ja l\u00f5puks pooled riided, mis kaasa v\u00f5etud sai, j\u00e4tsin sinna, sest neid ei olnud lihtsalt vaja. Riideid saab alati pesta ja vajadusel kuskilt turu pealt juurde osta. Ning uskuge mind &#8211; mitte kedagi ei huvita reisidel olles, kas sa eile kandsid sama v\u00e4rvi p\u00fckse\/s\u00e4rki\/sokke nagu eile v\u00f5i mitte. V\u00e4hemalt sellistel reisidel kus mina k\u00e4in.\u00a0<\/p>\n\n\n\n<h4 class=\"wp-block-heading\">Mis on asi, milleta sa matkale ei l\u00e4he &#8211; \u00fcksk\u00f5ik kui kaugele v\u00f5i ekstreemseks minek on?<\/h4>\n\n\n\n<p class=\"wp-block-paragraph\">Mul on alati matkale minnes kaasas taskunuga &#8211; seal on k\u00fcljes saag, nuga, k\u00e4\u00e4rid, korgitser ja muud vajaminevad t\u00f6\u00f6riistad, mis mahuvad mugavalt taskusse. Seda l\u00e4heb alati metsas vaja ning ei v\u00f5ta palju ruumi.<\/p>\n\n\n\n<figure class=\"wp-block-gallery has-nested-images columns-default is-cropped wp-block-gallery-1 is-layout-flex wp-block-gallery-is-layout-flex\">\n<figure class=\"wp-block-image size-large\"><img data-recalc-dims=\"1\" loading=\"lazy\" decoding=\"async\" width=\"1096\" height=\"1256\" data-id=\"21339\" src=\"https:\/\/i0.wp.com\/stebby.eu\/wp-content\/uploads\/2026\/09\/IMG_4006-1.jpg?resize=1096%2C1256&#038;ssl=1\" alt=\"\" class=\"wp-image-21339\" srcset=\"https:\/\/i0.wp.com\/stebby.eu\/wp-content\/uploads\/2026\/09\/IMG_4006-1.jpg?w=1096&amp;ssl=1 1096w, https:\/\/i0.wp.com\/stebby.eu\/wp-content\/uploads\/2026\/09\/IMG_4006-1.jpg?resize=768%2C880&amp;ssl=1 768w, https:\/\/i0.wp.com\/stebby.eu\/wp-content\/uploads\/2026\/09\/IMG_4006-1.jpg?resize=512%2C587&amp;ssl=1 512w\" sizes=\"auto, (max-width: 1096px) 100vw, 1096px\" \/><\/figure>\n\n\n\n<figure class=\"wp-block-image size-large\"><img data-recalc-dims=\"1\" loading=\"lazy\" decoding=\"async\" width=\"1600\" height=\"1200\" data-id=\"21304\" src=\"https:\/\/i0.wp.com\/stebby.eu\/wp-content\/uploads\/2026\/09\/dce186d0-5e93-4bf5-a51d-11cbb23181f3.jpg?resize=1600%2C1200&#038;ssl=1\" alt=\"\" class=\"wp-image-21304\" srcset=\"https:\/\/i0.wp.com\/stebby.eu\/wp-content\/uploads\/2026\/09\/dce186d0-5e93-4bf5-a51d-11cbb23181f3.jpg?w=1600&amp;ssl=1 1600w, https:\/\/i0.wp.com\/stebby.eu\/wp-content\/uploads\/2026\/09\/dce186d0-5e93-4bf5-a51d-11cbb23181f3.jpg?w=768&amp;ssl=1 768w, https:\/\/i0.wp.com\/stebby.eu\/wp-content\/uploads\/2026\/09\/dce186d0-5e93-4bf5-a51d-11cbb23181f3.jpg?resize=1536%2C1152&amp;ssl=1 1536w, https:\/\/i0.wp.com\/stebby.eu\/wp-content\/uploads\/2026\/09\/dce186d0-5e93-4bf5-a51d-11cbb23181f3.jpg?resize=512%2C384&amp;ssl=1 512w\" sizes=\"auto, (max-width: 1600px) 100vw, 1600px\" \/><\/figure>\n\n\n\n<figure class=\"wp-block-image size-large\"><img data-recalc-dims=\"1\" loading=\"lazy\" decoding=\"async\" width=\"1920\" height=\"1080\" data-id=\"21334\" src=\"https:\/\/i0.wp.com\/stebby.eu\/wp-content\/uploads\/2026\/09\/FullSizeRender-1-1.jpg?resize=1920%2C1080&#038;ssl=1\" alt=\"\" class=\"wp-image-21334\" srcset=\"https:\/\/i0.wp.com\/stebby.eu\/wp-content\/uploads\/2026\/09\/FullSizeRender-1-1-scaled.jpg?resize=1920%2C1080&amp;ssl=1 1920w, https:\/\/i0.wp.com\/stebby.eu\/wp-content\/uploads\/2026\/09\/FullSizeRender-1-1-scaled.jpg?resize=768%2C432&amp;ssl=1 768w, https:\/\/i0.wp.com\/stebby.eu\/wp-content\/uploads\/2026\/09\/FullSizeRender-1-1-scaled.jpg?resize=1536%2C864&amp;ssl=1 1536w, https:\/\/i0.wp.com\/stebby.eu\/wp-content\/uploads\/2026\/09\/FullSizeRender-1-1-scaled.jpg?resize=2048%2C1152&amp;ssl=1 2048w, https:\/\/i0.wp.com\/stebby.eu\/wp-content\/uploads\/2026\/09\/FullSizeRender-1-1-scaled.jpg?resize=512%2C288&amp;ssl=1 512w\" sizes=\"auto, (max-width: 1920px) 100vw, 1920px\" \/><\/figure>\n<\/figure>\n\n\n\n<h4 class=\"wp-block-heading\">Mida annab sulle matkamine ehk miks sa seda teed?<\/h4>\n\n\n\n<p class=\"wp-block-paragraph\">Matkamine on minu jaoks maailma avastamise viis &#8211; kui m\u00f5nele meeldib k\u00e4ia paketireisidel Egiptuses, T\u00fcrgis v\u00f5i mujal soojal maal, siis mina k\u00e4in matkamas. Kahjuks on viimastel aastatel matkamine kogunud \u00fcha enam populaarsust ning \u00fcha enam on inimesi n\u00e4ha populaarsetel matkaradadel v\u00f5i sihtkohtades, kuhu ma tahaks minna, aga enam nii v\u00e4ga ei taha. \u00dcdini negatiivne see kindlasti ei ole, sest mis saab olla inimeste aktiivsuse vastu ja seda enam kui liigutakse v\u00e4rskes \u00f5hus. Kuid kus k\u00e4ib rohkem inimesi, t\u00e4hendab see omakorda rohkem raha ning omakorda rohkem \u201cturistikaid\u201d sihtkohti, mis mulle endale ei meeldi. <br><br>Loodusesse minnes otsin ma rahu ja vaikust ning eemalolekut inimloomadest &#8211; v\u00f5i maksimaalselt, et seal ei oleks rohkem inimesi kui mina ja kamp inimesi, kellega ma reisile koos olen l\u00e4inud. Muudmoodi minu jaoks enam puhata ei olegi v\u00f5imalik, kui kaduda telefonilevist \u00e4ra. Ideaalne puhkus. Samas l\u00fclitada n\u00e4dalavahetusel telefon lennureziimile ning nautida sedaviisi vaikust ja eemalolekut on ka p\u00e4ris m\u00f5nus. Julgen seda soovitada k\u00f5igile.<br><br>Inimesed, kes mind kauem juba tunnevad teavad, et telefonitsi on mind \u00fcsna raske k\u00e4tte saada. \u00dcldiselt kipuvad nad helistama mu elukaaslasele, kes seepeale manitseb mind, et ma \u00fchele v\u00f5i teisele tagasi helistaksin. Vana hea \u201ckiviga vastu akent\u201d ja \u201cKas Taavi \u00f5ue tulla v\u00f5ib?\u201d on vist lapsep\u00f5lvest siiani sisse j\u00e4\u00e4nud k\u00e4itumismuster.<\/p>\n\n\n\n<h4 class=\"wp-block-heading\">Mis tervislikke h\u00fcvesid sa matkamisest tundnud oled?<\/h4>\n\n\n\n<p class=\"wp-block-paragraph\">K\u00f5ige enam puhkab nendel hetkedel kindlasti pea. Kui t\u00f6\u00f6 juures istud enamuse ajast ekraanide s\u00e4ras ja suhtled inimestega p\u00e4evast p\u00e4eva, siis matkadel ma \u00fcldjuhul olen vaiksem, hoian omaette ning kogun end ja taastan enda energiavarusid. Muidugi on hetki ja p\u00e4evi, kus reisidel kaugemal maal v\u00f5i n\u00e4dalavahetusel Eesti metsas sotsialiseerud inimestega ja oled aktiivne, kuid seda t\u00e4iesti teistel teemadel kui argielus. Eks ka see rikastab ja paneb m\u00f5tlema teisest perspektiivist ning aitab argimured seljatada.<\/p>\n\n\n\n<h4 class=\"wp-block-heading\">Mis on sinu j\u00e4rgmine plaan &#8211; veel k\u00f5rgem m\u00e4gi v\u00f5i midagi lihtsamat?<\/h4>\n\n\n\n<p class=\"wp-block-paragraph\">Hetkel on tunne, et peaks paar aastat rahulikumalt v\u00f5tma ning k\u00f5rgemale m\u00e4gedesse asja ei ole. Kuigi paar huvitavat kutset on tulnud, siis esmase vasikavaimustuse m\u00f6\u00f6dudes ja m\u00f5istuse p\u00e4he tagasi tulles sai neist keeldutud. Pigem v\u00f5iks sihiks olla matkad, kus garanteeritult p\u00e4evas rohkem inimesi ei n\u00e4e, kui enda \u00fcmber olevad inimesed ja v\u00f5ib-olla m\u00f5ned kohalikud &#8211; aga ka need sihtkohad asuvad Eesti m\u00f5istes teisel pool maakera ning vaevalt, et selge m\u00f5istusega inimene neis kergek\u00e4eliselt osaleda tahab. Kuid eks nendele matkadele ongi vaja vaid hea f\u00fc\u00fcsise ja tugeva vaimse tervisega inimesi kaasa.<br><br>L\u00e4bir\u00e4\u00e4kimised kodus veel k\u00e4ivad, aga pikalt meeles m\u00f5lkunud matkaauto v\u00f5iks olla j\u00e4rgmine suurem ettev\u00f5tmine, mille kallal t\u00f6\u00f6le asuda. Kui enda parema k\u00fclje n\u00f5usse saan, siis ehk v\u00f5iks j\u00e4rgmine suurem reis olla motoriseeritud kujul ning matkaautoks \u00fcmberehitatud maasturis.<br><br>Taavi seiklustele saad kaasa elada Instagramis @<em><a href=\"https:\/\/www.instagram.com\/matkataavi\/\">matkataavi<\/a><\/em> kontot j\u00e4lgides.<\/p>\n","protected":false},"excerpt":{"rendered":"Taavi Kruut ehk matkataavi on seikleja ja matkaja nii Eestis kui v\u00e4lismaal. V\u00e4rske Stebby Athlete nime all saad tutvuda temaga eelmises blogis &#8220;6 k\u00fcsimust ja vastust: Stebby Athlete Taavi Kruut&#8221;. Milliseid m\u00e4gesid Taavi aga vallutanud on ning kuidas ta 11-aastaselt juba m\u00e4egiididele silmi ette tegi. K\u00f5igest altpoolt l\u00e4hemalt. Alustame viimasest reisist: Ibn Sina ehk Lenini&#8230;","protected":false},"author":8,"featured_media":21339,"comment_status":"closed","ping_status":"open","sticky":false,"template":"","format":"standard","meta":{"_jetpack_newsletter_access":"","_jetpack_dont_email_post_to_subs":false,"_jetpack_newsletter_tier_id":0,"_jetpack_memberships_contains_paywalled_content":false,"_jetpack_memberships_contains_paid_content":false,"footnotes":"","jetpack_post_was_ever_published":false},"categories":[93],"tags":[],"class_list":["post-21328","post","type-post","status-publish","format-standard","has-post-thumbnail","hentry","category-readystebbygo"],"yoast_head":"<!-- This site is optimized with the Yoast SEO plugin v28.4 - https:\/\/yoast.com\/product\/yoast-seo-wordpress\/ -->\n<title>Stebby Athlete Taavi Kruut ehk matkataavi seikluspisikust: &quot;Tuleb seljakott selga v\u00f5tta ja minna!&quot; - Stebby<\/title>\n<meta name=\"robots\" content=\"index, follow, max-snippet:-1, max-image-preview:large, max-video-preview:-1\" \/>\n<link rel=\"canonical\" href=\"https:\/\/stebby.eu\/et\/stebby-athlete-taavi-kruut-ehk-matkataavi-seikluspisikust-tuleb-seljakott-selga-votta-ja-minna\/\" \/>\n<meta property=\"og:locale\" content=\"et_EE\" \/>\n<meta property=\"og:type\" content=\"article\" \/>\n<meta property=\"og:title\" content=\"Stebby Athlete Taavi Kruut ehk matkataavi seikluspisikust: &quot;Tuleb seljakott selga v\u00f5tta ja minna!&quot; - Stebby\" \/>\n<meta property=\"og:description\" content=\"Taavi Kruut ehk matkataavi on seikleja ja matkaja nii Eestis kui v\u00e4lismaal. V\u00e4rske Stebby Athlete nime all saad tutvuda temaga eelmises blogis &#8220;6 k\u00fcsimust ja vastust: Stebby Athlete Taavi Kruut&#8221;. Milliseid m\u00e4gesid Taavi aga vallutanud on ning kuidas ta 11-aastaselt juba m\u00e4egiididele silmi ette tegi. K\u00f5igest altpoolt l\u00e4hemalt. Alustame viimasest reisist: Ibn Sina ehk Lenini...\" \/>\n<meta property=\"og:url\" content=\"https:\/\/stebby.eu\/et\/stebby-athlete-taavi-kruut-ehk-matkataavi-seikluspisikust-tuleb-seljakott-selga-votta-ja-minna\/\" \/>\n<meta property=\"og:site_name\" content=\"Stebby\" \/>\n<meta property=\"article:publisher\" content=\"https:\/\/www.facebook.com\/stebby\/\" \/>\n<meta property=\"article:published_time\" content=\"2026-09-02T08:23:10+00:00\" \/>\n<meta property=\"article:modified_time\" content=\"2026-09-02T08:27:36+00:00\" \/>\n<meta property=\"og:image\" content=\"https:\/\/stebby.eu\/wp-content\/uploads\/2026\/09\/IMG_4006-1.jpg\" \/>\n\t<meta property=\"og:image:width\" content=\"1096\" \/>\n\t<meta property=\"og:image:height\" content=\"1256\" \/>\n\t<meta property=\"og:image:type\" content=\"image\/jpeg\" \/>\n<meta name=\"author\" content=\"Ott Pluum\" \/>\n<meta name=\"twitter:card\" content=\"summary_large_image\" \/>\n<meta name=\"twitter:label1\" content=\"Kirjutanud\" \/>\n\t<meta name=\"twitter:data1\" content=\"Ott Pluum\" \/>\n\t<meta name=\"twitter:label2\" content=\"Eeldatav lugemisaeg\" \/>\n\t<meta name=\"twitter:data2\" content=\"8 minutit\" \/>\n<script type=\"application\/ld+json\" class=\"yoast-schema-graph\">{\"@context\":\"https:\\\/\\\/schema.org\",\"@graph\":[{\"@type\":\"Article\",\"@id\":\"https:\\\/\\\/stebby.eu\\\/et\\\/stebby-athlete-taavi-kruut-ehk-matkataavi-seikluspisikust-tuleb-seljakott-selga-votta-ja-minna\\\/#article\",\"isPartOf\":{\"@id\":\"https:\\\/\\\/stebby.eu\\\/et\\\/stebby-athlete-taavi-kruut-ehk-matkataavi-seikluspisikust-tuleb-seljakott-selga-votta-ja-minna\\\/\"},\"author\":{\"name\":\"Ott Pluum\",\"@id\":\"https:\\\/\\\/stebby.eu\\\/#\\\/schema\\\/person\\\/d075707c7ef408365f129801314590ba\"},\"headline\":\"Stebby Athlete Taavi Kruut ehk matkataavi seikluspisikust: &#8220;Tuleb seljakott selga v\u00f5tta ja minna!&#8221;\",\"datePublished\":\"2026-09-02T08:23:10+00:00\",\"dateModified\":\"2026-09-02T08:27:36+00:00\",\"mainEntityOfPage\":{\"@id\":\"https:\\\/\\\/stebby.eu\\\/et\\\/stebby-athlete-taavi-kruut-ehk-matkataavi-seikluspisikust-tuleb-seljakott-selga-votta-ja-minna\\\/\"},\"wordCount\":1760,\"publisher\":{\"@id\":\"https:\\\/\\\/stebby.eu\\\/#organization\"},\"image\":{\"@id\":\"https:\\\/\\\/stebby.eu\\\/et\\\/stebby-athlete-taavi-kruut-ehk-matkataavi-seikluspisikust-tuleb-seljakott-selga-votta-ja-minna\\\/#primaryimage\"},\"thumbnailUrl\":\"https:\\\/\\\/i0.wp.com\\\/stebby.eu\\\/wp-content\\\/uploads\\\/2026\\\/09\\\/IMG_4006-1.jpg?fit=1096%2C1256&ssl=1\",\"articleSection\":[\"#readystebbygo\"],\"inLanguage\":\"et\"},{\"@type\":\"WebPage\",\"@id\":\"https:\\\/\\\/stebby.eu\\\/et\\\/stebby-athlete-taavi-kruut-ehk-matkataavi-seikluspisikust-tuleb-seljakott-selga-votta-ja-minna\\\/\",\"url\":\"https:\\\/\\\/stebby.eu\\\/et\\\/stebby-athlete-taavi-kruut-ehk-matkataavi-seikluspisikust-tuleb-seljakott-selga-votta-ja-minna\\\/\",\"name\":\"Stebby Athlete Taavi Kruut ehk matkataavi seikluspisikust: \\\"Tuleb seljakott selga v\u00f5tta ja minna!\\\" - Stebby\",\"isPartOf\":{\"@id\":\"https:\\\/\\\/stebby.eu\\\/#website\"},\"primaryImageOfPage\":{\"@id\":\"https:\\\/\\\/stebby.eu\\\/et\\\/stebby-athlete-taavi-kruut-ehk-matkataavi-seikluspisikust-tuleb-seljakott-selga-votta-ja-minna\\\/#primaryimage\"},\"image\":{\"@id\":\"https:\\\/\\\/stebby.eu\\\/et\\\/stebby-athlete-taavi-kruut-ehk-matkataavi-seikluspisikust-tuleb-seljakott-selga-votta-ja-minna\\\/#primaryimage\"},\"thumbnailUrl\":\"https:\\\/\\\/i0.wp.com\\\/stebby.eu\\\/wp-content\\\/uploads\\\/2026\\\/09\\\/IMG_4006-1.jpg?fit=1096%2C1256&ssl=1\",\"datePublished\":\"2026-09-02T08:23:10+00:00\",\"dateModified\":\"2026-09-02T08:27:36+00:00\",\"breadcrumb\":{\"@id\":\"https:\\\/\\\/stebby.eu\\\/et\\\/stebby-athlete-taavi-kruut-ehk-matkataavi-seikluspisikust-tuleb-seljakott-selga-votta-ja-minna\\\/#breadcrumb\"},\"inLanguage\":\"et\",\"potentialAction\":[{\"@type\":\"ReadAction\",\"target\":[\"https:\\\/\\\/stebby.eu\\\/et\\\/stebby-athlete-taavi-kruut-ehk-matkataavi-seikluspisikust-tuleb-seljakott-selga-votta-ja-minna\\\/\"]}]},{\"@type\":\"ImageObject\",\"inLanguage\":\"et\",\"@id\":\"https:\\\/\\\/stebby.eu\\\/et\\\/stebby-athlete-taavi-kruut-ehk-matkataavi-seikluspisikust-tuleb-seljakott-selga-votta-ja-minna\\\/#primaryimage\",\"url\":\"https:\\\/\\\/i0.wp.com\\\/stebby.eu\\\/wp-content\\\/uploads\\\/2026\\\/09\\\/IMG_4006-1.jpg?fit=1096%2C1256&ssl=1\",\"contentUrl\":\"https:\\\/\\\/i0.wp.com\\\/stebby.eu\\\/wp-content\\\/uploads\\\/2026\\\/09\\\/IMG_4006-1.jpg?fit=1096%2C1256&ssl=1\",\"width\":1096,\"height\":1256},{\"@type\":\"BreadcrumbList\",\"@id\":\"https:\\\/\\\/stebby.eu\\\/et\\\/stebby-athlete-taavi-kruut-ehk-matkataavi-seikluspisikust-tuleb-seljakott-selga-votta-ja-minna\\\/#breadcrumb\",\"itemListElement\":[{\"@type\":\"ListItem\",\"position\":1,\"name\":\"Home\",\"item\":\"https:\\\/\\\/stebby.eu\\\/et\\\/\"},{\"@type\":\"ListItem\",\"position\":2,\"name\":\"Stebby Athlete Taavi Kruut ehk matkataavi seikluspisikust: &#8220;Tuleb seljakott selga v\u00f5tta ja minna!&#8221;\"}]},{\"@type\":\"WebSite\",\"@id\":\"https:\\\/\\\/stebby.eu\\\/#website\",\"url\":\"https:\\\/\\\/stebby.eu\\\/\",\"name\":\"Stebby\",\"description\":\"\",\"publisher\":{\"@id\":\"https:\\\/\\\/stebby.eu\\\/#organization\"},\"potentialAction\":[{\"@type\":\"SearchAction\",\"target\":{\"@type\":\"EntryPoint\",\"urlTemplate\":\"https:\\\/\\\/stebby.eu\\\/?s={search_term_string}\"},\"query-input\":{\"@type\":\"PropertyValueSpecification\",\"valueRequired\":true,\"valueName\":\"search_term_string\"}}],\"inLanguage\":\"et\"},{\"@type\":\"Organization\",\"@id\":\"https:\\\/\\\/stebby.eu\\\/#organization\",\"name\":\"Stebby\",\"url\":\"https:\\\/\\\/stebby.eu\\\/\",\"logo\":{\"@type\":\"ImageObject\",\"inLanguage\":\"et\",\"@id\":\"https:\\\/\\\/stebby.eu\\\/#\\\/schema\\\/logo\\\/image\\\/\",\"url\":\"https:\\\/\\\/stebby.eu\\\/wp-content\\\/uploads\\\/2020\\\/10\\\/stebby3-1.png\",\"contentUrl\":\"https:\\\/\\\/stebby.eu\\\/wp-content\\\/uploads\\\/2020\\\/10\\\/stebby3-1.png\",\"width\":256,\"height\":256,\"caption\":\"Stebby\"},\"image\":{\"@id\":\"https:\\\/\\\/stebby.eu\\\/#\\\/schema\\\/logo\\\/image\\\/\"},\"sameAs\":[\"https:\\\/\\\/www.facebook.com\\\/stebby\\\/\",\"https:\\\/\\\/instagram.com\\\/stebby.eesti\",\"https:\\\/\\\/www.linkedin.com\\\/company\\\/stebby\\\/\"]},{\"@type\":\"Person\",\"@id\":\"https:\\\/\\\/stebby.eu\\\/#\\\/schema\\\/person\\\/d075707c7ef408365f129801314590ba\",\"name\":\"Ott Pluum\",\"image\":{\"@type\":\"ImageObject\",\"inLanguage\":\"et\",\"@id\":\"https:\\\/\\\/secure.gravatar.com\\\/avatar\\\/0b770a30f2d1e1f9a9f7bb38661ea0680c2c8dd65bc89622a81d8e0112d2864b?s=96&d=mm&r=g\",\"url\":\"https:\\\/\\\/secure.gravatar.com\\\/avatar\\\/0b770a30f2d1e1f9a9f7bb38661ea0680c2c8dd65bc89622a81d8e0112d2864b?s=96&d=mm&r=g\",\"contentUrl\":\"https:\\\/\\\/secure.gravatar.com\\\/avatar\\\/0b770a30f2d1e1f9a9f7bb38661ea0680c2c8dd65bc89622a81d8e0112d2864b?s=96&d=mm&r=g\",\"caption\":\"Ott Pluum\"},\"url\":\"https:\\\/\\\/stebby.eu\\\/et\\\/author\\\/ottpluum\\\/\"}]}<\/script>\n<!-- \/ Yoast SEO plugin. -->","yoast_head_json":{"title":"Stebby Athlete Taavi Kruut ehk matkataavi seikluspisikust: \"Tuleb seljakott selga v\u00f5tta ja minna!\" - Stebby","robots":{"index":"index","follow":"follow","max-snippet":"max-snippet:-1","max-image-preview":"max-image-preview:large","max-video-preview":"max-video-preview:-1"},"canonical":"https:\/\/stebby.eu\/et\/stebby-athlete-taavi-kruut-ehk-matkataavi-seikluspisikust-tuleb-seljakott-selga-votta-ja-minna\/","og_locale":"et_EE","og_type":"article","og_title":"Stebby Athlete Taavi Kruut ehk matkataavi seikluspisikust: \"Tuleb seljakott selga v\u00f5tta ja minna!\" - Stebby","og_description":"Taavi Kruut ehk matkataavi on seikleja ja matkaja nii Eestis kui v\u00e4lismaal. V\u00e4rske Stebby Athlete nime all saad tutvuda temaga eelmises blogis &#8220;6 k\u00fcsimust ja vastust: Stebby Athlete Taavi Kruut&#8221;. Milliseid m\u00e4gesid Taavi aga vallutanud on ning kuidas ta 11-aastaselt juba m\u00e4egiididele silmi ette tegi. K\u00f5igest altpoolt l\u00e4hemalt. Alustame viimasest reisist: Ibn Sina ehk Lenini...","og_url":"https:\/\/stebby.eu\/et\/stebby-athlete-taavi-kruut-ehk-matkataavi-seikluspisikust-tuleb-seljakott-selga-votta-ja-minna\/","og_site_name":"Stebby","article_publisher":"https:\/\/www.facebook.com\/stebby\/","article_published_time":"2026-09-02T08:23:10+00:00","article_modified_time":"2026-09-02T08:27:36+00:00","og_image":[{"width":1096,"height":1256,"url":"https:\/\/stebby.eu\/wp-content\/uploads\/2026\/09\/IMG_4006-1.jpg","type":"image\/jpeg"}],"author":"Ott Pluum","twitter_card":"summary_large_image","twitter_misc":{"Kirjutanud":"Ott Pluum","Eeldatav lugemisaeg":"8 minutit"},"schema":{"@context":"https:\/\/schema.org","@graph":[{"@type":"Article","@id":"https:\/\/stebby.eu\/et\/stebby-athlete-taavi-kruut-ehk-matkataavi-seikluspisikust-tuleb-seljakott-selga-votta-ja-minna\/#article","isPartOf":{"@id":"https:\/\/stebby.eu\/et\/stebby-athlete-taavi-kruut-ehk-matkataavi-seikluspisikust-tuleb-seljakott-selga-votta-ja-minna\/"},"author":{"name":"Ott Pluum","@id":"https:\/\/stebby.eu\/#\/schema\/person\/d075707c7ef408365f129801314590ba"},"headline":"Stebby Athlete Taavi Kruut ehk matkataavi seikluspisikust: &#8220;Tuleb seljakott selga v\u00f5tta ja minna!&#8221;","datePublished":"2026-09-02T08:23:10+00:00","dateModified":"2026-09-02T08:27:36+00:00","mainEntityOfPage":{"@id":"https:\/\/stebby.eu\/et\/stebby-athlete-taavi-kruut-ehk-matkataavi-seikluspisikust-tuleb-seljakott-selga-votta-ja-minna\/"},"wordCount":1760,"publisher":{"@id":"https:\/\/stebby.eu\/#organization"},"image":{"@id":"https:\/\/stebby.eu\/et\/stebby-athlete-taavi-kruut-ehk-matkataavi-seikluspisikust-tuleb-seljakott-selga-votta-ja-minna\/#primaryimage"},"thumbnailUrl":"https:\/\/i0.wp.com\/stebby.eu\/wp-content\/uploads\/2026\/09\/IMG_4006-1.jpg?fit=1096%2C1256&ssl=1","articleSection":["#readystebbygo"],"inLanguage":"et"},{"@type":"WebPage","@id":"https:\/\/stebby.eu\/et\/stebby-athlete-taavi-kruut-ehk-matkataavi-seikluspisikust-tuleb-seljakott-selga-votta-ja-minna\/","url":"https:\/\/stebby.eu\/et\/stebby-athlete-taavi-kruut-ehk-matkataavi-seikluspisikust-tuleb-seljakott-selga-votta-ja-minna\/","name":"Stebby Athlete Taavi Kruut ehk matkataavi seikluspisikust: \"Tuleb seljakott selga v\u00f5tta ja minna!\" - Stebby","isPartOf":{"@id":"https:\/\/stebby.eu\/#website"},"primaryImageOfPage":{"@id":"https:\/\/stebby.eu\/et\/stebby-athlete-taavi-kruut-ehk-matkataavi-seikluspisikust-tuleb-seljakott-selga-votta-ja-minna\/#primaryimage"},"image":{"@id":"https:\/\/stebby.eu\/et\/stebby-athlete-taavi-kruut-ehk-matkataavi-seikluspisikust-tuleb-seljakott-selga-votta-ja-minna\/#primaryimage"},"thumbnailUrl":"https:\/\/i0.wp.com\/stebby.eu\/wp-content\/uploads\/2026\/09\/IMG_4006-1.jpg?fit=1096%2C1256&ssl=1","datePublished":"2026-09-02T08:23:10+00:00","dateModified":"2026-09-02T08:27:36+00:00","breadcrumb":{"@id":"https:\/\/stebby.eu\/et\/stebby-athlete-taavi-kruut-ehk-matkataavi-seikluspisikust-tuleb-seljakott-selga-votta-ja-minna\/#breadcrumb"},"inLanguage":"et","potentialAction":[{"@type":"ReadAction","target":["https:\/\/stebby.eu\/et\/stebby-athlete-taavi-kruut-ehk-matkataavi-seikluspisikust-tuleb-seljakott-selga-votta-ja-minna\/"]}]},{"@type":"ImageObject","inLanguage":"et","@id":"https:\/\/stebby.eu\/et\/stebby-athlete-taavi-kruut-ehk-matkataavi-seikluspisikust-tuleb-seljakott-selga-votta-ja-minna\/#primaryimage","url":"https:\/\/i0.wp.com\/stebby.eu\/wp-content\/uploads\/2026\/09\/IMG_4006-1.jpg?fit=1096%2C1256&ssl=1","contentUrl":"https:\/\/i0.wp.com\/stebby.eu\/wp-content\/uploads\/2026\/09\/IMG_4006-1.jpg?fit=1096%2C1256&ssl=1","width":1096,"height":1256},{"@type":"BreadcrumbList","@id":"https:\/\/stebby.eu\/et\/stebby-athlete-taavi-kruut-ehk-matkataavi-seikluspisikust-tuleb-seljakott-selga-votta-ja-minna\/#breadcrumb","itemListElement":[{"@type":"ListItem","position":1,"name":"Home","item":"https:\/\/stebby.eu\/et\/"},{"@type":"ListItem","position":2,"name":"Stebby Athlete Taavi Kruut ehk matkataavi seikluspisikust: &#8220;Tuleb seljakott selga v\u00f5tta ja minna!&#8221;"}]},{"@type":"WebSite","@id":"https:\/\/stebby.eu\/#website","url":"https:\/\/stebby.eu\/","name":"Stebby","description":"","publisher":{"@id":"https:\/\/stebby.eu\/#organization"},"potentialAction":[{"@type":"SearchAction","target":{"@type":"EntryPoint","urlTemplate":"https:\/\/stebby.eu\/?s={search_term_string}"},"query-input":{"@type":"PropertyValueSpecification","valueRequired":true,"valueName":"search_term_string"}}],"inLanguage":"et"},{"@type":"Organization","@id":"https:\/\/stebby.eu\/#organization","name":"Stebby","url":"https:\/\/stebby.eu\/","logo":{"@type":"ImageObject","inLanguage":"et","@id":"https:\/\/stebby.eu\/#\/schema\/logo\/image\/","url":"https:\/\/stebby.eu\/wp-content\/uploads\/2020\/10\/stebby3-1.png","contentUrl":"https:\/\/stebby.eu\/wp-content\/uploads\/2020\/10\/stebby3-1.png","width":256,"height":256,"caption":"Stebby"},"image":{"@id":"https:\/\/stebby.eu\/#\/schema\/logo\/image\/"},"sameAs":["https:\/\/www.facebook.com\/stebby\/","https:\/\/instagram.com\/stebby.eesti","https:\/\/www.linkedin.com\/company\/stebby\/"]},{"@type":"Person","@id":"https:\/\/stebby.eu\/#\/schema\/person\/d075707c7ef408365f129801314590ba","name":"Ott Pluum","image":{"@type":"ImageObject","inLanguage":"et","@id":"https:\/\/secure.gravatar.com\/avatar\/0b770a30f2d1e1f9a9f7bb38661ea0680c2c8dd65bc89622a81d8e0112d2864b?s=96&d=mm&r=g","url":"https:\/\/secure.gravatar.com\/avatar\/0b770a30f2d1e1f9a9f7bb38661ea0680c2c8dd65bc89622a81d8e0112d2864b?s=96&d=mm&r=g","contentUrl":"https:\/\/secure.gravatar.com\/avatar\/0b770a30f2d1e1f9a9f7bb38661ea0680c2c8dd65bc89622a81d8e0112d2864b?s=96&d=mm&r=g","caption":"Ott Pluum"},"url":"https:\/\/stebby.eu\/et\/author\/ottpluum\/"}]}},"jetpack_sharing_enabled":true,"jetpack_featured_media_url":"https:\/\/i0.wp.com\/stebby.eu\/wp-content\/uploads\/2026\/09\/IMG_4006-1.jpg?fit=1096%2C1256&ssl=1","_links":{"self":[{"href":"https:\/\/stebby.eu\/et\/wp-json\/wp\/v2\/posts\/21328","targetHints":{"allow":["GET"]}}],"collection":[{"href":"https:\/\/stebby.eu\/et\/wp-json\/wp\/v2\/posts"}],"about":[{"href":"https:\/\/stebby.eu\/et\/wp-json\/wp\/v2\/types\/post"}],"author":[{"embeddable":true,"href":"https:\/\/stebby.eu\/et\/wp-json\/wp\/v2\/users\/8"}],"replies":[{"embeddable":true,"href":"https:\/\/stebby.eu\/et\/wp-json\/wp\/v2\/comments?post=21328"}],"version-history":[{"count":3,"href":"https:\/\/stebby.eu\/et\/wp-json\/wp\/v2\/posts\/21328\/revisions"}],"predecessor-version":[{"id":21346,"href":"https:\/\/stebby.eu\/et\/wp-json\/wp\/v2\/posts\/21328\/revisions\/21346"}],"wp:featuredmedia":[{"embeddable":true,"href":"https:\/\/stebby.eu\/et\/wp-json\/wp\/v2\/media\/21339"}],"wp:attachment":[{"href":"https:\/\/stebby.eu\/et\/wp-json\/wp\/v2\/media?parent=21328"}],"wp:term":[{"taxonomy":"category","embeddable":true,"href":"https:\/\/stebby.eu\/et\/wp-json\/wp\/v2\/categories?post=21328"},{"taxonomy":"post_tag","embeddable":true,"href":"https:\/\/stebby.eu\/et\/wp-json\/wp\/v2\/tags?post=21328"}],"curies":[{"name":"wp","href":"https:\/\/api.w.org\/{rel}","templated":true}]}}