{"id":2864,"date":"2020-05-03T15:42:06","date_gmt":"2020-05-03T13:42:06","guid":{"rendered":"https:\/\/sportideas.blog\/?p=2864"},"modified":"2020-05-03T15:42:06","modified_gmt":"2020-05-03T13:42:06","slug":"toimus-disci-jooksu-maailma-esmaesitlus","status":"publish","type":"post","link":"https:\/\/stebby.eu\/et\/toimus-disci-jooksu-maailma-esmaesitlus\/","title":{"rendered":"Toimus disci-jooksu maailma esmaesitlus"},"content":{"rendered":"\n<p style=\"text-align: justify;\">Laup\u00e4eval, 2. mail toimus Tartus uue spordiala avav\u00f5istlus. 5 km eraldistardist <strong>disci-jooksu<\/strong> esimesteks Eesti meistriteks ja \u00fcle\u00fcldse esimesteks v\u00f5itjateks spordiala ajaloos krooniti naistest <strong>Laura Maasik<\/strong> ja meestest <strong>Karel Viigipuu<\/strong>. V\u00f5istlusel osales 12 hoolikalt valitud sportlast, teiste seas ka ol\u00fcmpiasportlased <strong>Johanna Talih\u00e4rm<\/strong> ja <strong>Kaire Leibak.<\/strong> Kolmetunnisele <em>live<\/em>-\u00fclekandele sai kaasa elada <a href=\"https:\/\/www.facebook.com\/sportidcom\/\">SportID Facebooki<\/a> vahendusel.<\/p>\n<p style=\"text-align: justify;\">Uus spordiala on kombineeritud 5 km jooksust ning discgolfi visetest 5 m kauguselt. Nagu laskesuusatajad kannavad oma p\u00fcssi rajal kaasas, nii tuli ka uue spordiala esindajatel 5 ketast seljakotiga rajale kaasa v\u00f5tta ning need p\u00e4rast iga viskeringi ka kotti kokku korjata. Kokku tuli l\u00e4bida v\u00f5istlejatel <strong>4 visketiiru<\/strong> ning iga eksimuse eest oli vaja l\u00e4bi <strong>75 m<\/strong> <strong>trahviring<\/strong>.<\/p>\n<p style=\"text-align: justify;\">V\u00f5istluse v\u00f5itjateks olid teatud m\u00f5ttes suursoosikud &#8211; <strong>Karel Viigipuu ja Laura Maasik<\/strong>. Karel Viigipuu on tuntud kestvussportlane ning lisaks laskesuusatamisele on osalenud ka Eesti meistriv\u00f5istlustel kergej\u00f5ustikus. Laura Maasik on mitmekordne Eesti parim rahvasportlane ning saavutanud hiljuti Eesti sisemeistriv\u00f5istlustel 3000 m jooksus h\u00f5bemedali.<\/p>\n<p style=\"text-align: justify;\">Rahvasportlastele oli tegemist ilmselgelt sobiva alaga, sest meeste klassis saavutas teise koha M40 v\u00f5istlusklassi m\u00f6\u00f6dunud aasta Eesti parim rahvasportlane <strong>Aivo Kaljum\u00e4e<\/strong>. Kaljum\u00e4e trumbiks oli tema t\u00e4pne k\u00e4si, kuna trahviringe kogunes tal k\u00f5ige v\u00e4hem &#8211; k\u00f5igest kolm. Meeste klassis oli kolmas <strong>Jano J\u00e4rvelaid<\/strong>, kes on viimasel neljal hooajal olnud Eesti parim rahvasportlane. Vaheajapunktides \u00f5nnestus Aivol ja Janol ka v\u00f5istlust juhtida ning Aivo oli v\u00f5istluste liider teisele ringile minnes ja Jano p\u00fcsis esimesel kohal veel kolmandalt ringilt tulles, edestades Viigipuud 7 sekundiga. P\u00e4rast kolmandat visketiiru p\u00f6\u00f6ras Viigipuu v\u00f5istluse aga enda kasuks ning edu enam k\u00e4est ei andnud, fini\u0161eerides v\u00f5iduajaga <strong>24:17<\/strong>. Jano kogus aga viimases tiirus veel koguni neli trahvi oma varasemale neljale juurde ning pidi ka teise koha loovutama Kaljum\u00e4ele. Jano J\u00e4rvelaidi ja Aivo Kaljum\u00e4e ajad olid v\u00f5istluse l\u00f5puks vastavalt 25:16 ja 25:55.<\/p>\n<p style=\"text-align: justify;\">Naiste arvestuses osutus v\u00e4ga sitkeks jooksjaks rannav\u00f5rkpalli tipp <strong>Liisa Soomets<\/strong>. Kui v\u00f5rkpallurid ei ole just tuntud pikamaajooksu s\u00f5brad, siis Liisa on kindlasti erand. Esimese ringi j\u00e4rel oli tal kaotust liidrile vaid 15 sekundit, kuigi l\u00f5puks venis k\u00fcll vahe 5 minuti peale, siis piisas sellest naiste arvestuses teiseks kohaks. Naiste arvestuse v\u00f5itja <strong>Laura Maasiku<\/strong> aeg 24:50 oli aga nii v\u00f5imas, et sellega oleks saavutanud ka meeste klassis k\u00f5rge teise koha.<\/p>\n<p style=\"text-align: justify;\">Naiste arvestuses sai kolmanda koha laskesuusataja <strong>Johanna Talih\u00e4rm<\/strong>. V\u00f5istluste j\u00e4rel kinnitas Talih\u00e4rm, et nautis v\u00f5istlust t\u00e4iega, kuid laskesuusatamine meeldib talle rohkem.P\u00f5hjus selleks lihtne &#8211; ta on seda rohkem harjutanud. Enda jooksuvormi hindas Johanna hetkel keskp\u00e4raseks, sest aprill on hooajaj\u00e4rgne puhkekuu, kus vorm l\u00e4heb t\u00e4itsa alla.<\/p>\n<p style=\"text-align: justify;\">Kui v\u00e4lja oleks jagatud k\u00f5ige pikema distantsi l\u00e4bija eriauhind, siis meeste klassis oleks selle endale napsanud endine tipptasemel jooksu\u00e4ss <strong>Margus Pirksaar<\/strong>, kellel \u00f5nnestus v\u00e4lja teenida ja auga l\u00e4bida 15 trahviringi. V\u00f5istluse j\u00e4rgselt hindas vanameister, et 5 km distants on selline huvitav, sest kogu aeg tuleb &#8220;vajutada punases&#8221;, aga samas ei saa tempot liialt \u00fcles kruttida, sest maa on ikkagi \u00fcsna pikk. Ebat\u00e4pset viskek\u00e4tt \u00f5igustas ta humoorikalt sellega, et unustas p\u00e4rast pealelaskmist korrektuurid teha ning seet\u00f5ttu maandusid kettad naaberaias. Kohalolijate kinnitusel \u00f5nneks visked nii m\u00f6\u00f6da ei lennanud.<\/p>\n<p style=\"text-align: justify;\">Eesti m\u00f6\u00f6dunud aasta parim kettagolfi mees <strong>Albert Tamm<\/strong> pidi tunnistama v\u00f5istlusel kestvussportlaste paremust. Aeg 27.46 annab tunnistus siiski v\u00e4ga heast vastupidavusest, kuid kahjuks j\u00e4i ideaalselt realiseerimata Alberti trump, ehk eksimusi kogunes tiirudes viis, mis andis 5 m visete edetabelis ootamatu teise koha. V\u00f5istlusformaadile j\u00e4tkus Albertil kiidus\u00f5nu ning usku, et see v\u00f5iks olla v\u00e4ga lahe ka kuskil v\u00e4ljakutsuvama maastiku peal. Viiemeetrist distantsi hindas ta piisavaks, tuues n\u00e4iteks, et isegi tema eksis seal v\u00e4simuse foonil olles.<\/p>\n<h2 style=\"text-align: justify;\">Tulemused<\/h2>\n<p style=\"text-align: justify;\"><span class=\"text_exposed_show\">1 M Karel Viigipuu 24:17 (9 trahvi)<br \/>1 N Laura Maasik 24:50 (8)<br \/>2 M Aivo Kaljum\u00e4e 25:16 (3)<br \/>3 M Jano J\u00e4rvelaid 25:55 (8)<br \/>4 M Marti Soosaar 26:10 (8)<br \/>5 M Margus Pirksaar 26:16 (15)<br \/>6 M Albert Tamm 27:46 (5)<br \/>2 N Liisa Soomets 30:10 (9)<br \/>3 N Johanna Talih\u00e4rm 31:00 (13)<br \/>4 N Maris Tamm 32:53 (16)<br \/>5 N Hanna Britt Laursoo 33:59 (11)<br \/>6 N Kaire Leibak 39:05 (13)<\/span><\/p>\n<h2 style=\"text-align: justify;\">V\u00f5istlusp\u00e4eva videokokkuv\u00f5tted<\/h2>\n<p style=\"text-align: justify;\"><iframe loading=\"lazy\" src=\"https:\/\/www.youtube.com\/embed\/3mDP5QXBfyo\" width=\"560\" height=\"315\" frameborder=\"0\" allowfullscreen=\"allowfullscreen\"><\/iframe><\/p>\n<p style=\"text-align: justify;\">15-minutine l\u00fchikokkuv\u00f5te Youtube kanalil<\/p>\n<p style=\"text-align: justify;\"><iframe loading=\"lazy\" style=\"border: none; overflow: hidden;\" src=\"https:\/\/www.facebook.com\/plugins\/video.php?href=https%3A%2F%2Fwww.facebook.com%2Fsportidcom%2Fvideos%2F910298929406817%2F&amp;show_text=0&amp;width=560\" width=\"560\" height=\"315\" frameborder=\"0\" scrolling=\"no\" allowfullscreen=\"allowfullscreen\"><\/iframe><\/p>\n<p style=\"text-align: justify;\">Lisaks leiad tunnise meeleoluka \u00fclevaate tipphetkedest ja v\u00f5istluse kulminatsioonist <a href=\"https:\/\/www.facebook.com\/sportidcom\/\">SportID Facebooki<\/a> lehel.<\/p>\n<p style=\"text-align: justify;\">\u00a0<\/p>\n","protected":false},"excerpt":{"rendered":"","protected":false},"author":10,"featured_media":2865,"comment_status":"open","ping_status":"open","sticky":false,"template":"","format":"standard","meta":{"_jetpack_memberships_contains_paid_content":false,"footnotes":""},"categories":[24,28],"tags":[],"class_list":["post-2864","post","type-post","status-publish","format-standard","has-post-thumbnail","hentry","category-liikumine","category-spordiyritus"],"yoast_head":"<!-- This site is optimized with the Yoast SEO plugin v26.8 - https:\/\/yoast.com\/product\/yoast-seo-wordpress\/ -->\n<title>Toimus disci-jooksu maailma esmaesitlus - Stebby<\/title>\n<meta name=\"robots\" content=\"index, follow, max-snippet:-1, max-image-preview:large, max-video-preview:-1\" \/>\n<link rel=\"canonical\" href=\"https:\/\/stebby.eu\/et\/toimus-disci-jooksu-maailma-esmaesitlus\/\" \/>\n<meta property=\"og:locale\" content=\"et_EE\" \/>\n<meta property=\"og:type\" content=\"article\" \/>\n<meta property=\"og:title\" content=\"Toimus disci-jooksu maailma esmaesitlus - Stebby\" \/>\n<meta property=\"og:url\" content=\"https:\/\/stebby.eu\/et\/toimus-disci-jooksu-maailma-esmaesitlus\/\" \/>\n<meta property=\"og:site_name\" content=\"Stebby\" \/>\n<meta property=\"article:publisher\" content=\"https:\/\/www.facebook.com\/stebby\/\" \/>\n<meta property=\"article:published_time\" content=\"2020-05-03T13:42:06+00:00\" \/>\n<meta property=\"og:image\" content=\"https:\/\/stebby.eu\/wp-content\/uploads\/2020\/05\/IMG_2551-scaled-1.jpeg\" \/>\n\t<meta property=\"og:image:width\" content=\"2560\" \/>\n\t<meta property=\"og:image:height\" content=\"1920\" \/>\n\t<meta property=\"og:image:type\" content=\"image\/jpeg\" \/>\n<meta name=\"author\" content=\"ando.haldna\" \/>\n<meta name=\"twitter:card\" content=\"summary_large_image\" \/>\n<meta name=\"twitter:label1\" content=\"Written by\" \/>\n\t<meta name=\"twitter:data1\" content=\"ando.haldna\" \/>\n\t<meta name=\"twitter:label2\" content=\"Est. reading time\" \/>\n\t<meta name=\"twitter:data2\" content=\"3 minutit\" \/>\n<script type=\"application\/ld+json\" class=\"yoast-schema-graph\">{\"@context\":\"https:\/\/schema.org\",\"@graph\":[{\"@type\":\"Article\",\"@id\":\"https:\/\/stebby.eu\/et\/toimus-disci-jooksu-maailma-esmaesitlus\/#article\",\"isPartOf\":{\"@id\":\"https:\/\/stebby.eu\/et\/toimus-disci-jooksu-maailma-esmaesitlus\/\"},\"author\":{\"name\":\"ando.haldna\",\"@id\":\"https:\/\/stebby.eu\/#\/schema\/person\/d6c3f74d164fdb457c8de98518edbb4f\"},\"headline\":\"Toimus disci-jooksu maailma esmaesitlus\",\"datePublished\":\"2020-05-03T13:42:06+00:00\",\"mainEntityOfPage\":{\"@id\":\"https:\/\/stebby.eu\/et\/toimus-disci-jooksu-maailma-esmaesitlus\/\"},\"wordCount\":698,\"commentCount\":0,\"publisher\":{\"@id\":\"https:\/\/stebby.eu\/#organization\"},\"image\":{\"@id\":\"https:\/\/stebby.eu\/et\/toimus-disci-jooksu-maailma-esmaesitlus\/#primaryimage\"},\"thumbnailUrl\":\"https:\/\/i0.wp.com\/stebby.eu\/wp-content\/uploads\/2020\/05\/IMG_2551-scaled-1.jpeg?fit=2560%2C1920&ssl=1\",\"articleSection\":[\"Liikumine\",\"Spordi\u00fcritus\"],\"inLanguage\":\"et\",\"potentialAction\":[{\"@type\":\"CommentAction\",\"name\":\"Comment\",\"target\":[\"https:\/\/stebby.eu\/et\/toimus-disci-jooksu-maailma-esmaesitlus\/#respond\"]}]},{\"@type\":\"WebPage\",\"@id\":\"https:\/\/stebby.eu\/et\/toimus-disci-jooksu-maailma-esmaesitlus\/\",\"url\":\"https:\/\/stebby.eu\/et\/toimus-disci-jooksu-maailma-esmaesitlus\/\",\"name\":\"Toimus disci-jooksu maailma esmaesitlus - Stebby\",\"isPartOf\":{\"@id\":\"https:\/\/stebby.eu\/#website\"},\"primaryImageOfPage\":{\"@id\":\"https:\/\/stebby.eu\/et\/toimus-disci-jooksu-maailma-esmaesitlus\/#primaryimage\"},\"image\":{\"@id\":\"https:\/\/stebby.eu\/et\/toimus-disci-jooksu-maailma-esmaesitlus\/#primaryimage\"},\"thumbnailUrl\":\"https:\/\/i0.wp.com\/stebby.eu\/wp-content\/uploads\/2020\/05\/IMG_2551-scaled-1.jpeg?fit=2560%2C1920&ssl=1\",\"datePublished\":\"2020-05-03T13:42:06+00:00\",\"breadcrumb\":{\"@id\":\"https:\/\/stebby.eu\/et\/toimus-disci-jooksu-maailma-esmaesitlus\/#breadcrumb\"},\"inLanguage\":\"et\",\"potentialAction\":[{\"@type\":\"ReadAction\",\"target\":[\"https:\/\/stebby.eu\/et\/toimus-disci-jooksu-maailma-esmaesitlus\/\"]}]},{\"@type\":\"ImageObject\",\"inLanguage\":\"et\",\"@id\":\"https:\/\/stebby.eu\/et\/toimus-disci-jooksu-maailma-esmaesitlus\/#primaryimage\",\"url\":\"https:\/\/i0.wp.com\/stebby.eu\/wp-content\/uploads\/2020\/05\/IMG_2551-scaled-1.jpeg?fit=2560%2C1920&ssl=1\",\"contentUrl\":\"https:\/\/i0.wp.com\/stebby.eu\/wp-content\/uploads\/2020\/05\/IMG_2551-scaled-1.jpeg?fit=2560%2C1920&ssl=1\",\"width\":2560,\"height\":1920,\"caption\":\"Maailma esimese disci-jooksu v\u00f5itjad on Laura Maasik ja Karel Viigipuu\"},{\"@type\":\"BreadcrumbList\",\"@id\":\"https:\/\/stebby.eu\/et\/toimus-disci-jooksu-maailma-esmaesitlus\/#breadcrumb\",\"itemListElement\":[{\"@type\":\"ListItem\",\"position\":1,\"name\":\"Home\",\"item\":\"https:\/\/stebby.eu\/et\/\"},{\"@type\":\"ListItem\",\"position\":2,\"name\":\"Toimus disci-jooksu maailma esmaesitlus\"}]},{\"@type\":\"WebSite\",\"@id\":\"https:\/\/stebby.eu\/#website\",\"url\":\"https:\/\/stebby.eu\/\",\"name\":\"Stebby\",\"description\":\"\",\"publisher\":{\"@id\":\"https:\/\/stebby.eu\/#organization\"},\"potentialAction\":[{\"@type\":\"SearchAction\",\"target\":{\"@type\":\"EntryPoint\",\"urlTemplate\":\"https:\/\/stebby.eu\/?s={search_term_string}\"},\"query-input\":{\"@type\":\"PropertyValueSpecification\",\"valueRequired\":true,\"valueName\":\"search_term_string\"}}],\"inLanguage\":\"et\"},{\"@type\":\"Organization\",\"@id\":\"https:\/\/stebby.eu\/#organization\",\"name\":\"Stebby\",\"url\":\"https:\/\/stebby.eu\/\",\"logo\":{\"@type\":\"ImageObject\",\"inLanguage\":\"et\",\"@id\":\"https:\/\/stebby.eu\/#\/schema\/logo\/image\/\",\"url\":\"https:\/\/stebby.eu\/wp-content\/uploads\/2020\/10\/stebby3-1.png\",\"contentUrl\":\"https:\/\/stebby.eu\/wp-content\/uploads\/2020\/10\/stebby3-1.png\",\"width\":256,\"height\":256,\"caption\":\"Stebby\"},\"image\":{\"@id\":\"https:\/\/stebby.eu\/#\/schema\/logo\/image\/\"},\"sameAs\":[\"https:\/\/www.facebook.com\/stebby\/\",\"https:\/\/instagram.com\/stebby.eesti\",\"https:\/\/www.linkedin.com\/company\/stebby\/\"]},{\"@type\":\"Person\",\"@id\":\"https:\/\/stebby.eu\/#\/schema\/person\/d6c3f74d164fdb457c8de98518edbb4f\",\"name\":\"ando.haldna\",\"image\":{\"@type\":\"ImageObject\",\"inLanguage\":\"et\",\"@id\":\"https:\/\/stebby.eu\/#\/schema\/person\/image\/\",\"url\":\"https:\/\/secure.gravatar.com\/avatar\/70bf464c17ff04ddfdf14f23e6dd246f?s=96&d=mm&r=g\",\"contentUrl\":\"https:\/\/secure.gravatar.com\/avatar\/70bf464c17ff04ddfdf14f23e6dd246f?s=96&d=mm&r=g\",\"caption\":\"ando.haldna\"},\"url\":\"https:\/\/stebby.eu\/et\/author\/ando-haldna\/\"}]}<\/script>\n<!-- \/ Yoast SEO plugin. -->","yoast_head_json":{"title":"Toimus disci-jooksu maailma esmaesitlus - Stebby","robots":{"index":"index","follow":"follow","max-snippet":"max-snippet:-1","max-image-preview":"max-image-preview:large","max-video-preview":"max-video-preview:-1"},"canonical":"https:\/\/stebby.eu\/et\/toimus-disci-jooksu-maailma-esmaesitlus\/","og_locale":"et_EE","og_type":"article","og_title":"Toimus disci-jooksu maailma esmaesitlus - Stebby","og_url":"https:\/\/stebby.eu\/et\/toimus-disci-jooksu-maailma-esmaesitlus\/","og_site_name":"Stebby","article_publisher":"https:\/\/www.facebook.com\/stebby\/","article_published_time":"2020-05-03T13:42:06+00:00","og_image":[{"width":2560,"height":1920,"url":"https:\/\/stebby.eu\/wp-content\/uploads\/2020\/05\/IMG_2551-scaled-1.jpeg","type":"image\/jpeg"}],"author":"ando.haldna","twitter_card":"summary_large_image","twitter_misc":{"Written by":"ando.haldna","Est. reading time":"3 minutit"},"schema":{"@context":"https:\/\/schema.org","@graph":[{"@type":"Article","@id":"https:\/\/stebby.eu\/et\/toimus-disci-jooksu-maailma-esmaesitlus\/#article","isPartOf":{"@id":"https:\/\/stebby.eu\/et\/toimus-disci-jooksu-maailma-esmaesitlus\/"},"author":{"name":"ando.haldna","@id":"https:\/\/stebby.eu\/#\/schema\/person\/d6c3f74d164fdb457c8de98518edbb4f"},"headline":"Toimus disci-jooksu maailma esmaesitlus","datePublished":"2020-05-03T13:42:06+00:00","mainEntityOfPage":{"@id":"https:\/\/stebby.eu\/et\/toimus-disci-jooksu-maailma-esmaesitlus\/"},"wordCount":698,"commentCount":0,"publisher":{"@id":"https:\/\/stebby.eu\/#organization"},"image":{"@id":"https:\/\/stebby.eu\/et\/toimus-disci-jooksu-maailma-esmaesitlus\/#primaryimage"},"thumbnailUrl":"https:\/\/i0.wp.com\/stebby.eu\/wp-content\/uploads\/2020\/05\/IMG_2551-scaled-1.jpeg?fit=2560%2C1920&ssl=1","articleSection":["Liikumine","Spordi\u00fcritus"],"inLanguage":"et","potentialAction":[{"@type":"CommentAction","name":"Comment","target":["https:\/\/stebby.eu\/et\/toimus-disci-jooksu-maailma-esmaesitlus\/#respond"]}]},{"@type":"WebPage","@id":"https:\/\/stebby.eu\/et\/toimus-disci-jooksu-maailma-esmaesitlus\/","url":"https:\/\/stebby.eu\/et\/toimus-disci-jooksu-maailma-esmaesitlus\/","name":"Toimus disci-jooksu maailma esmaesitlus - Stebby","isPartOf":{"@id":"https:\/\/stebby.eu\/#website"},"primaryImageOfPage":{"@id":"https:\/\/stebby.eu\/et\/toimus-disci-jooksu-maailma-esmaesitlus\/#primaryimage"},"image":{"@id":"https:\/\/stebby.eu\/et\/toimus-disci-jooksu-maailma-esmaesitlus\/#primaryimage"},"thumbnailUrl":"https:\/\/i0.wp.com\/stebby.eu\/wp-content\/uploads\/2020\/05\/IMG_2551-scaled-1.jpeg?fit=2560%2C1920&ssl=1","datePublished":"2020-05-03T13:42:06+00:00","breadcrumb":{"@id":"https:\/\/stebby.eu\/et\/toimus-disci-jooksu-maailma-esmaesitlus\/#breadcrumb"},"inLanguage":"et","potentialAction":[{"@type":"ReadAction","target":["https:\/\/stebby.eu\/et\/toimus-disci-jooksu-maailma-esmaesitlus\/"]}]},{"@type":"ImageObject","inLanguage":"et","@id":"https:\/\/stebby.eu\/et\/toimus-disci-jooksu-maailma-esmaesitlus\/#primaryimage","url":"https:\/\/i0.wp.com\/stebby.eu\/wp-content\/uploads\/2020\/05\/IMG_2551-scaled-1.jpeg?fit=2560%2C1920&ssl=1","contentUrl":"https:\/\/i0.wp.com\/stebby.eu\/wp-content\/uploads\/2020\/05\/IMG_2551-scaled-1.jpeg?fit=2560%2C1920&ssl=1","width":2560,"height":1920,"caption":"Maailma esimese disci-jooksu v\u00f5itjad on Laura Maasik ja Karel Viigipuu"},{"@type":"BreadcrumbList","@id":"https:\/\/stebby.eu\/et\/toimus-disci-jooksu-maailma-esmaesitlus\/#breadcrumb","itemListElement":[{"@type":"ListItem","position":1,"name":"Home","item":"https:\/\/stebby.eu\/et\/"},{"@type":"ListItem","position":2,"name":"Toimus disci-jooksu maailma esmaesitlus"}]},{"@type":"WebSite","@id":"https:\/\/stebby.eu\/#website","url":"https:\/\/stebby.eu\/","name":"Stebby","description":"","publisher":{"@id":"https:\/\/stebby.eu\/#organization"},"potentialAction":[{"@type":"SearchAction","target":{"@type":"EntryPoint","urlTemplate":"https:\/\/stebby.eu\/?s={search_term_string}"},"query-input":{"@type":"PropertyValueSpecification","valueRequired":true,"valueName":"search_term_string"}}],"inLanguage":"et"},{"@type":"Organization","@id":"https:\/\/stebby.eu\/#organization","name":"Stebby","url":"https:\/\/stebby.eu\/","logo":{"@type":"ImageObject","inLanguage":"et","@id":"https:\/\/stebby.eu\/#\/schema\/logo\/image\/","url":"https:\/\/stebby.eu\/wp-content\/uploads\/2020\/10\/stebby3-1.png","contentUrl":"https:\/\/stebby.eu\/wp-content\/uploads\/2020\/10\/stebby3-1.png","width":256,"height":256,"caption":"Stebby"},"image":{"@id":"https:\/\/stebby.eu\/#\/schema\/logo\/image\/"},"sameAs":["https:\/\/www.facebook.com\/stebby\/","https:\/\/instagram.com\/stebby.eesti","https:\/\/www.linkedin.com\/company\/stebby\/"]},{"@type":"Person","@id":"https:\/\/stebby.eu\/#\/schema\/person\/d6c3f74d164fdb457c8de98518edbb4f","name":"ando.haldna","image":{"@type":"ImageObject","inLanguage":"et","@id":"https:\/\/stebby.eu\/#\/schema\/person\/image\/","url":"https:\/\/secure.gravatar.com\/avatar\/70bf464c17ff04ddfdf14f23e6dd246f?s=96&d=mm&r=g","contentUrl":"https:\/\/secure.gravatar.com\/avatar\/70bf464c17ff04ddfdf14f23e6dd246f?s=96&d=mm&r=g","caption":"ando.haldna"},"url":"https:\/\/stebby.eu\/et\/author\/ando-haldna\/"}]}},"jetpack_featured_media_url":"https:\/\/i0.wp.com\/stebby.eu\/wp-content\/uploads\/2020\/05\/IMG_2551-scaled-1.jpeg?fit=2560%2C1920&ssl=1","jetpack_sharing_enabled":true,"_links":{"self":[{"href":"https:\/\/stebby.eu\/et\/wp-json\/wp\/v2\/posts\/2864","targetHints":{"allow":["GET"]}}],"collection":[{"href":"https:\/\/stebby.eu\/et\/wp-json\/wp\/v2\/posts"}],"about":[{"href":"https:\/\/stebby.eu\/et\/wp-json\/wp\/v2\/types\/post"}],"author":[{"embeddable":true,"href":"https:\/\/stebby.eu\/et\/wp-json\/wp\/v2\/users\/10"}],"replies":[{"embeddable":true,"href":"https:\/\/stebby.eu\/et\/wp-json\/wp\/v2\/comments?post=2864"}],"version-history":[{"count":0,"href":"https:\/\/stebby.eu\/et\/wp-json\/wp\/v2\/posts\/2864\/revisions"}],"wp:featuredmedia":[{"embeddable":true,"href":"https:\/\/stebby.eu\/et\/wp-json\/wp\/v2\/media\/2865"}],"wp:attachment":[{"href":"https:\/\/stebby.eu\/et\/wp-json\/wp\/v2\/media?parent=2864"}],"wp:term":[{"taxonomy":"category","embeddable":true,"href":"https:\/\/stebby.eu\/et\/wp-json\/wp\/v2\/categories?post=2864"},{"taxonomy":"post_tag","embeddable":true,"href":"https:\/\/stebby.eu\/et\/wp-json\/wp\/v2\/tags?post=2864"}],"curies":[{"name":"wp","href":"https:\/\/api.w.org\/{rel}","templated":true}]}}