{"id":3080,"date":"2020-05-16T12:44:51","date_gmt":"2020-05-16T10:44:51","guid":{"rendered":"https:\/\/sportideas.blog\/?p=3080"},"modified":"2020-05-16T12:44:51","modified_gmt":"2020-05-16T10:44:51","slug":"toit-ja-tervis-millist-toitu-eelistada-kevadel","status":"publish","type":"post","link":"https:\/\/stebby.eu\/et\/toit-ja-tervis-millist-toitu-eelistada-kevadel\/","title":{"rendered":"Toit ja tervis &#8211; millist toitu eelistada kevadel?"},"content":{"rendered":"\n<p style=\"text-align: justify;\">Toit on elu ja energia allikas. Nii vaimne kui f\u00fc\u00fcsiline tervis s\u00f5ltuvad meie toidulauast. Kevaditi t\u00e4rkab nii m\u00f5nelgi soov kiiresti kaalu langetada ning ette v\u00f5etakse ranged ja karmid dieedid, mis t\u00fchjendavad kehas talletuvad tagavarad. Tulemuseks on v\u00e4simus, j\u00f5uetus, motivatsiooni langus, immuunsuse n\u00f5rgenemine ja masendusem\u00f5tete tekkimine. Eriti halvasti m\u00f5jub meeleolule toitainete puudus, seda veel enam kui tegemist on \u00fchek\u00fclgse v\u00f5i v\u00e4ga piiratud men\u00fc\u00fcga. <a href=\"https:\/\/sportid.com\/pos\/medcare.eriarstid.o.\">MedCare Eriarstid<\/a> toitumisn\u00f5ustaja ja -terapeut K\u00fclli Holsting kirjutab pikemalt lahti, kuidas katta igap\u00e4evane toidulaud just kevadperioodil.<\/p>\n<h3>Millist toitu s\u00fc\u00fca kevadel?<\/h3>\n<p style=\"text-align: justify;\">Kevad on see aeg, mil tuleb oma toidulaud eriti hoolikalt \u00fcle vaadata. S\u00fc\u00fca tuleb tasakaalustatult ja v\u00f5iks l\u00e4htuda 20:80 reeglist, mis soovitab mitte \u00fcle 20% oma toidulauast katta loomse toiduga. Taimse toidu puhul eelista vikerkaarep\u00f5hist toiduvalikut, et taldrikule j\u00f5uaks v\u00f5imalikult v\u00e4rviline toiduvalik. Kuna praegune aeg veel omamaiseid vilju ei paku, v\u00f5ib minna lisa otsima kevadisest loodusest.<\/p>\n<h3>Kevadine vitamiinipomm &#8211; k\u00f5rven\u00f5ges<\/h3>\n<p><a href=\"https:\/\/i0.wp.com\/sportideas.blog\/wp-content\/uploads\/2020\/05\/N%C3%B5ges-scaled.jpg?ssl=1\"><img data-recalc-dims=\"1\" loading=\"lazy\" decoding=\"async\" class=\"alignnone size-large wp-image-3084\" src=\"https:\/\/i0.wp.com\/sportideas.blog\/wp-content\/uploads\/2020\/05\/N%C3%B5ges-1024x576.jpg?resize=696%2C392&#038;ssl=1\" alt=\"\" width=\"696\" height=\"392\"><\/a><\/p>\n<p style=\"text-align: justify;\">Proovi midagi uut ja katseta v\u00e4rsket k\u00f5rven\u00f5gest! <strong>N\u00f5ges on \u00fcks v\u00e4ekamaid taimi meie looduses<\/strong> ja kui seda teadlikult t\u00f6\u00f6delda, pole vaja karta ka k\u00f5rvetamist. K\u00f5rven\u00f5geses on rikkalikult C-vitamiini ja rauda, mis peletavad v\u00e4simuse ja annavad erksust. N\u00f5gesel on tugev p\u00f5letikuvastane toime ning see aitab meie soolebakteritel paremat tasakaalu saavutada. N\u00f5geses leidub p\u00e4ris tubli annus taimset valku, kaltsiumi ja r\u00e4ni, mis k\u00f5ik on head ka luudele. Tugeva rohelise v\u00e4rvi annab n\u00f5gesele klorof\u00fcll, mis sisaldab ka magneesiumi. V\u00e4rsketes lehtedes leidub histamiini, sipelghapet, serotoniini, astet\u00fc\u00fclkoliini, kumariini jne. Atset\u00fc\u00fclkoliin on meie n\u00e4rvirakkude neurotransmitteriks, mis tagab impulsside edasikandumise rakult rakule, seet\u00f5ttu on see oluline meie lihast\u00f6\u00f6, m\u00e4lu, une ja n\u00e4rvis\u00fcsteemi toimimise jaoks. N\u00f5ges on v\u00e4ga mitmek\u00fclgne toiduaine, sobides nii tee valmistamiseks, lisandiks omletile, kohupiimale, smuutisse, kotleti- ja koogitaignasse ja ka pestoks, mida v\u00f5ib kasutada nii pastatoitudes, kastmeks kui ka dipiks.<\/p>\n<p style=\"text-align: justify;\"><em><strong>K\u00f5rven\u00f5gese pesto retsept<\/strong><\/em><br>\u2022 1 osa k\u00f5rven\u00f5gese v\u00f5rseid v\u00f5i noori lehti<br>\u2022 1 osa oliiv\u00f5li<br>\u2022 basiilikut (v\u00f5ib ka \u00e4ra j\u00e4tta)<br>\u2022 soola<br>\u2022 maitsep\u00e4rmi v\u00f5i Parmesani juustu<br>\u2022 India p\u00e4hkleid v\u00f5i seederm\u00e4nniseemneid<br><br><em>Valmistamine:<\/em><br>Pese n\u00f5gesed ja kuivata salatikuivatiga. Vala \u00fcle kuuma veega ja n\u00f5ruta. Pane k\u00f5ik koostisosad kannmikserisse, blenderda ja tarbi kohe. Hea s\u00fc\u00fca n\u00e4iteks musta leivaga. Kui soovid n\u00f5gesepestot pikemalt s\u00e4ilitada, lisa paar tilka sidrunimahla, siis ei v\u00e4rvu n\u00f5ges nii tumedaks.<\/p>\n<div id=\"attachment_3082\" style=\"width: 706px\" class=\"wp-caption alignnone\"><a href=\"https:\/\/i0.wp.com\/sportideas.blog\/wp-content\/uploads\/2020\/05\/N%C3%B5gesepesto-Kevadine-v%C3%A4etoit-scaled.jpg?ssl=1\"><img data-recalc-dims=\"1\" loading=\"lazy\" decoding=\"async\" aria-describedby=\"caption-attachment-3082\" class=\"size-large wp-image-3082\" src=\"https:\/\/i0.wp.com\/sportideas.blog\/wp-content\/uploads\/2020\/05\/N%C3%B5gesepesto-Kevadine-v%C3%A4etoit-1024x576.jpg?resize=696%2C392&#038;ssl=1\" alt=\"\" width=\"696\" height=\"392\"><\/a><p id=\"caption-attachment-3082\" class=\"wp-caption-text\">K\u00f5rven\u00f5gese pesto<\/p><\/div>\n<p style=\"text-align: justify;\">N\u00f5gese toidulaual kasutamisega tuleb arvestada, et <strong>seda ei tohiks tarvitada \u00fcle n\u00e4dala j\u00e4rjest<\/strong>, kuna m\u00f5ned n\u00f5geses peituvad ained v\u00f5ivad rikkuda vere normaalset h\u00fc\u00fcbimist. N\u00f5gest ei tohiks tarvitada verer\u00f5huga kimpus olevad inimesed ja ka need, kellel on trombi v\u00f5i infarkti risk. Iga ravimtaimega tuleb olla ettevaatlik. Rasedad peavad olema samuti n\u00f5gese ja igasuguste eriliste s\u00f6\u00f6kide ja ravimtaimedega ettevaatlikud.<\/p>\n<h3 style=\"text-align: justify;\"><br>Kevadine v\u00e4etoit &#8211; kuusev\u00f5rsed<\/h3>\n<p style=\"text-align: justify;\">Kuusev\u00f5rsed on samuti \u00fched huvitavad ja maitsvad kevadised saadused, mis mais kuuseokste otsadesse ilmuvad. Pehmed helerohelised kasvud on hapuka maitsega ja igal kuusel veidi erineva maitsevarjundiga. <strong>Kuusev\u00f5rsete C-vitamiini sisaldus on m\u00e4rkimisv\u00e4\u00e4rne<\/strong>, samuti leidub selles kuusetupsus rikkalikult karoteene nagu ka porgandis, mis toetavad meie silmi ja immuunsust. Kuusele omast maitset andvatel eeterlikel \u00f5lidel, millel on p\u00f5letikuvastane toime ja seda eriti \u00fclemiste hingamisteede haiguste puhul, on tugev toniseeriv toime.<\/p>\n<p style=\"text-align: justify;\">Kuusev\u00f5rsesiirup on ammu tuntud laste lemmik k\u00f6harohi. Siiski neeruprobleemide ja raseduse korral tasub olla kuusekasvude suurema tarbimisega ettevaatlik.<\/p>\n<p style=\"text-align: justify;\"><strong>Kuusev\u00f5rsed toidus<\/strong><br>Kuusev\u00f5rseid v\u00f5ib lisada joogiveele ja smuutisse, aga ka lihtsalt salatisse v\u00e4rvi ning maitse andmiseks. Kuusev\u00f5rsed v\u00f5ib purustada, segada \u00f5liga ja kasutada seda nii soolastes kui magusates toitudes. Lihtne on neid s\u00e4ilitada s\u00fcgavk\u00fclmas. Magusat kuusev\u00f5rsep\u00fcreed saab kasutada moosi asemel v\u00f5i kookide kaunistamisel.<br><br><em><strong>Kuusev\u00f5rse p\u00fcree retsept<\/strong><\/em><br>\u2022 500 ml kuusev\u00f5rseid<br>\u2022 100 g toor-roosuhkrut<\/p>\n<p style=\"text-align: justify;\"><em>Valmistamine:<\/em><br>Pane koostisosad blenderisse ja peenesta. Lisa vett ja lase 5 minutit seista, seej\u00e4rel sega ja kurna.<\/p>\n<h3>Toit ja tervis &#8211; kevadised toidud meie aias<\/h3>\n<p><a href=\"https:\/\/i0.wp.com\/sportideas.blog\/wp-content\/uploads\/2020\/05\/V%C3%B5ilill-scaled.jpg?ssl=1\"><img data-recalc-dims=\"1\" loading=\"lazy\" decoding=\"async\" class=\"alignnone size-large wp-image-3083\" src=\"https:\/\/i0.wp.com\/sportideas.blog\/wp-content\/uploads\/2020\/05\/V%C3%B5ilill-1024x576.jpg?resize=696%2C392&#038;ssl=1\" alt=\"\" width=\"696\" height=\"392\"><\/a><\/p>\n<p style=\"text-align: justify;\">Looduses liikudes v\u00f5i oma aias toimetades v\u00f5ib leida palju s\u00f6\u00f6davaid taimi, mille kohta otsi esmalt adekvaatset infot ja siis katseta. Proovi esmalt asendada juba m\u00f5nes tuttavas retseptis spinat v\u00f5i muu salat metsikute taimedega. J\u00e4rk-j\u00e4rgult lisa metsikut rohelist \u00fcha enam oma igap\u00e4evasesse toidusedelisse. Rohelised taimed on parimad foolhappe allikad, mis toetavad vereringet ja meeleolu, neis on rikkalikult C-vitamiini ning mineraalaineid, mida meie organism vajab.<\/p>\n<p style=\"text-align: justify;\">Rohelist toitu nagu n\u00e4iteks pestot, hautist, suppi, saab lisaks n\u00f5gesele valmistada veel meie oma aia naadist, hapuoblikast v\u00f5i rabarberilehtedest. V\u00e4ekad toidud on veel v\u00f5ilill ja asparaagus (spargel), mis samuti kasvavad meie oma aias.<\/p>\n<p style=\"text-align: justify;\">Metsikud taimed aitavad organismi puhastada, toetades maksa t\u00f6\u00f6d ja parandades seedimist. Regulaarsest k\u00f5hu l\u00e4bik\u00e4imisest ja seedes\u00fcsteemi t\u00f6\u00f6st saab alguse meie tervis.<\/p>\n<p style=\"text-align: justify;\">Kevadel tasub toitumine \u00fcle vaadata k\u00f5igil, mitte ainult neil, kes soovivad kaalust alla v\u00f5tta. Kui soovid enda igap\u00e4evase men\u00fc\u00fc \u00fcle vaadata ning koos spetsialistiga paika panna toetava ning tervisliku toidulaua, siis aitab Sind toitumisn\u00f5ustamine <a href=\"https:\/\/sportid.com\/pos\/medcare.eriarstid.o.\">MedCare Eriarstide<\/a> juures. <strong>Hetkel on SportID keskkonnas eriti hea Kevadkampaania pakkumine 2=3 <a href=\"https:\/\/sportid.com\/pos\/medcare.eriarstid.o.\">MedCare Eriarstid O\u00dc<\/a> poolt, kus saad kolm toitumisn\u00f5ustamist kahe k\u00fclastuse hinnaga!<br><\/strong><\/p>\n<p style=\"text-align: center;\"><a href=\"https:\/\/sportid.com\/pos\/medcare.eriarstid.o.\/services?serviceId=18509\"><strong>Osta pilet SportID-st!<\/strong><\/a><\/p>\n<p><em>Autor: Toitumisn\u00f5ustaja-toitumisterapeut K\u00fclli Holsting<br>Allikas: <a href=\"https:\/\/medcare.ee\/\">MedCare Eriarstid<\/a><\/em><\/p>\n","protected":false},"excerpt":{"rendered":"","protected":false},"author":10,"featured_media":0,"comment_status":"open","ping_status":"open","sticky":false,"template":"","format":"standard","meta":{"_jetpack_memberships_contains_paid_content":false,"footnotes":""},"categories":[30,25,21],"tags":[],"class_list":["post-3080","post","type-post","status-publish","format-standard","hentry","category-retseptid","category-tervis","category-toit"],"yoast_head":"<!-- This site is optimized with the Yoast SEO plugin v26.8 - https:\/\/yoast.com\/product\/yoast-seo-wordpress\/ -->\n<title>Toit ja tervis - millist toitu eelistada kevadel? - Stebby<\/title>\n<meta name=\"robots\" content=\"index, follow, max-snippet:-1, max-image-preview:large, max-video-preview:-1\" \/>\n<link rel=\"canonical\" href=\"https:\/\/stebby.eu\/et\/toit-ja-tervis-millist-toitu-eelistada-kevadel\/\" \/>\n<meta property=\"og:locale\" content=\"et_EE\" \/>\n<meta property=\"og:type\" content=\"article\" \/>\n<meta property=\"og:title\" content=\"Toit ja tervis - millist toitu eelistada kevadel? - Stebby\" \/>\n<meta property=\"og:url\" content=\"https:\/\/stebby.eu\/et\/toit-ja-tervis-millist-toitu-eelistada-kevadel\/\" \/>\n<meta property=\"og:site_name\" content=\"Stebby\" \/>\n<meta property=\"article:publisher\" content=\"https:\/\/www.facebook.com\/stebby\/\" \/>\n<meta property=\"article:published_time\" content=\"2020-05-16T10:44:51+00:00\" \/>\n<meta property=\"og:image\" content=\"https:\/\/i0.wp.com\/stebby.eu\/wp-content\/uploads\/2020\/10\/stebby_fb_share.png?fit=1200%2C630&ssl=1\" \/>\n\t<meta property=\"og:image:width\" content=\"1200\" \/>\n\t<meta property=\"og:image:height\" content=\"630\" \/>\n\t<meta property=\"og:image:type\" content=\"image\/png\" \/>\n<meta name=\"author\" content=\"ando.haldna\" \/>\n<meta name=\"twitter:card\" content=\"summary_large_image\" \/>\n<meta name=\"twitter:label1\" content=\"Written by\" \/>\n\t<meta name=\"twitter:data1\" content=\"ando.haldna\" \/>\n\t<meta name=\"twitter:label2\" content=\"Est. reading time\" \/>\n\t<meta name=\"twitter:data2\" content=\"4 minutit\" \/>\n<script type=\"application\/ld+json\" class=\"yoast-schema-graph\">{\"@context\":\"https:\/\/schema.org\",\"@graph\":[{\"@type\":\"Article\",\"@id\":\"https:\/\/stebby.eu\/et\/toit-ja-tervis-millist-toitu-eelistada-kevadel\/#article\",\"isPartOf\":{\"@id\":\"https:\/\/stebby.eu\/et\/toit-ja-tervis-millist-toitu-eelistada-kevadel\/\"},\"author\":{\"name\":\"ando.haldna\",\"@id\":\"https:\/\/stebby.eu\/#\/schema\/person\/d6c3f74d164fdb457c8de98518edbb4f\"},\"headline\":\"Toit ja tervis &#8211; millist toitu eelistada kevadel?\",\"datePublished\":\"2020-05-16T10:44:51+00:00\",\"mainEntityOfPage\":{\"@id\":\"https:\/\/stebby.eu\/et\/toit-ja-tervis-millist-toitu-eelistada-kevadel\/\"},\"wordCount\":908,\"commentCount\":0,\"publisher\":{\"@id\":\"https:\/\/stebby.eu\/#organization\"},\"articleSection\":[\"Retseptid\",\"Tervis\",\"Toit\"],\"inLanguage\":\"et\",\"potentialAction\":[{\"@type\":\"CommentAction\",\"name\":\"Comment\",\"target\":[\"https:\/\/stebby.eu\/et\/toit-ja-tervis-millist-toitu-eelistada-kevadel\/#respond\"]}]},{\"@type\":\"WebPage\",\"@id\":\"https:\/\/stebby.eu\/et\/toit-ja-tervis-millist-toitu-eelistada-kevadel\/\",\"url\":\"https:\/\/stebby.eu\/et\/toit-ja-tervis-millist-toitu-eelistada-kevadel\/\",\"name\":\"Toit ja tervis - millist toitu eelistada kevadel? - Stebby\",\"isPartOf\":{\"@id\":\"https:\/\/stebby.eu\/#website\"},\"datePublished\":\"2020-05-16T10:44:51+00:00\",\"breadcrumb\":{\"@id\":\"https:\/\/stebby.eu\/et\/toit-ja-tervis-millist-toitu-eelistada-kevadel\/#breadcrumb\"},\"inLanguage\":\"et\",\"potentialAction\":[{\"@type\":\"ReadAction\",\"target\":[\"https:\/\/stebby.eu\/et\/toit-ja-tervis-millist-toitu-eelistada-kevadel\/\"]}]},{\"@type\":\"BreadcrumbList\",\"@id\":\"https:\/\/stebby.eu\/et\/toit-ja-tervis-millist-toitu-eelistada-kevadel\/#breadcrumb\",\"itemListElement\":[{\"@type\":\"ListItem\",\"position\":1,\"name\":\"Home\",\"item\":\"https:\/\/stebby.eu\/et\/\"},{\"@type\":\"ListItem\",\"position\":2,\"name\":\"Toit ja tervis &#8211; millist toitu eelistada kevadel?\"}]},{\"@type\":\"WebSite\",\"@id\":\"https:\/\/stebby.eu\/#website\",\"url\":\"https:\/\/stebby.eu\/\",\"name\":\"Stebby\",\"description\":\"\",\"publisher\":{\"@id\":\"https:\/\/stebby.eu\/#organization\"},\"potentialAction\":[{\"@type\":\"SearchAction\",\"target\":{\"@type\":\"EntryPoint\",\"urlTemplate\":\"https:\/\/stebby.eu\/?s={search_term_string}\"},\"query-input\":{\"@type\":\"PropertyValueSpecification\",\"valueRequired\":true,\"valueName\":\"search_term_string\"}}],\"inLanguage\":\"et\"},{\"@type\":\"Organization\",\"@id\":\"https:\/\/stebby.eu\/#organization\",\"name\":\"Stebby\",\"url\":\"https:\/\/stebby.eu\/\",\"logo\":{\"@type\":\"ImageObject\",\"inLanguage\":\"et\",\"@id\":\"https:\/\/stebby.eu\/#\/schema\/logo\/image\/\",\"url\":\"https:\/\/stebby.eu\/wp-content\/uploads\/2020\/10\/stebby3-1.png\",\"contentUrl\":\"https:\/\/stebby.eu\/wp-content\/uploads\/2020\/10\/stebby3-1.png\",\"width\":256,\"height\":256,\"caption\":\"Stebby\"},\"image\":{\"@id\":\"https:\/\/stebby.eu\/#\/schema\/logo\/image\/\"},\"sameAs\":[\"https:\/\/www.facebook.com\/stebby\/\",\"https:\/\/instagram.com\/stebby.eesti\",\"https:\/\/www.linkedin.com\/company\/stebby\/\"]},{\"@type\":\"Person\",\"@id\":\"https:\/\/stebby.eu\/#\/schema\/person\/d6c3f74d164fdb457c8de98518edbb4f\",\"name\":\"ando.haldna\",\"image\":{\"@type\":\"ImageObject\",\"inLanguage\":\"et\",\"@id\":\"https:\/\/stebby.eu\/#\/schema\/person\/image\/\",\"url\":\"https:\/\/secure.gravatar.com\/avatar\/70bf464c17ff04ddfdf14f23e6dd246f?s=96&d=mm&r=g\",\"contentUrl\":\"https:\/\/secure.gravatar.com\/avatar\/70bf464c17ff04ddfdf14f23e6dd246f?s=96&d=mm&r=g\",\"caption\":\"ando.haldna\"},\"url\":\"https:\/\/stebby.eu\/et\/author\/ando-haldna\/\"}]}<\/script>\n<!-- \/ Yoast SEO plugin. -->","yoast_head_json":{"title":"Toit ja tervis - millist toitu eelistada kevadel? - Stebby","robots":{"index":"index","follow":"follow","max-snippet":"max-snippet:-1","max-image-preview":"max-image-preview:large","max-video-preview":"max-video-preview:-1"},"canonical":"https:\/\/stebby.eu\/et\/toit-ja-tervis-millist-toitu-eelistada-kevadel\/","og_locale":"et_EE","og_type":"article","og_title":"Toit ja tervis - millist toitu eelistada kevadel? - Stebby","og_url":"https:\/\/stebby.eu\/et\/toit-ja-tervis-millist-toitu-eelistada-kevadel\/","og_site_name":"Stebby","article_publisher":"https:\/\/www.facebook.com\/stebby\/","article_published_time":"2020-05-16T10:44:51+00:00","og_image":[{"width":1200,"height":630,"url":"https:\/\/i0.wp.com\/stebby.eu\/wp-content\/uploads\/2020\/10\/stebby_fb_share.png?fit=1200%2C630&ssl=1","type":"image\/png"}],"author":"ando.haldna","twitter_card":"summary_large_image","twitter_misc":{"Written by":"ando.haldna","Est. reading time":"4 minutit"},"schema":{"@context":"https:\/\/schema.org","@graph":[{"@type":"Article","@id":"https:\/\/stebby.eu\/et\/toit-ja-tervis-millist-toitu-eelistada-kevadel\/#article","isPartOf":{"@id":"https:\/\/stebby.eu\/et\/toit-ja-tervis-millist-toitu-eelistada-kevadel\/"},"author":{"name":"ando.haldna","@id":"https:\/\/stebby.eu\/#\/schema\/person\/d6c3f74d164fdb457c8de98518edbb4f"},"headline":"Toit ja tervis &#8211; millist toitu eelistada kevadel?","datePublished":"2020-05-16T10:44:51+00:00","mainEntityOfPage":{"@id":"https:\/\/stebby.eu\/et\/toit-ja-tervis-millist-toitu-eelistada-kevadel\/"},"wordCount":908,"commentCount":0,"publisher":{"@id":"https:\/\/stebby.eu\/#organization"},"articleSection":["Retseptid","Tervis","Toit"],"inLanguage":"et","potentialAction":[{"@type":"CommentAction","name":"Comment","target":["https:\/\/stebby.eu\/et\/toit-ja-tervis-millist-toitu-eelistada-kevadel\/#respond"]}]},{"@type":"WebPage","@id":"https:\/\/stebby.eu\/et\/toit-ja-tervis-millist-toitu-eelistada-kevadel\/","url":"https:\/\/stebby.eu\/et\/toit-ja-tervis-millist-toitu-eelistada-kevadel\/","name":"Toit ja tervis - millist toitu eelistada kevadel? - Stebby","isPartOf":{"@id":"https:\/\/stebby.eu\/#website"},"datePublished":"2020-05-16T10:44:51+00:00","breadcrumb":{"@id":"https:\/\/stebby.eu\/et\/toit-ja-tervis-millist-toitu-eelistada-kevadel\/#breadcrumb"},"inLanguage":"et","potentialAction":[{"@type":"ReadAction","target":["https:\/\/stebby.eu\/et\/toit-ja-tervis-millist-toitu-eelistada-kevadel\/"]}]},{"@type":"BreadcrumbList","@id":"https:\/\/stebby.eu\/et\/toit-ja-tervis-millist-toitu-eelistada-kevadel\/#breadcrumb","itemListElement":[{"@type":"ListItem","position":1,"name":"Home","item":"https:\/\/stebby.eu\/et\/"},{"@type":"ListItem","position":2,"name":"Toit ja tervis &#8211; millist toitu eelistada kevadel?"}]},{"@type":"WebSite","@id":"https:\/\/stebby.eu\/#website","url":"https:\/\/stebby.eu\/","name":"Stebby","description":"","publisher":{"@id":"https:\/\/stebby.eu\/#organization"},"potentialAction":[{"@type":"SearchAction","target":{"@type":"EntryPoint","urlTemplate":"https:\/\/stebby.eu\/?s={search_term_string}"},"query-input":{"@type":"PropertyValueSpecification","valueRequired":true,"valueName":"search_term_string"}}],"inLanguage":"et"},{"@type":"Organization","@id":"https:\/\/stebby.eu\/#organization","name":"Stebby","url":"https:\/\/stebby.eu\/","logo":{"@type":"ImageObject","inLanguage":"et","@id":"https:\/\/stebby.eu\/#\/schema\/logo\/image\/","url":"https:\/\/stebby.eu\/wp-content\/uploads\/2020\/10\/stebby3-1.png","contentUrl":"https:\/\/stebby.eu\/wp-content\/uploads\/2020\/10\/stebby3-1.png","width":256,"height":256,"caption":"Stebby"},"image":{"@id":"https:\/\/stebby.eu\/#\/schema\/logo\/image\/"},"sameAs":["https:\/\/www.facebook.com\/stebby\/","https:\/\/instagram.com\/stebby.eesti","https:\/\/www.linkedin.com\/company\/stebby\/"]},{"@type":"Person","@id":"https:\/\/stebby.eu\/#\/schema\/person\/d6c3f74d164fdb457c8de98518edbb4f","name":"ando.haldna","image":{"@type":"ImageObject","inLanguage":"et","@id":"https:\/\/stebby.eu\/#\/schema\/person\/image\/","url":"https:\/\/secure.gravatar.com\/avatar\/70bf464c17ff04ddfdf14f23e6dd246f?s=96&d=mm&r=g","contentUrl":"https:\/\/secure.gravatar.com\/avatar\/70bf464c17ff04ddfdf14f23e6dd246f?s=96&d=mm&r=g","caption":"ando.haldna"},"url":"https:\/\/stebby.eu\/et\/author\/ando-haldna\/"}]}},"jetpack_featured_media_url":"","jetpack_sharing_enabled":true,"_links":{"self":[{"href":"https:\/\/stebby.eu\/et\/wp-json\/wp\/v2\/posts\/3080","targetHints":{"allow":["GET"]}}],"collection":[{"href":"https:\/\/stebby.eu\/et\/wp-json\/wp\/v2\/posts"}],"about":[{"href":"https:\/\/stebby.eu\/et\/wp-json\/wp\/v2\/types\/post"}],"author":[{"embeddable":true,"href":"https:\/\/stebby.eu\/et\/wp-json\/wp\/v2\/users\/10"}],"replies":[{"embeddable":true,"href":"https:\/\/stebby.eu\/et\/wp-json\/wp\/v2\/comments?post=3080"}],"version-history":[{"count":0,"href":"https:\/\/stebby.eu\/et\/wp-json\/wp\/v2\/posts\/3080\/revisions"}],"wp:attachment":[{"href":"https:\/\/stebby.eu\/et\/wp-json\/wp\/v2\/media?parent=3080"}],"wp:term":[{"taxonomy":"category","embeddable":true,"href":"https:\/\/stebby.eu\/et\/wp-json\/wp\/v2\/categories?post=3080"},{"taxonomy":"post_tag","embeddable":true,"href":"https:\/\/stebby.eu\/et\/wp-json\/wp\/v2\/tags?post=3080"}],"curies":[{"name":"wp","href":"https:\/\/api.w.org\/{rel}","templated":true}]}}