{"id":3183,"date":"2020-06-01T10:07:02","date_gmt":"2020-06-01T08:07:02","guid":{"rendered":"https:\/\/sportideas.blog\/?p=3183"},"modified":"2020-06-01T10:07:02","modified_gmt":"2020-06-01T08:07:02","slug":"eesti-mees-kondis-maikuus-1000-km","status":"publish","type":"post","link":"https:\/\/stebby.eu\/et\/eesti-mees-kondis-maikuus-1000-km\/","title":{"rendered":"Eesti mees k\u00f5ndis maikuus 1000 kilomeetrit"},"content":{"rendered":"<p style=\"text-align: justify;\"><strong>Kunnar<\/strong> <strong>Karu<\/strong> on mees, kes l\u00e4bis maikuus Eestimaa looduses ja matkaradadel kokku <strong>1000 kilomeetrit<\/strong>, tehes kokku rohkem kui <strong>poolteist miljonit sammu<\/strong>. Pika distantsi eesm\u00e4rk t\u00e4itus juba enne 31. maid &#8211; t\u00e4psemalt 29. mail Rummu karj\u00e4\u00e4ris. Kunnari ettev\u00f5tmist oli sotsiaalmeedias Facebooki ja Instagrami vahendusel j\u00e4lgimas mitmed tuhanded inimesed.<\/p>\n<p style=\"text-align: justify;\">SportID tegevjuht <strong>Marti<\/strong> <strong>Soosaar<\/strong> jalutas Kunnariga kaasa p\u00e4ev varem, kui matkati m\u00f5lema kodulinnas Tartus. P\u00e4eva jooksul sai Kunnari k\u00e4est matka kohta k\u00fcsitud p\u00e4ris palju, mille vastused toome intervjuu vormis teieni.<\/p>\n<h2 style=\"text-align: justify;\">Jutud Kunnariga<\/h2>\n<p style=\"text-align: justify;\"><strong>Sa ei k\u00f5nni enamasti \u00fcksi. Kes sinuga k\u00f5ige rohkem kaasas on k\u00e4inud?<\/strong><\/p>\n<p style=\"text-align: justify;\">K\u00f5ige enam kilomeetreid on vist teinud koos minuga Veiko Orn &#8211; kuskil 500 kandis. Lauri Saidlal on neid t\u00e4na umbes 400. P\u00e4ris \u00fcksi olen ainult m\u00f5ned p\u00e4evad k\u00f5ndinud ja Saaremaal saingi n\u00fc\u00fcd just kolm p\u00e4eva \u00fcksi tehtud.<\/p>\n<p style=\"text-align: justify;\"><strong>Miks sa otsustasid sellise matkaformaadi kasuks, kus tuled vahepeal koju ja siis liigud autoga j\u00e4rgmine p\u00e4ev uude kohta? Kas ei olnud seda m\u00f5tet, et v\u00f5taks telgi ja magamiskoti selga ning oleks terve maikuu liikvel?<\/strong><\/p>\n<p style=\"text-align: justify;\">Kaalusin ka seda, aga tuhat kilomeetrit on p\u00e4ris palju k\u00f5ndimist ja tahaks maksimaalselt palju ilusaid ja p\u00f5nevaid kohtasid n\u00e4ha, mitte mitu p\u00e4eva j\u00e4rjest kuskil Kesk-Eestis asfaltteel k\u00f5ndida.<\/p>\n<p style=\"text-align: justify;\"><strong>Miks sul selline m\u00f5te \u00fcldse p\u00e4he tuli, et kuu jooksul 1000 km k\u00f5ndida?<\/strong><\/p>\n<p style=\"text-align: justify;\">Kuna mitu kuud t\u00f6\u00f6d teha ei saanud, siis tundus, et kodus l\u00e4hen lihtsalt hulluks \u00e4ra. Hea on hiljem meenutada ka neid pisut hullumeelseid ettev\u00f5tmisi, mis on kunagi \u00e4ra tehtud ja et elu oleks huvitavam.<\/p>\n<p style=\"text-align: justify;\"><strong>Kui raske on matka ajal pidevalt sotsiaalmeedias endast teavitada ja vastukaja j\u00e4lgida?<\/strong><\/p>\n<p style=\"text-align: justify;\">Enne maikuud olin ma vist teinud umbes paar Instagram s<em>toryt<\/em> oma elus. N\u00fc\u00fcd ma olen k\u00e4igu pealt postitamiste spetsialist. Ei ole k\u00fcll kokku lugenud, mitme juurika otsa ma olen komistanud seda tehes.<\/p>\n<p style=\"text-align: justify;\"><strong>Kas raskeid hetke on ka olnud ja mismoodi nendest \u00fcle oled saanud?<\/strong><\/p>\n<p style=\"text-align: justify;\">V\u00e4ga suuri probleeme n\u00e4iteks jalad valmistanud ei ole. Eile ma tegin v\u00e4ga l\u00fchikese p\u00e4eva, k\u00f5igest 6 km, et 1000 km Rummus t\u00e4is saaks. P\u00e4rast seda on t\u00e4na \u00fcks s\u00e4\u00e4r kiskunud nagu imelikult. Ilmselt poleks pidanud kergemat p\u00e4eva ikkagi tegema.<\/p>\n<p style=\"text-align: justify;\"><strong>Kui m\u00f5ned p\u00e4evad nii v\u00e4he k\u00f5ndsid ja 1000 km saab ikkagi juba paar p\u00e4eva enne kuu l\u00f5ppu t\u00e4is, siis mis see p\u00e4ris \u00f5ige v\u00e4ljakutse sulle olnud oleks?<\/strong><\/p>\n<p style=\"text-align: justify;\">Ma arvan, et p\u00e4ris raskeks oleks vist l\u00e4inud 2 miljoni sammuga, kuna t\u00e4na saab alles 1,5\u00a0 miljonit kuskil T\u00e4htvere spordipargi kandis t\u00e4is. Kui v\u00e4ljakutse oleks olnud algusest peale 2 miljonit sammu, siis oleks pidanud t\u00f5siselt pingutama.<\/p>\n<p style=\"text-align: justify;\"><strong>Kui sa sel kuul oled nii palju liikunud, siis kuidas see on m\u00f5jutanud Sinu kaalunumbrit?<\/strong><\/p>\n<p style=\"text-align: justify;\">Kui startisin, siis oli kaalu v\u00e4heke palju &#8211; 71 kg. N\u00fc\u00fcd olen sellise hea sportliku vormi peal &#8211; 66 kg. Ilmselt p\u00e4rast Paldiski-Tallinna 100km matka on kaal 65 kg. P\u00f5hjust v\u00f5ib otsida ka sellest, et ma pole sel kuul magusat s\u00f6\u00f6nud. Tegin endale kuu alguses plaani, et r\u00e4mpsu ei s\u00f6\u00f6, alkoholi ei tarbi ja Circle K-st midagi peale k\u00fctuse ei osta. Magusaga ongi siiani null, kuid alkoholiga l\u00e4ks \u00fcks matka\u00f5htu k\u00e4est kui Veikol oli vein kaasa pakitud. \u00dchtegi burgerit ma see kuu ka s\u00f6\u00f6nud ei ole.<\/p>\n<p style=\"text-align: justify;\"><strong>Teekonna esimestel p\u00e4evadel n\u00e4gid sa hulga loomi nagu n\u00e4iteks h\u00fcljest. Aga su erilised lemmikud on ikkagi olnud hundikoerad. Kas nendega jagelemist on palju olnud?<\/strong><\/p>\n<p style=\"text-align: justify;\">Arvestades, et me selle kuu jooksul kuskil eramaa peal uitamas pole k\u00e4inud, siis on koertega jamamist olnud ikka omajagu. Ma ei liiguta t\u00e4na enam k\u00f5rvagi kui t\u00e4issuuruses hundikoer haukudes mulle peale tuleb &#8211; las l\u00f5ugab. Aga mingi n\u00e4hvitsa k\u00e4est sain \u00fcksp\u00e4ev ikkagi hammustada, kes tuli teiste suuremate koertega koos. Nemad ainult haukusid, aga n\u00e4hvits tuli nende varjust, hammustas s\u00e4\u00e4rest ja pani kohe suure hirmuga jooksu selle peale. \u00dctleme nii, et eriti meeldiv ei olnud.<\/p>\n<p style=\"text-align: justify;\"><strong>Kas mingi kokkuv\u00f5te sellest k\u00f5igest ka tuleb?<\/strong><\/p>\n<p style=\"text-align: justify;\">Eks ma kokkuv\u00f5tet olen kogu aeg sotsiaalmeedias teinud. N\u00fc\u00fcd, vahetult enne l\u00f5ppu, tuli kellelgi m\u00f5te, et v\u00f5iks filmi teha. Selleks, et see hea tuleks, oleks ikka pidanud rohkem materjali \u00fcles filmima ning suurt filmiprojekti vist seekord kahjuks ei tule.<\/p>\n<p style=\"text-align: justify;\"><strong>Kaua juuni alguses siis puhkad?<\/strong><\/p>\n<p style=\"text-align: justify;\">V\u00e4ga kaua mitte &#8211; 7. juunil on meil juba <a href=\"https:\/\/elamusretked.ee\/elamusretked-2020\/oandu-elamusretk\">Oandu Elamusretk tulemas<\/a>. L\u00f5puks ometi saab liikuma, kuna kopp oli t\u00f5esti \u00fcsna ees juba sellest \u00fcrituste keelust. Loodame, et tuleb palju k\u00e4imishuvilisi, sest koht on igatahes ilus.<\/p>\n\n\n<h2 class=\"wp-block-heading\">Tartu matkap\u00e4eva kokkuv\u00f5te?<\/h2>\n\n\n\n<figure class=\"wp-block-image\"><a href=\"https:\/\/i0.wp.com\/sportideas.blog\/wp-content\/uploads\/2020\/05\/36EA5873-AC60-4F25-A0AC-67231158C873_1_105_c.jpeg?ssl=1\"><img data-recalc-dims=\"1\" loading=\"lazy\" decoding=\"async\" width=\"768\" height=\"1024\" src=\"https:\/\/i0.wp.com\/sportideas.blog\/wp-content\/uploads\/2020\/05\/36EA5873-AC60-4F25-A0AC-67231158C873_1_105_c.jpeg?resize=768%2C1024&#038;ssl=1\" alt=\"Bolti t\u00f5uks\" class=\"wp-image-3184\" srcset=\"https:\/\/i0.wp.com\/stebby.eu\/wp-content\/uploads\/2020\/05\/36EA5873-AC60-4F25-A0AC-67231158C873_1_105_c.jpeg?w=768&amp;ssl=1 768w, https:\/\/i0.wp.com\/stebby.eu\/wp-content\/uploads\/2020\/05\/36EA5873-AC60-4F25-A0AC-67231158C873_1_105_c.jpeg?resize=512%2C683&amp;ssl=1 512w\" sizes=\"auto, (max-width: 768px) 100vw, 768px\" \/><\/a><figcaption>Koduukse l\u00e4hedal pani <a href=\"https:\/\/www.bolt.eu\">Bolt<\/a> meie matka-tahtej\u00f5u kohe proovile. \u00c4kki soovite hoopis t\u00f5ukeratast?<\/figcaption><\/figure>\n\n\n<p style=\"text-align: justify;\">Meie neljap\u00e4evane matk algas Kunnari maja eest, kuhu oma kodust jalutasin. P\u00e4rast seda suundusime T\u00e4htvere linnaosast l\u00e4bi Supilinna kesklinna poole ja sealt pikki j\u00f5e\u00e4\u00e4rt Karlova sadama suunas, kus kohtusime Anti ja Rete Kustassooga, kellega oli plaanis v\u00e4ike matkasmuutit tutvustav video.<\/p>\n<p style=\"text-align: justify;\">Kuidas see meil v\u00e4lja tuli, seda saate j\u00e4relvaadata allpool. Smuuti valmistamiseks \u00f5nnestus meil ronida <a href=\"http:\/\/www.setoline.ee\/\">Seto Line<\/a> lahkel loal \u00fchele nende laevadest. Seda k\u00f5ike muidugi selle eest, kui olime lubanud neid t\u00e4\u00e4gida ja samuti ise t\u00e4\u00e4gitud saada &#8211; nii nagu see sotsiaalmeedia t\u00e4nap\u00e4eval k\u00e4ib. <a href=\"http:\/\/marjamaatalu.ee\/\">Marjamaa Talu<\/a> smuuti, millele m\u00f5tlesime lennust v\u00e4lja nime &#8220;Head m\u00f5tted&#8221;, sai igatahes v\u00e4ga maitsev, olenemata sellest, et \u00f5unapuu\u00f5isi me \u00e4ra ei s\u00f6\u00f6nud. Matkaks energiat igatahes sai ning j\u00e4tkasime retkega.<\/p>\n<p style=\"text-align: justify;\">&nbsp;<iframe loading=\"lazy\" style=\"border: none; overflow: hidden;\" src=\"https:\/\/www.facebook.com\/plugins\/video.php?href=https%3A%2F%2Fwww.facebook.com%2Fkunnar%2Fvideos%2F10163591500100290%2F&amp;show_text=0&amp;width=560\" scrolling=\"no\" allowfullscreen=\"allowfullscreen\" width=\"560\" height=\"316\" frameborder=\"0\"><\/iframe><\/p>\n<p style=\"text-align: justify;\">Edasi viis rada Turu t\u00e4nava ja Emaj\u00f5e vahele j\u00e4\u00e4vat t\u00fchermaad pidi Tartu Vangla tagant Ihaste sillani, kust saime \u00fcle j\u00f5e ja asusime kesklinna poole tagasiteele. Kilomeetrid, mis Ihaste sillast Annelinna poole viisid, olid t\u00f5esti m\u00f5nusad. R\u00e4\u00e4kimata p\u00e4ikesepaistest, oli rada meeldivalt l\u00e4bitav, sest \u00fcle v\u00e4ikeste ojakeste viisid meid korralikud tugevad sillakesed. Loodus n\u00e4gi v\u00e4lja nagu oleks kuskile maale sattunud, kuigi teisel pool j\u00f5ge k\u00f5rgusid t\u00f6\u00f6stuslinnaosa liiva- ja killustikuhunnikud ning samal kaldal kuskil eemal k\u00f5rgusid Annelinna \u00fcheksakordsed. Kui ma peaksin valima oma lemmikl\u00f5igu sellel matkal, siis see oleks just nendel kilomeetritel. Soovitan seda k\u00f5igile tartlastele ning luban, et olete meeldivalt \u00fcllatunud.<\/p>\n<p style=\"text-align: justify;\">Anne Kanali \u00e4\u00e4res oli meil l\u00e4bitud 14 km ja aeg oli paras l\u00f5unapausiks. L\u00f5unas\u00f6\u00f6giks restorani valimisega oli Tartu kesklinnas keskmiselt parem seis, v\u00f5rreldes Karu seniste matkap\u00e4evadega. Siiski ei tahtnud me toitumise peale liiga kaua aega raisata ning valik langes Anne Kanali kaldal paiknevale <a href=\"https:\/\/www.facebook.com\/pages\/category\/Fast-Food-Restaurant\/Lennuk-101061314594499\/\">kiirs\u00f6\u00f6gikohale nimega Lennuk<\/a>. Minu toidukoha valikust tingitud kiusatuse sunnil, oli kuu jooksul r\u00e4mpstoitu v\u00e4ltinud Kunnar kohustatud oma kuu esimese burgeri v\u00f5tma, milleks oli Lennuki veiselihaburger. Paar minutit ootamist ja jumalate eine oli meil n\u00e4ppude vahel. Teekond j\u00e4tkus jalutades m\u00f6\u00f6da j\u00f5e\u00e4\u00e4rt edasi kesklinna suunas.<\/p>\n<p style=\"text-align: justify;\">Kesklinnas, Atlantise ees, n\u00e4gi meid majast m\u00f6\u00f6dumas Shate tantsukooli juhataja Kr\u00f5\u00f5t Kiviste, kes kutsus meid Atlantise majja sisse, millest on saanud v\u00e4ga uhke tantsukool 700-le tantsijale. Vanast Atlantise tantsup\u00f5randast oli tehtud esinemislava ning konverentsi- ja restoraniruumidest olid saanud linnadenimelised trennisaalid koos temaatiliste seinamaalingutega.<\/p>\n<p style=\"text-align: justify;\"><\/p>\n\n\n<figure class=\"wp-block-image size-large\"><img data-recalc-dims=\"1\" height=\"1024\" width=\"768\" decoding=\"async\" src=\"https:\/\/i0.wp.com\/sportideas.blog\/wp-content\/uploads\/2020\/05\/IMG_2650-768x1024.jpeg?resize=768%2C1024&#038;ssl=1\" alt=\"\" class=\"wp-image-3186\"\/><figcaption>Kunnar Karu kohtus Shate tantsukoolis oma vatti t\u00e4is topitud sugulaste ja liigikaaslastega<\/figcaption><\/figure>\n\n\n\n<p style=\"text-align: justify;\">Tantsukooliga tutvumise j\u00e4rel liitus meiega Kaisa Pajusalu, kes oli kodus Instagrami j\u00e4lgides avastanud, et me l\u00e4heneme tema majale ja k\u00fcsis ka luba kaasa tulla. Selle ta loomulikult sai ja nii me siis Raatuse t\u00e4nava otsa peal kohtusime, j\u00e4tkates j\u00e4rgmist poolt matka koos.<\/p>\n<p style=\"text-align: justify;\">Raadi-\u00dclej\u00f5e piirkond oli muidugi \u00fcsna lihtne. Kaisa sai Tartu s\u00f5udebaasi juures k\u00f5igile vastutulijatele &#8220;tere&#8221; \u00f6elda, olles \u00f5ndasas teadmatuses, mis tema paljaid s\u00e4\u00e4ri ees ootamas on. Rannast m\u00f6\u00f6dudes m\u00e4rkasime, et Lodjakoda hakkab vaikselt valmima ja tundub, et sellest tuleb \u00fcks kaunis ehitis, mis ranna\u00e4\u00e4rt rikastab.<\/p>\n<p style=\"text-align: justify;\">Edasi j\u00e4rgnes aga meie matka \u00fcks keerulisemaid l\u00f5ike. Emaj\u00f5e rannast v\u00e4ljudes oli meil tehtud 19 km ning j\u00e4rgmised kuus ootas meid \u00fcsna palju v\u00f5samurdmist.<\/p>\n\n\n\n<figure class=\"wp-block-image size-large\"><img data-recalc-dims=\"1\" height=\"1024\" width=\"768\" decoding=\"async\" src=\"https:\/\/i0.wp.com\/sportideas.blog\/wp-content\/uploads\/2020\/05\/IMG_2655-768x1024.jpeg?resize=768%2C1024&#038;ssl=1\" alt=\"\" class=\"wp-image-3187\"\/><figcaption>Emaj\u00f5e \u00e4\u00e4r T\u00dc Spordihoonest Lodjakoja poole on jalutamiseks v\u00e4ga kaunis<\/figcaption><\/figure>\n\n\n\n<p style=\"text-align: justify;\">Teekonnal l\u00e4bi padriku oli ka lihtsam hetk &#8211; avastasime ennast lehmade karjamaal. V\u00e4ikese tagasil\u00f6\u00f6gina \u00f5nnestus mul ikka elektrikarjusest v\u00e4ike surakas voolu saada, mis paremas s\u00e4\u00e4remarjas lihasvaluna veel kaks p\u00e4eva hiljem praegust lugu kirjutades tunda on. \u00d5nneks suutsime kilomeeter karjamaad l\u00e4bida lehmi ehmatamata.&nbsp;<\/p>\n<p style=\"text-align: justify;\">Kuna sel hetkel hakkas ka k\u00fclma vihma sadama, siis oli j\u00e4rgmisel l\u00f5igul m\u00e4rg, porine, kitsas ja s\u00e4\u00e4serohke. Kindlasti selle p\u00e4eva k\u00f5ige ebameeldivamad hetked, mis l\u00f5ppesid J\u00e4nese sillani j\u00f5udmisel.<\/p>\n<p style=\"text-align: justify;\">J\u00e4nese raudteesillal tegime v\u00e4ikese fotosessiooni ja m\u00f5ned humoorikad vaheklipid ning j\u00e4tkasime teed juba vanal heal J\u00e4nese matkarajal, mis oli meie matka l\u00f5pusirgeks. Seda me teadsime juba ette, et see ei tule lihtne ja rada ei ole kuiva jalaga l\u00e4bitav. Vanad matkaraja sillad, mis \u00fcle ojade ja kanalite viisid on kahjuks k\u00f5ik \u00e4ra l\u00f5hutud. Hea vahem\u00e4rkusena saab mainida, et Tartu abilinnapea Raimond Tamm, kellele seda Facebooki kommentaariumis mainisime, lubas, et mingil hetkel on J\u00e4nese rada j\u00f5e \u00e4\u00e4rest taas matkatav. Ootame seda p\u00e4eva \u00e4revusega.<\/p>\n<p style=\"text-align: justify;\">Kuidas meil aga k\u00f5ige suurema kanali \u00fcletamine l\u00e4ks, sellest saate aimu allolevas videos. Etteruttavalt v\u00f5ib \u00f6elda, et kuivadest jalgadest oli asi v\u00e4ga kaugel.<\/p>\n<p>&nbsp;<iframe loading=\"lazy\" style=\"border: none; overflow: hidden;\" src=\"https:\/\/www.facebook.com\/plugins\/video.php?href=https%3A%2F%2Fwww.facebook.com%2Fmarti.soosaar%2Fvideos%2F10157396553291446%2F&amp;show_text=1&amp;width=560\" scrolling=\"no\" allowfullscreen=\"allowfullscreen\" width=\"560\" height=\"555\" frameborder=\"0\"><\/iframe><\/p>\n<p style=\"text-align: justify;\">Matka l\u00f5pus tuli meil veel kahest v\u00e4iksemast kraavist l\u00e4bi kahlata, kus vesi ulatus puusadeni, aga see oli eelmise kanali k\u00f5rval juba k\u00f6\u00f6mes. L\u00f5pukilomeetrid matkarajal kulgesid kalameesterohkelt, kuna neid oli j\u00f5e \u00e4\u00e4res omajagu. Puutusime kokku huvitava fenomeniga, mida ikka ja j\u00e4lle peab meelde tuletama &#8211; kuidas saab nii olla, et t\u00e4is pudeleid ja toidukarpe j\u00f5utakse j\u00f5ekaldale kaasa vedada, aga kui need t\u00fchjaks saavad, siis muutuvad nad nii raskeks, et enam ei j\u00f5ua kuidagi neid kaasa v\u00f5tta?<\/p>\n<p style=\"text-align: justify;\">T\u00e4htvere spordipargi eel sai Kunnaril t\u00e4is ka oodatud 1,5 miljonit sammu ja seda t\u00e4histasime v\u00e4ikese kokkuv\u00f5tva videoga. &#8220;Neid videosid on mul v\u00f5ib olla k\u00f5ige igavam teha, aga samas ma saan aru, et need on vajalikud, sest annavad hea \u00fclevaate kogu p\u00e4evast,&#8221; nentis Kunnar.<\/p>\n<p style=\"text-align: justify;\"><iframe loading=\"lazy\" style=\"border: none; overflow: hidden;\" src=\"https:\/\/www.facebook.com\/plugins\/post.php?href=https%3A%2F%2Fwww.facebook.com%2Fphoto.php%3Ffbid%3D10163592672065290%26set%3Dp.10163592672065290%26type%3D3&amp;width=500\" scrolling=\"no\" width=\"500\" height=\"692\" frameborder=\"0\"><\/iframe>&nbsp;<\/p>\n<p style=\"text-align: justify;\">\u00d5htu l\u00f5petasime v\u00e4ikese grilli ja saunaga ning sedasi kulgenud matkap\u00e4ev oli minule isiklikult v\u00e4gagi meeltm\u00f6\u00f6da, sest kokku k\u00f5ndsime umbes 31 km, kuid minu Endomondo andis napilt enne l\u00f5ppu otsad ja sinna sai kirja 30.22 km. Tundus, et sellega peaks ikkagi iga terve inimene hakkama saama, aga kui sedasi iga p\u00e4ev peaks k\u00f5ndima 30 p\u00e4eva j\u00e4rjest, siis kindlasti peab olema hoopis teine ettevalmistus nii vaimselt, f\u00fc\u00fcsiliselt, kuid ka varustuse osas. Minu lihtne Nike vabaaja spordijalats oleks selle kuu jooksul ilmselt mitu korda otsad andnud.<\/p>\n<p style=\"text-align: justify;\">Kokkv\u00f5tteks k\u00fcsisin Kunnarilt, et kas see Tartu matkap\u00e4ev oligi talle \u00fcks kergemaid kogu kuu jooksul.<\/p>\n<p style=\"text-align: justify;\">&#8220;See osutus ikkagi m\u00f5nev\u00f5rra raskemaks kui ma seda planeerisin,&#8221; v\u00f5ttis Kunnar l\u00f5petuseks p\u00e4eva kokku.<\/p>\n<p style=\"text-align: justify;\">Soovime talle edu viimaste kilomeetrite l\u00e4bimisel ja kes p\u00fchap\u00e4eval Tallinna kandis, siis j\u00e4lgige Kunnarit sotsiaalmeedias ning minge saabumise ajal Toompeale tervitama.<\/p>\n<ul>\n<li><a href=\"https:\/fb.me\/kunnar\" data-wplink-url-error=\"true\">Kunnar Karu Facebookis<\/a><\/li>\n<li><a href=\"https:\/\/www.instagram.com\/kunnarkaru\">Kunnar Karu Instagramis @kunnarkaru<\/a><\/li>\n<\/ul>\n\n\n\n<h2>Matkap\u00e4eva videokokkuv\u00f5te<\/h2>\n<p><iframe loading=\"lazy\" style=\"border: none; overflow: hidden;\" src=\"https:\/\/www.facebook.com\/plugins\/video.php?href=https%3A%2F%2Fwww.facebook.com%2Fmarti.soosaar%2Fvideos%2F10157394418686446%2F&amp;show_text=1&amp;width=560\" scrolling=\"no\" allowfullscreen=\"allowfullscreen\" width=\"560\" height=\"465\" frameborder=\"0\"><\/iframe><\/p>\n","protected":false},"excerpt":{"rendered":"Kunnar Karu on mees, kes l\u00e4bis maikuus Eestimaa looduses ja matkaradadel kokku 1000 kilomeetrit, tehes kokku rohkem kui poolteist miljonit sammu. Pika distantsi eesm\u00e4rk t\u00e4itus juba enne 31. maid &#8211; t\u00e4psemalt 29. mail Rummu karj\u00e4\u00e4ris. Kunnari ettev\u00f5tmist oli sotsiaalmeedias Facebooki ja Instagrami vahendusel j\u00e4lgimas mitmed tuhanded inimesed. SportID tegevjuht Marti Soosaar jalutas Kunnariga kaasa p\u00e4ev&#8230;","protected":false},"author":10,"featured_media":3205,"comment_status":"open","ping_status":"open","sticky":false,"template":"","format":"standard","meta":{"_jetpack_memberships_contains_paid_content":false,"footnotes":""},"categories":[29,33],"tags":[],"class_list":["post-3183","post","type-post","status-publish","format-standard","has-post-thumbnail","hentry","category-elustiil","category-persoon"],"yoast_head":"<!-- This site is optimized with the Yoast SEO plugin v26.8 - https:\/\/yoast.com\/product\/yoast-seo-wordpress\/ -->\n<title>Eesti mees k\u00f5ndis maikuus 1000 kilomeetrit - Stebby<\/title>\n<meta name=\"robots\" content=\"index, follow, max-snippet:-1, max-image-preview:large, max-video-preview:-1\" \/>\n<link rel=\"canonical\" href=\"https:\/\/stebby.eu\/et\/eesti-mees-kondis-maikuus-1000-km\/\" \/>\n<meta property=\"og:locale\" content=\"et_EE\" \/>\n<meta property=\"og:type\" content=\"article\" \/>\n<meta property=\"og:title\" content=\"Eesti mees k\u00f5ndis maikuus 1000 kilomeetrit - Stebby\" \/>\n<meta property=\"og:description\" content=\"Kunnar Karu on mees, kes l\u00e4bis maikuus Eestimaa looduses ja matkaradadel kokku 1000 kilomeetrit, tehes kokku rohkem kui poolteist miljonit sammu. Pika distantsi eesm\u00e4rk t\u00e4itus juba enne 31. maid &#8211; t\u00e4psemalt 29. mail Rummu karj\u00e4\u00e4ris. Kunnari ettev\u00f5tmist oli sotsiaalmeedias Facebooki ja Instagrami vahendusel j\u00e4lgimas mitmed tuhanded inimesed. SportID tegevjuht Marti Soosaar jalutas Kunnariga kaasa p\u00e4ev...\" \/>\n<meta property=\"og:url\" content=\"https:\/\/stebby.eu\/et\/eesti-mees-kondis-maikuus-1000-km\/\" \/>\n<meta property=\"og:site_name\" content=\"Stebby\" \/>\n<meta property=\"article:publisher\" content=\"https:\/\/www.facebook.com\/stebby\/\" \/>\n<meta property=\"article:published_time\" content=\"2020-06-01T08:07:02+00:00\" \/>\n<meta property=\"og:image\" content=\"https:\/\/stebby.eu\/wp-content\/uploads\/2020\/06\/83690169_10163612764990290_2389216678140444672_o.jpg\" \/>\n\t<meta property=\"og:image:width\" content=\"1440\" \/>\n\t<meta property=\"og:image:height\" content=\"1156\" \/>\n\t<meta property=\"og:image:type\" content=\"image\/jpeg\" \/>\n<meta name=\"author\" content=\"ando.haldna\" \/>\n<meta name=\"twitter:card\" content=\"summary_large_image\" \/>\n<meta name=\"twitter:label1\" content=\"Written by\" \/>\n\t<meta name=\"twitter:data1\" content=\"ando.haldna\" \/>\n\t<meta name=\"twitter:label2\" content=\"Est. reading time\" \/>\n\t<meta name=\"twitter:data2\" content=\"9 minutit\" \/>\n<script type=\"application\/ld+json\" class=\"yoast-schema-graph\">{\"@context\":\"https:\/\/schema.org\",\"@graph\":[{\"@type\":\"Article\",\"@id\":\"https:\/\/stebby.eu\/et\/eesti-mees-kondis-maikuus-1000-km\/#article\",\"isPartOf\":{\"@id\":\"https:\/\/stebby.eu\/et\/eesti-mees-kondis-maikuus-1000-km\/\"},\"author\":{\"name\":\"ando.haldna\",\"@id\":\"https:\/\/stebby.eu\/#\/schema\/person\/d6c3f74d164fdb457c8de98518edbb4f\"},\"headline\":\"Eesti mees k\u00f5ndis maikuus 1000 kilomeetrit\",\"datePublished\":\"2020-06-01T08:07:02+00:00\",\"mainEntityOfPage\":{\"@id\":\"https:\/\/stebby.eu\/et\/eesti-mees-kondis-maikuus-1000-km\/\"},\"wordCount\":1872,\"commentCount\":0,\"publisher\":{\"@id\":\"https:\/\/stebby.eu\/#organization\"},\"image\":{\"@id\":\"https:\/\/stebby.eu\/et\/eesti-mees-kondis-maikuus-1000-km\/#primaryimage\"},\"thumbnailUrl\":\"https:\/\/i0.wp.com\/stebby.eu\/wp-content\/uploads\/2020\/06\/83690169_10163612764990290_2389216678140444672_o.jpg?fit=1440%2C1156&ssl=1\",\"articleSection\":[\"Elustiil\",\"Persoon\"],\"inLanguage\":\"et\",\"potentialAction\":[{\"@type\":\"CommentAction\",\"name\":\"Comment\",\"target\":[\"https:\/\/stebby.eu\/et\/eesti-mees-kondis-maikuus-1000-km\/#respond\"]}]},{\"@type\":\"WebPage\",\"@id\":\"https:\/\/stebby.eu\/et\/eesti-mees-kondis-maikuus-1000-km\/\",\"url\":\"https:\/\/stebby.eu\/et\/eesti-mees-kondis-maikuus-1000-km\/\",\"name\":\"Eesti mees k\u00f5ndis maikuus 1000 kilomeetrit - Stebby\",\"isPartOf\":{\"@id\":\"https:\/\/stebby.eu\/#website\"},\"primaryImageOfPage\":{\"@id\":\"https:\/\/stebby.eu\/et\/eesti-mees-kondis-maikuus-1000-km\/#primaryimage\"},\"image\":{\"@id\":\"https:\/\/stebby.eu\/et\/eesti-mees-kondis-maikuus-1000-km\/#primaryimage\"},\"thumbnailUrl\":\"https:\/\/i0.wp.com\/stebby.eu\/wp-content\/uploads\/2020\/06\/83690169_10163612764990290_2389216678140444672_o.jpg?fit=1440%2C1156&ssl=1\",\"datePublished\":\"2020-06-01T08:07:02+00:00\",\"breadcrumb\":{\"@id\":\"https:\/\/stebby.eu\/et\/eesti-mees-kondis-maikuus-1000-km\/#breadcrumb\"},\"inLanguage\":\"et\",\"potentialAction\":[{\"@type\":\"ReadAction\",\"target\":[\"https:\/\/stebby.eu\/et\/eesti-mees-kondis-maikuus-1000-km\/\"]}]},{\"@type\":\"ImageObject\",\"inLanguage\":\"et\",\"@id\":\"https:\/\/stebby.eu\/et\/eesti-mees-kondis-maikuus-1000-km\/#primaryimage\",\"url\":\"https:\/\/i0.wp.com\/stebby.eu\/wp-content\/uploads\/2020\/06\/83690169_10163612764990290_2389216678140444672_o.jpg?fit=1440%2C1156&ssl=1\",\"contentUrl\":\"https:\/\/i0.wp.com\/stebby.eu\/wp-content\/uploads\/2020\/06\/83690169_10163612764990290_2389216678140444672_o.jpg?fit=1440%2C1156&ssl=1\",\"width\":1440,\"height\":1156},{\"@type\":\"BreadcrumbList\",\"@id\":\"https:\/\/stebby.eu\/et\/eesti-mees-kondis-maikuus-1000-km\/#breadcrumb\",\"itemListElement\":[{\"@type\":\"ListItem\",\"position\":1,\"name\":\"Home\",\"item\":\"https:\/\/stebby.eu\/et\/\"},{\"@type\":\"ListItem\",\"position\":2,\"name\":\"Eesti mees k\u00f5ndis maikuus 1000 kilomeetrit\"}]},{\"@type\":\"WebSite\",\"@id\":\"https:\/\/stebby.eu\/#website\",\"url\":\"https:\/\/stebby.eu\/\",\"name\":\"Stebby\",\"description\":\"\",\"publisher\":{\"@id\":\"https:\/\/stebby.eu\/#organization\"},\"potentialAction\":[{\"@type\":\"SearchAction\",\"target\":{\"@type\":\"EntryPoint\",\"urlTemplate\":\"https:\/\/stebby.eu\/?s={search_term_string}\"},\"query-input\":{\"@type\":\"PropertyValueSpecification\",\"valueRequired\":true,\"valueName\":\"search_term_string\"}}],\"inLanguage\":\"et\"},{\"@type\":\"Organization\",\"@id\":\"https:\/\/stebby.eu\/#organization\",\"name\":\"Stebby\",\"url\":\"https:\/\/stebby.eu\/\",\"logo\":{\"@type\":\"ImageObject\",\"inLanguage\":\"et\",\"@id\":\"https:\/\/stebby.eu\/#\/schema\/logo\/image\/\",\"url\":\"https:\/\/stebby.eu\/wp-content\/uploads\/2020\/10\/stebby3-1.png\",\"contentUrl\":\"https:\/\/stebby.eu\/wp-content\/uploads\/2020\/10\/stebby3-1.png\",\"width\":256,\"height\":256,\"caption\":\"Stebby\"},\"image\":{\"@id\":\"https:\/\/stebby.eu\/#\/schema\/logo\/image\/\"},\"sameAs\":[\"https:\/\/www.facebook.com\/stebby\/\",\"https:\/\/instagram.com\/stebby.eesti\",\"https:\/\/www.linkedin.com\/company\/stebby\/\"]},{\"@type\":\"Person\",\"@id\":\"https:\/\/stebby.eu\/#\/schema\/person\/d6c3f74d164fdb457c8de98518edbb4f\",\"name\":\"ando.haldna\",\"image\":{\"@type\":\"ImageObject\",\"inLanguage\":\"et\",\"@id\":\"https:\/\/stebby.eu\/#\/schema\/person\/image\/\",\"url\":\"https:\/\/secure.gravatar.com\/avatar\/70bf464c17ff04ddfdf14f23e6dd246f?s=96&d=mm&r=g\",\"contentUrl\":\"https:\/\/secure.gravatar.com\/avatar\/70bf464c17ff04ddfdf14f23e6dd246f?s=96&d=mm&r=g\",\"caption\":\"ando.haldna\"},\"url\":\"https:\/\/stebby.eu\/et\/author\/ando-haldna\/\"}]}<\/script>\n<!-- \/ Yoast SEO plugin. -->","yoast_head_json":{"title":"Eesti mees k\u00f5ndis maikuus 1000 kilomeetrit - Stebby","robots":{"index":"index","follow":"follow","max-snippet":"max-snippet:-1","max-image-preview":"max-image-preview:large","max-video-preview":"max-video-preview:-1"},"canonical":"https:\/\/stebby.eu\/et\/eesti-mees-kondis-maikuus-1000-km\/","og_locale":"et_EE","og_type":"article","og_title":"Eesti mees k\u00f5ndis maikuus 1000 kilomeetrit - Stebby","og_description":"Kunnar Karu on mees, kes l\u00e4bis maikuus Eestimaa looduses ja matkaradadel kokku 1000 kilomeetrit, tehes kokku rohkem kui poolteist miljonit sammu. Pika distantsi eesm\u00e4rk t\u00e4itus juba enne 31. maid &#8211; t\u00e4psemalt 29. mail Rummu karj\u00e4\u00e4ris. Kunnari ettev\u00f5tmist oli sotsiaalmeedias Facebooki ja Instagrami vahendusel j\u00e4lgimas mitmed tuhanded inimesed. SportID tegevjuht Marti Soosaar jalutas Kunnariga kaasa p\u00e4ev...","og_url":"https:\/\/stebby.eu\/et\/eesti-mees-kondis-maikuus-1000-km\/","og_site_name":"Stebby","article_publisher":"https:\/\/www.facebook.com\/stebby\/","article_published_time":"2020-06-01T08:07:02+00:00","og_image":[{"width":1440,"height":1156,"url":"https:\/\/stebby.eu\/wp-content\/uploads\/2020\/06\/83690169_10163612764990290_2389216678140444672_o.jpg","type":"image\/jpeg"}],"author":"ando.haldna","twitter_card":"summary_large_image","twitter_misc":{"Written by":"ando.haldna","Est. reading time":"9 minutit"},"schema":{"@context":"https:\/\/schema.org","@graph":[{"@type":"Article","@id":"https:\/\/stebby.eu\/et\/eesti-mees-kondis-maikuus-1000-km\/#article","isPartOf":{"@id":"https:\/\/stebby.eu\/et\/eesti-mees-kondis-maikuus-1000-km\/"},"author":{"name":"ando.haldna","@id":"https:\/\/stebby.eu\/#\/schema\/person\/d6c3f74d164fdb457c8de98518edbb4f"},"headline":"Eesti mees k\u00f5ndis maikuus 1000 kilomeetrit","datePublished":"2020-06-01T08:07:02+00:00","mainEntityOfPage":{"@id":"https:\/\/stebby.eu\/et\/eesti-mees-kondis-maikuus-1000-km\/"},"wordCount":1872,"commentCount":0,"publisher":{"@id":"https:\/\/stebby.eu\/#organization"},"image":{"@id":"https:\/\/stebby.eu\/et\/eesti-mees-kondis-maikuus-1000-km\/#primaryimage"},"thumbnailUrl":"https:\/\/i0.wp.com\/stebby.eu\/wp-content\/uploads\/2020\/06\/83690169_10163612764990290_2389216678140444672_o.jpg?fit=1440%2C1156&ssl=1","articleSection":["Elustiil","Persoon"],"inLanguage":"et","potentialAction":[{"@type":"CommentAction","name":"Comment","target":["https:\/\/stebby.eu\/et\/eesti-mees-kondis-maikuus-1000-km\/#respond"]}]},{"@type":"WebPage","@id":"https:\/\/stebby.eu\/et\/eesti-mees-kondis-maikuus-1000-km\/","url":"https:\/\/stebby.eu\/et\/eesti-mees-kondis-maikuus-1000-km\/","name":"Eesti mees k\u00f5ndis maikuus 1000 kilomeetrit - Stebby","isPartOf":{"@id":"https:\/\/stebby.eu\/#website"},"primaryImageOfPage":{"@id":"https:\/\/stebby.eu\/et\/eesti-mees-kondis-maikuus-1000-km\/#primaryimage"},"image":{"@id":"https:\/\/stebby.eu\/et\/eesti-mees-kondis-maikuus-1000-km\/#primaryimage"},"thumbnailUrl":"https:\/\/i0.wp.com\/stebby.eu\/wp-content\/uploads\/2020\/06\/83690169_10163612764990290_2389216678140444672_o.jpg?fit=1440%2C1156&ssl=1","datePublished":"2020-06-01T08:07:02+00:00","breadcrumb":{"@id":"https:\/\/stebby.eu\/et\/eesti-mees-kondis-maikuus-1000-km\/#breadcrumb"},"inLanguage":"et","potentialAction":[{"@type":"ReadAction","target":["https:\/\/stebby.eu\/et\/eesti-mees-kondis-maikuus-1000-km\/"]}]},{"@type":"ImageObject","inLanguage":"et","@id":"https:\/\/stebby.eu\/et\/eesti-mees-kondis-maikuus-1000-km\/#primaryimage","url":"https:\/\/i0.wp.com\/stebby.eu\/wp-content\/uploads\/2020\/06\/83690169_10163612764990290_2389216678140444672_o.jpg?fit=1440%2C1156&ssl=1","contentUrl":"https:\/\/i0.wp.com\/stebby.eu\/wp-content\/uploads\/2020\/06\/83690169_10163612764990290_2389216678140444672_o.jpg?fit=1440%2C1156&ssl=1","width":1440,"height":1156},{"@type":"BreadcrumbList","@id":"https:\/\/stebby.eu\/et\/eesti-mees-kondis-maikuus-1000-km\/#breadcrumb","itemListElement":[{"@type":"ListItem","position":1,"name":"Home","item":"https:\/\/stebby.eu\/et\/"},{"@type":"ListItem","position":2,"name":"Eesti mees k\u00f5ndis maikuus 1000 kilomeetrit"}]},{"@type":"WebSite","@id":"https:\/\/stebby.eu\/#website","url":"https:\/\/stebby.eu\/","name":"Stebby","description":"","publisher":{"@id":"https:\/\/stebby.eu\/#organization"},"potentialAction":[{"@type":"SearchAction","target":{"@type":"EntryPoint","urlTemplate":"https:\/\/stebby.eu\/?s={search_term_string}"},"query-input":{"@type":"PropertyValueSpecification","valueRequired":true,"valueName":"search_term_string"}}],"inLanguage":"et"},{"@type":"Organization","@id":"https:\/\/stebby.eu\/#organization","name":"Stebby","url":"https:\/\/stebby.eu\/","logo":{"@type":"ImageObject","inLanguage":"et","@id":"https:\/\/stebby.eu\/#\/schema\/logo\/image\/","url":"https:\/\/stebby.eu\/wp-content\/uploads\/2020\/10\/stebby3-1.png","contentUrl":"https:\/\/stebby.eu\/wp-content\/uploads\/2020\/10\/stebby3-1.png","width":256,"height":256,"caption":"Stebby"},"image":{"@id":"https:\/\/stebby.eu\/#\/schema\/logo\/image\/"},"sameAs":["https:\/\/www.facebook.com\/stebby\/","https:\/\/instagram.com\/stebby.eesti","https:\/\/www.linkedin.com\/company\/stebby\/"]},{"@type":"Person","@id":"https:\/\/stebby.eu\/#\/schema\/person\/d6c3f74d164fdb457c8de98518edbb4f","name":"ando.haldna","image":{"@type":"ImageObject","inLanguage":"et","@id":"https:\/\/stebby.eu\/#\/schema\/person\/image\/","url":"https:\/\/secure.gravatar.com\/avatar\/70bf464c17ff04ddfdf14f23e6dd246f?s=96&d=mm&r=g","contentUrl":"https:\/\/secure.gravatar.com\/avatar\/70bf464c17ff04ddfdf14f23e6dd246f?s=96&d=mm&r=g","caption":"ando.haldna"},"url":"https:\/\/stebby.eu\/et\/author\/ando-haldna\/"}]}},"jetpack_featured_media_url":"https:\/\/i0.wp.com\/stebby.eu\/wp-content\/uploads\/2020\/06\/83690169_10163612764990290_2389216678140444672_o.jpg?fit=1440%2C1156&ssl=1","jetpack_sharing_enabled":true,"_links":{"self":[{"href":"https:\/\/stebby.eu\/et\/wp-json\/wp\/v2\/posts\/3183","targetHints":{"allow":["GET"]}}],"collection":[{"href":"https:\/\/stebby.eu\/et\/wp-json\/wp\/v2\/posts"}],"about":[{"href":"https:\/\/stebby.eu\/et\/wp-json\/wp\/v2\/types\/post"}],"author":[{"embeddable":true,"href":"https:\/\/stebby.eu\/et\/wp-json\/wp\/v2\/users\/10"}],"replies":[{"embeddable":true,"href":"https:\/\/stebby.eu\/et\/wp-json\/wp\/v2\/comments?post=3183"}],"version-history":[{"count":0,"href":"https:\/\/stebby.eu\/et\/wp-json\/wp\/v2\/posts\/3183\/revisions"}],"wp:featuredmedia":[{"embeddable":true,"href":"https:\/\/stebby.eu\/et\/wp-json\/wp\/v2\/media\/3205"}],"wp:attachment":[{"href":"https:\/\/stebby.eu\/et\/wp-json\/wp\/v2\/media?parent=3183"}],"wp:term":[{"taxonomy":"category","embeddable":true,"href":"https:\/\/stebby.eu\/et\/wp-json\/wp\/v2\/categories?post=3183"},{"taxonomy":"post_tag","embeddable":true,"href":"https:\/\/stebby.eu\/et\/wp-json\/wp\/v2\/tags?post=3183"}],"curies":[{"name":"wp","href":"https:\/\/api.w.org\/{rel}","templated":true}]}}