{"id":3350,"date":"2020-06-11T13:31:01","date_gmt":"2020-06-11T11:31:01","guid":{"rendered":"https:\/\/sportideas.blog\/?p=3350"},"modified":"2020-06-11T13:31:01","modified_gmt":"2020-06-11T11:31:01","slug":"tartu-sudalinna-spaakeskus-on-taas-avatud","status":"publish","type":"post","link":"https:\/\/stebby.eu\/et\/tartu-sudalinna-spaakeskus-on-taas-avatud\/","title":{"rendered":"Tartu s\u00fcdalinna spaakeskus on taas avatud!"},"content":{"rendered":"\n<p style=\"text-align: justify;\"><span style=\"font-weight: 400;\">Tartu suurim spaakompleks V Spa on alates t\u00e4nasest avanud taas oma vee- ja saunakeskuse uksed k\u00f5igile k\u00fclastajatele. Kuigi <\/span><i><span style=\"font-weight: 400;\">Wellness <\/span><\/i><span style=\"font-weight: 400;\">hoolitsusi said k\u00fclastajad nautida juba varem, siis vee- ja saunakeskuse avamine on toonud mitmeid \u00fcllatusi veer\u00f5\u00f5mude nautlejatele. V Spa on l\u00e4bi teinud uuenduskuuri, et muuta spaakeskus puhkajatele veelgi mugavamaks.\u00a0<\/span><\/p>\n<p><a href=\"https:\/\/i0.wp.com\/sportideas.blog\/wp-content\/uploads\/2020\/06\/Paikeseterrass_web-_T_09400-Edit-2.jpg?ssl=1\"><img data-recalc-dims=\"1\" loading=\"lazy\" decoding=\"async\" class=\"alignnone  wp-image-3354\" src=\"https:\/\/i0.wp.com\/sportideas.blog\/wp-content\/uploads\/2020\/06\/Paikeseterrass_web-_T_09400-Edit-2-300x200.jpg?resize=695%2C463&#038;ssl=1\" alt=\"\" width=\"695\" height=\"463\" \/><\/a><\/p>\n<p style=\"text-align: justify;\"><span style=\"font-weight: 400;\">T\u00e4navuse kevadpausi ajal ei istunud V Spa k\u00e4ed r\u00fcppes, vaid sealne aeg <\/span><span style=\"font-weight: 400;\">m\u00f6\u00f6dus agaralt uuendust\u00f6id tehes. Suurima uuendusena on V Spa t\u00e4iustanud oma kompleksi <strong>V Spa Tibulaga<\/strong>, mille infrapunakiirgurite all m\u00f5nuledes soojeneda saab. Suures basseinis saab n\u00fc\u00fcdsest nautida uutes massaa\u017eiboksides vesimassaa\u017ei ning muudatusi on tehtud interj\u00f6\u00f6ris ja saunades, et muuta spaakogemus meeldej\u00e4\u00e4vaks kogu perele.<\/span><\/p>\n<p><a href=\"https:\/\/i0.wp.com\/sportideas.blog\/wp-content\/uploads\/2020\/06\/Spa-keskus-modellidega_Web-_T_00506-Edit-2.jpg?ssl=1\"><img data-recalc-dims=\"1\" loading=\"lazy\" decoding=\"async\" class=\"alignnone  wp-image-3356\" src=\"https:\/\/i0.wp.com\/sportideas.blog\/wp-content\/uploads\/2020\/06\/Spa-keskus-modellidega_Web-_T_00506-Edit-2-300x200.jpg?resize=698%2C465&#038;ssl=1\" alt=\"\" width=\"698\" height=\"465\" \/><\/a><\/p>\n<p style=\"text-align: justify;\"><span style=\"font-weight: 400;\">Kuna V Spa l\u00e4htub Terviseameti soovitustest, siis on nende spaak\u00fclastus ohutum iga\u00fchele. V Spa veekeskust saab korraga k\u00fclastada maksimaalselt 150 inimest, mist\u00f5ttu k\u00fclastaksid justkui privaatspaad, kus on m\u00f5nusalt ruumi kogu perega aega veeta. K\u00f5iki V Spa veem\u00f5nusid saab nautida \u00fcheteistk\u00fcmnes erinevas l\u00f5\u00f5gastavas basseinis.<\/span><\/p>\n<p style=\"text-align: justify;\"><span style=\"font-weight: 400;\">Samuti toimuvad V Spa saunakompleksis saunarituaalid, kus kogetakse erinevate saunade ise\u00e4rasusi V Spa t\u00f6\u00f6taja juhendamisel ja \u00f5petuss\u00f5nade j\u00e4rgi.<\/span><\/p>\n<p style=\"text-align: justify;\">Seniks aga tutvu <strong>V Spa koduse kehakoorijaga<\/strong>, mida saad valmistada kodus k\u00e4ep\u00e4rastest vahenditest!<\/p>\n<p style=\"text-align: justify;\">Vaja l\u00e4heb:<\/p>\n<p style=\"text-align: justify;\">\u2022 1-2 sl kohvipuru<br \/>\u2022 1-2 sl mett<br \/>\u2022 natuke kaneeli<br \/>\u2022 1 sl meresoola<\/p>\n<p style=\"text-align: justify;\">Kuidas sellest k\u00f5igest kehakoorija saab, vaata l\u00e4hemalt juba j\u00e4rgnevast videost.<\/p>\n<p><div class=\"fb-video\" data-allowfullscreen=\"true\" data-href=\"https:\/\/www.facebook.com\/vspatartu\/videos\/683567462432512\/?__xts__%5B0%5D=68.ARB2CVG7OD6NFUrDv0mWr6t4X_6jyZZypaZkHMCaeUPLxaNCYKZlJxlnArj66HCaz9DOSNioubWPh4DaUUWkMjZwUFNYj_PihW4uHSTd4mw9dBKIJUtyrVF1scT8oTQtB1p2o7j2prCEdzr3MkRtd9oXryfm5qx7uhXDxRv8TCEf9_hbD7yvOBJhbCQgz_yil3Hb0dmr7GFoBGkT3af5G-a5332_VfisEjXKtrMZKCahzZY7XJZTOifHVlZ0Sr1WNBlIIB8mD5MI7uyKOSaoawrt_uQjmPvOCobgmc8BbRfRc-hXzLJWK-FDALG7Ckn-Y5gNeBUjA98MbQxAOwWoa_AhqKBY1VHwiWiRO6cjG3WY9nvc5Q&#038;__tn__=-R\" style=\"background-color: #fff; display: inline-block;\"><\/div><\/p>\n<p style=\"text-align: center;\"><span style=\"font-weight: 400;\">Need ja k\u00f5ik teised uued v\u00f5i juba tuttavad elamused ootavad Sind V Spaas!<\/span><\/p>\n\n\n\n<div class=\"wp-block-buttons aligncenter is-layout-flex wp-block-buttons-is-layout-flex\">\n<div class=\"wp-block-button\"><a class=\"wp-block-button__link has-text-color has-background has-pale-cyan-blue-background-color\" href=\"https:\/\/sportid.com\/pos\/v.spa\/services?serviceId=9374\" style=\"color:#ffffff\" target=\"_blank\" rel=\"noreferrer noopener\">Tutvu V Spa hoolitsuste &amp; p\u00e4\u00e4smetega<\/a><\/div>\n<\/div>\n\n\n","protected":false},"excerpt":{"rendered":"","protected":false},"author":10,"featured_media":3362,"comment_status":"open","ping_status":"open","sticky":false,"template":"","format":"standard","meta":{"_jetpack_memberships_contains_paid_content":false,"footnotes":""},"categories":[25],"tags":[],"class_list":["post-3350","post","type-post","status-publish","format-standard","has-post-thumbnail","hentry","category-tervis"],"yoast_head":"<!-- This site is optimized with the Yoast SEO plugin v26.8 - https:\/\/yoast.com\/product\/yoast-seo-wordpress\/ -->\n<title>Tartu s\u00fcdalinna spaakeskus on taas avatud! - Stebby<\/title>\n<meta name=\"robots\" content=\"index, follow, max-snippet:-1, max-image-preview:large, max-video-preview:-1\" \/>\n<link rel=\"canonical\" href=\"https:\/\/stebby.eu\/et\/tartu-sudalinna-spaakeskus-on-taas-avatud\/\" \/>\n<meta property=\"og:locale\" content=\"et_EE\" \/>\n<meta property=\"og:type\" content=\"article\" \/>\n<meta property=\"og:title\" content=\"Tartu s\u00fcdalinna spaakeskus on taas avatud! - Stebby\" \/>\n<meta property=\"og:url\" content=\"https:\/\/stebby.eu\/et\/tartu-sudalinna-spaakeskus-on-taas-avatud\/\" \/>\n<meta property=\"og:site_name\" content=\"Stebby\" \/>\n<meta property=\"article:publisher\" content=\"https:\/\/www.facebook.com\/stebby\/\" \/>\n<meta property=\"article:published_time\" content=\"2020-06-11T11:31:01+00:00\" \/>\n<meta property=\"og:image\" content=\"https:\/\/stebby.eu\/wp-content\/uploads\/2020\/06\/Screenshot-at-Jun-11-14-32-55-1-768x327.png\" \/>\n\t<meta property=\"og:image:width\" content=\"768\" \/>\n\t<meta property=\"og:image:height\" content=\"327\" \/>\n\t<meta property=\"og:image:type\" content=\"image\/png\" \/>\n<meta name=\"author\" content=\"ando.haldna\" \/>\n<meta name=\"twitter:card\" content=\"summary_large_image\" \/>\n<meta name=\"twitter:label1\" content=\"Written by\" \/>\n\t<meta name=\"twitter:data1\" content=\"ando.haldna\" \/>\n\t<meta name=\"twitter:label2\" content=\"Est. reading time\" \/>\n\t<meta name=\"twitter:data2\" content=\"2 minutit\" \/>\n<script type=\"application\/ld+json\" class=\"yoast-schema-graph\">{\"@context\":\"https:\/\/schema.org\",\"@graph\":[{\"@type\":\"Article\",\"@id\":\"https:\/\/stebby.eu\/et\/tartu-sudalinna-spaakeskus-on-taas-avatud\/#article\",\"isPartOf\":{\"@id\":\"https:\/\/stebby.eu\/et\/tartu-sudalinna-spaakeskus-on-taas-avatud\/\"},\"author\":{\"name\":\"ando.haldna\",\"@id\":\"https:\/\/stebby.eu\/#\/schema\/person\/d6c3f74d164fdb457c8de98518edbb4f\"},\"headline\":\"Tartu s\u00fcdalinna spaakeskus on taas avatud!\",\"datePublished\":\"2020-06-11T11:31:01+00:00\",\"mainEntityOfPage\":{\"@id\":\"https:\/\/stebby.eu\/et\/tartu-sudalinna-spaakeskus-on-taas-avatud\/\"},\"wordCount\":327,\"commentCount\":0,\"publisher\":{\"@id\":\"https:\/\/stebby.eu\/#organization\"},\"image\":{\"@id\":\"https:\/\/stebby.eu\/et\/tartu-sudalinna-spaakeskus-on-taas-avatud\/#primaryimage\"},\"thumbnailUrl\":\"https:\/\/i0.wp.com\/stebby.eu\/wp-content\/uploads\/2020\/06\/Screenshot-at-Jun-11-14-32-55-1.png?fit=1977%2C843&ssl=1\",\"articleSection\":[\"Tervis\"],\"inLanguage\":\"et\",\"potentialAction\":[{\"@type\":\"CommentAction\",\"name\":\"Comment\",\"target\":[\"https:\/\/stebby.eu\/et\/tartu-sudalinna-spaakeskus-on-taas-avatud\/#respond\"]}]},{\"@type\":\"WebPage\",\"@id\":\"https:\/\/stebby.eu\/et\/tartu-sudalinna-spaakeskus-on-taas-avatud\/\",\"url\":\"https:\/\/stebby.eu\/et\/tartu-sudalinna-spaakeskus-on-taas-avatud\/\",\"name\":\"Tartu s\u00fcdalinna spaakeskus on taas avatud! - Stebby\",\"isPartOf\":{\"@id\":\"https:\/\/stebby.eu\/#website\"},\"primaryImageOfPage\":{\"@id\":\"https:\/\/stebby.eu\/et\/tartu-sudalinna-spaakeskus-on-taas-avatud\/#primaryimage\"},\"image\":{\"@id\":\"https:\/\/stebby.eu\/et\/tartu-sudalinna-spaakeskus-on-taas-avatud\/#primaryimage\"},\"thumbnailUrl\":\"https:\/\/i0.wp.com\/stebby.eu\/wp-content\/uploads\/2020\/06\/Screenshot-at-Jun-11-14-32-55-1.png?fit=1977%2C843&ssl=1\",\"datePublished\":\"2020-06-11T11:31:01+00:00\",\"breadcrumb\":{\"@id\":\"https:\/\/stebby.eu\/et\/tartu-sudalinna-spaakeskus-on-taas-avatud\/#breadcrumb\"},\"inLanguage\":\"et\",\"potentialAction\":[{\"@type\":\"ReadAction\",\"target\":[\"https:\/\/stebby.eu\/et\/tartu-sudalinna-spaakeskus-on-taas-avatud\/\"]}]},{\"@type\":\"ImageObject\",\"inLanguage\":\"et\",\"@id\":\"https:\/\/stebby.eu\/et\/tartu-sudalinna-spaakeskus-on-taas-avatud\/#primaryimage\",\"url\":\"https:\/\/i0.wp.com\/stebby.eu\/wp-content\/uploads\/2020\/06\/Screenshot-at-Jun-11-14-32-55-1.png?fit=1977%2C843&ssl=1\",\"contentUrl\":\"https:\/\/i0.wp.com\/stebby.eu\/wp-content\/uploads\/2020\/06\/Screenshot-at-Jun-11-14-32-55-1.png?fit=1977%2C843&ssl=1\",\"width\":1977,\"height\":843},{\"@type\":\"BreadcrumbList\",\"@id\":\"https:\/\/stebby.eu\/et\/tartu-sudalinna-spaakeskus-on-taas-avatud\/#breadcrumb\",\"itemListElement\":[{\"@type\":\"ListItem\",\"position\":1,\"name\":\"Home\",\"item\":\"https:\/\/stebby.eu\/et\/\"},{\"@type\":\"ListItem\",\"position\":2,\"name\":\"Tartu s\u00fcdalinna spaakeskus on taas avatud!\"}]},{\"@type\":\"WebSite\",\"@id\":\"https:\/\/stebby.eu\/#website\",\"url\":\"https:\/\/stebby.eu\/\",\"name\":\"Stebby\",\"description\":\"\",\"publisher\":{\"@id\":\"https:\/\/stebby.eu\/#organization\"},\"potentialAction\":[{\"@type\":\"SearchAction\",\"target\":{\"@type\":\"EntryPoint\",\"urlTemplate\":\"https:\/\/stebby.eu\/?s={search_term_string}\"},\"query-input\":{\"@type\":\"PropertyValueSpecification\",\"valueRequired\":true,\"valueName\":\"search_term_string\"}}],\"inLanguage\":\"et\"},{\"@type\":\"Organization\",\"@id\":\"https:\/\/stebby.eu\/#organization\",\"name\":\"Stebby\",\"url\":\"https:\/\/stebby.eu\/\",\"logo\":{\"@type\":\"ImageObject\",\"inLanguage\":\"et\",\"@id\":\"https:\/\/stebby.eu\/#\/schema\/logo\/image\/\",\"url\":\"https:\/\/stebby.eu\/wp-content\/uploads\/2020\/10\/stebby3-1.png\",\"contentUrl\":\"https:\/\/stebby.eu\/wp-content\/uploads\/2020\/10\/stebby3-1.png\",\"width\":256,\"height\":256,\"caption\":\"Stebby\"},\"image\":{\"@id\":\"https:\/\/stebby.eu\/#\/schema\/logo\/image\/\"},\"sameAs\":[\"https:\/\/www.facebook.com\/stebby\/\",\"https:\/\/instagram.com\/stebby.eesti\",\"https:\/\/www.linkedin.com\/company\/stebby\/\"]},{\"@type\":\"Person\",\"@id\":\"https:\/\/stebby.eu\/#\/schema\/person\/d6c3f74d164fdb457c8de98518edbb4f\",\"name\":\"ando.haldna\",\"image\":{\"@type\":\"ImageObject\",\"inLanguage\":\"et\",\"@id\":\"https:\/\/stebby.eu\/#\/schema\/person\/image\/\",\"url\":\"https:\/\/secure.gravatar.com\/avatar\/70bf464c17ff04ddfdf14f23e6dd246f?s=96&d=mm&r=g\",\"contentUrl\":\"https:\/\/secure.gravatar.com\/avatar\/70bf464c17ff04ddfdf14f23e6dd246f?s=96&d=mm&r=g\",\"caption\":\"ando.haldna\"},\"url\":\"https:\/\/stebby.eu\/et\/author\/ando-haldna\/\"}]}<\/script>\n<!-- \/ Yoast SEO plugin. -->","yoast_head_json":{"title":"Tartu s\u00fcdalinna spaakeskus on taas avatud! - Stebby","robots":{"index":"index","follow":"follow","max-snippet":"max-snippet:-1","max-image-preview":"max-image-preview:large","max-video-preview":"max-video-preview:-1"},"canonical":"https:\/\/stebby.eu\/et\/tartu-sudalinna-spaakeskus-on-taas-avatud\/","og_locale":"et_EE","og_type":"article","og_title":"Tartu s\u00fcdalinna spaakeskus on taas avatud! - Stebby","og_url":"https:\/\/stebby.eu\/et\/tartu-sudalinna-spaakeskus-on-taas-avatud\/","og_site_name":"Stebby","article_publisher":"https:\/\/www.facebook.com\/stebby\/","article_published_time":"2020-06-11T11:31:01+00:00","og_image":[{"width":768,"height":327,"url":"https:\/\/stebby.eu\/wp-content\/uploads\/2020\/06\/Screenshot-at-Jun-11-14-32-55-1-768x327.png","type":"image\/png"}],"author":"ando.haldna","twitter_card":"summary_large_image","twitter_misc":{"Written by":"ando.haldna","Est. reading time":"2 minutit"},"schema":{"@context":"https:\/\/schema.org","@graph":[{"@type":"Article","@id":"https:\/\/stebby.eu\/et\/tartu-sudalinna-spaakeskus-on-taas-avatud\/#article","isPartOf":{"@id":"https:\/\/stebby.eu\/et\/tartu-sudalinna-spaakeskus-on-taas-avatud\/"},"author":{"name":"ando.haldna","@id":"https:\/\/stebby.eu\/#\/schema\/person\/d6c3f74d164fdb457c8de98518edbb4f"},"headline":"Tartu s\u00fcdalinna spaakeskus on taas avatud!","datePublished":"2020-06-11T11:31:01+00:00","mainEntityOfPage":{"@id":"https:\/\/stebby.eu\/et\/tartu-sudalinna-spaakeskus-on-taas-avatud\/"},"wordCount":327,"commentCount":0,"publisher":{"@id":"https:\/\/stebby.eu\/#organization"},"image":{"@id":"https:\/\/stebby.eu\/et\/tartu-sudalinna-spaakeskus-on-taas-avatud\/#primaryimage"},"thumbnailUrl":"https:\/\/i0.wp.com\/stebby.eu\/wp-content\/uploads\/2020\/06\/Screenshot-at-Jun-11-14-32-55-1.png?fit=1977%2C843&ssl=1","articleSection":["Tervis"],"inLanguage":"et","potentialAction":[{"@type":"CommentAction","name":"Comment","target":["https:\/\/stebby.eu\/et\/tartu-sudalinna-spaakeskus-on-taas-avatud\/#respond"]}]},{"@type":"WebPage","@id":"https:\/\/stebby.eu\/et\/tartu-sudalinna-spaakeskus-on-taas-avatud\/","url":"https:\/\/stebby.eu\/et\/tartu-sudalinna-spaakeskus-on-taas-avatud\/","name":"Tartu s\u00fcdalinna spaakeskus on taas avatud! - Stebby","isPartOf":{"@id":"https:\/\/stebby.eu\/#website"},"primaryImageOfPage":{"@id":"https:\/\/stebby.eu\/et\/tartu-sudalinna-spaakeskus-on-taas-avatud\/#primaryimage"},"image":{"@id":"https:\/\/stebby.eu\/et\/tartu-sudalinna-spaakeskus-on-taas-avatud\/#primaryimage"},"thumbnailUrl":"https:\/\/i0.wp.com\/stebby.eu\/wp-content\/uploads\/2020\/06\/Screenshot-at-Jun-11-14-32-55-1.png?fit=1977%2C843&ssl=1","datePublished":"2020-06-11T11:31:01+00:00","breadcrumb":{"@id":"https:\/\/stebby.eu\/et\/tartu-sudalinna-spaakeskus-on-taas-avatud\/#breadcrumb"},"inLanguage":"et","potentialAction":[{"@type":"ReadAction","target":["https:\/\/stebby.eu\/et\/tartu-sudalinna-spaakeskus-on-taas-avatud\/"]}]},{"@type":"ImageObject","inLanguage":"et","@id":"https:\/\/stebby.eu\/et\/tartu-sudalinna-spaakeskus-on-taas-avatud\/#primaryimage","url":"https:\/\/i0.wp.com\/stebby.eu\/wp-content\/uploads\/2020\/06\/Screenshot-at-Jun-11-14-32-55-1.png?fit=1977%2C843&ssl=1","contentUrl":"https:\/\/i0.wp.com\/stebby.eu\/wp-content\/uploads\/2020\/06\/Screenshot-at-Jun-11-14-32-55-1.png?fit=1977%2C843&ssl=1","width":1977,"height":843},{"@type":"BreadcrumbList","@id":"https:\/\/stebby.eu\/et\/tartu-sudalinna-spaakeskus-on-taas-avatud\/#breadcrumb","itemListElement":[{"@type":"ListItem","position":1,"name":"Home","item":"https:\/\/stebby.eu\/et\/"},{"@type":"ListItem","position":2,"name":"Tartu s\u00fcdalinna spaakeskus on taas avatud!"}]},{"@type":"WebSite","@id":"https:\/\/stebby.eu\/#website","url":"https:\/\/stebby.eu\/","name":"Stebby","description":"","publisher":{"@id":"https:\/\/stebby.eu\/#organization"},"potentialAction":[{"@type":"SearchAction","target":{"@type":"EntryPoint","urlTemplate":"https:\/\/stebby.eu\/?s={search_term_string}"},"query-input":{"@type":"PropertyValueSpecification","valueRequired":true,"valueName":"search_term_string"}}],"inLanguage":"et"},{"@type":"Organization","@id":"https:\/\/stebby.eu\/#organization","name":"Stebby","url":"https:\/\/stebby.eu\/","logo":{"@type":"ImageObject","inLanguage":"et","@id":"https:\/\/stebby.eu\/#\/schema\/logo\/image\/","url":"https:\/\/stebby.eu\/wp-content\/uploads\/2020\/10\/stebby3-1.png","contentUrl":"https:\/\/stebby.eu\/wp-content\/uploads\/2020\/10\/stebby3-1.png","width":256,"height":256,"caption":"Stebby"},"image":{"@id":"https:\/\/stebby.eu\/#\/schema\/logo\/image\/"},"sameAs":["https:\/\/www.facebook.com\/stebby\/","https:\/\/instagram.com\/stebby.eesti","https:\/\/www.linkedin.com\/company\/stebby\/"]},{"@type":"Person","@id":"https:\/\/stebby.eu\/#\/schema\/person\/d6c3f74d164fdb457c8de98518edbb4f","name":"ando.haldna","image":{"@type":"ImageObject","inLanguage":"et","@id":"https:\/\/stebby.eu\/#\/schema\/person\/image\/","url":"https:\/\/secure.gravatar.com\/avatar\/70bf464c17ff04ddfdf14f23e6dd246f?s=96&d=mm&r=g","contentUrl":"https:\/\/secure.gravatar.com\/avatar\/70bf464c17ff04ddfdf14f23e6dd246f?s=96&d=mm&r=g","caption":"ando.haldna"},"url":"https:\/\/stebby.eu\/et\/author\/ando-haldna\/"}]}},"jetpack_featured_media_url":"https:\/\/i0.wp.com\/stebby.eu\/wp-content\/uploads\/2020\/06\/Screenshot-at-Jun-11-14-32-55-1.png?fit=1977%2C843&ssl=1","jetpack_sharing_enabled":true,"_links":{"self":[{"href":"https:\/\/stebby.eu\/et\/wp-json\/wp\/v2\/posts\/3350","targetHints":{"allow":["GET"]}}],"collection":[{"href":"https:\/\/stebby.eu\/et\/wp-json\/wp\/v2\/posts"}],"about":[{"href":"https:\/\/stebby.eu\/et\/wp-json\/wp\/v2\/types\/post"}],"author":[{"embeddable":true,"href":"https:\/\/stebby.eu\/et\/wp-json\/wp\/v2\/users\/10"}],"replies":[{"embeddable":true,"href":"https:\/\/stebby.eu\/et\/wp-json\/wp\/v2\/comments?post=3350"}],"version-history":[{"count":0,"href":"https:\/\/stebby.eu\/et\/wp-json\/wp\/v2\/posts\/3350\/revisions"}],"wp:featuredmedia":[{"embeddable":true,"href":"https:\/\/stebby.eu\/et\/wp-json\/wp\/v2\/media\/3362"}],"wp:attachment":[{"href":"https:\/\/stebby.eu\/et\/wp-json\/wp\/v2\/media?parent=3350"}],"wp:term":[{"taxonomy":"category","embeddable":true,"href":"https:\/\/stebby.eu\/et\/wp-json\/wp\/v2\/categories?post=3350"},{"taxonomy":"post_tag","embeddable":true,"href":"https:\/\/stebby.eu\/et\/wp-json\/wp\/v2\/tags?post=3350"}],"curies":[{"name":"wp","href":"https:\/\/api.w.org\/{rel}","templated":true}]}}