{"id":3471,"date":"2020-06-19T11:24:05","date_gmt":"2020-06-19T09:24:05","guid":{"rendered":"https:\/\/sportideas.blog\/?p=3471"},"modified":"2020-06-19T11:24:05","modified_gmt":"2020-06-19T09:24:05","slug":"suvised-jooksuuritused-ule-eesti-2020","status":"publish","type":"post","link":"https:\/\/stebby.eu\/et\/suvised-jooksuuritused-ule-eesti-2020\/","title":{"rendered":"Suvised jooksu\u00fcritused \u00fcle Eesti 2020"},"content":{"rendered":"\n<p style=\"text-align: justify;\">Suvised ilmad on jooksus\u00f5pradele naeratuse n\u00e4ole toonud. Kuna vabas \u00f5hus v\u00f5ib v\u00f5istlusi ja tervisejookse endiselt korraldada, siis on ka toimumas sellel suvel m\u00f5\u00f5duv\u00f5tte l\u00fchematest distantsidest maratonideni v\u00e4lja. Toome sinuni vaid m\u00f5ningad p\u00f5nevamad v\u00f5istlused, mis toimuvad Eesti eri paigus ning pakuvad iga\u00fchele midagi, kes soovib ennast aktiivselt liigutada.<\/p>\n<h4 style=\"text-align: justify;\"><b>Eesti Linnajooksu 2020<\/b><\/h4>\n<p style=\"text-align: justify;\"><span style=\"font-weight: 400;\">Kui oled jooksus\u00f5ber, kuid kodulinna t\u00e4navad on p\u00e4he kulunud, siis oleks aeg m\u00f5elda m\u00f5\u00f5duv\u00f5tule m\u00f5nes teises Eesti kaunis linnas. Avasta linnat\u00e4navaid kohtades, kus sa varem pole k\u00e4inud. Sel aastal on tulemas veel jookse nii mandril kui saartel:<\/span><\/p>\n<p style=\"text-align: justify;\"><a href=\"https:\/\/viljandijarvejooks.ee\/\"><span style=\"font-weight: 400;\">Suurjooks \u00fcmber Viljandi j\u00e4rve<\/span><\/a><span style=\"font-weight: 400;\"> &#8211; Viljandi- 1. august 2020<\/span><\/p>\n<p style=\"text-align: justify;\"><a href=\"http:\/\/saaremaaspordikool.ee\/kuressaare-linnajooks\/\"><span style=\"font-weight: 400;\">Kuressaare Linnajooks <\/span><\/a><span style=\"font-weight: 400;\">&#8211; Kuressaare- 30. august 2020<\/span><\/p>\n<p style=\"text-align: justify;\"><a href=\"https:\/\/www.2silda.ee\/juri-jaansoni-kahe-silla-jooks\/\"><span style=\"font-weight: 400;\">J\u00fcri Jaansoni Kahe Silla Jooks<\/span><\/a><span style=\"font-weight: 400;\"> &#8211; P\u00e4rnu \u2013 5. &#8211; 6. september 2020<\/span><\/p>\n<p style=\"text-align: justify;\"><a href=\"http:\/\/www.jooks.ee\/et\/tallinna-maraton\/\"><span style=\"font-weight: 400;\">Tallinna Maraton<\/span><\/a><span style=\"font-weight: 400;\"> &#8211; Tallinn \u2013 12.-13. september 2020<\/span><\/p>\n<p style=\"text-align: justify;\"><a href=\"http:\/\/raplaselverijooks.ee\/\"><span style=\"font-weight: 400;\">Rapla Selveri Suurjooks <\/span><\/a><span style=\"font-weight: 400;\">&#8211; Rapla \u2013 19. september 2020<\/span><\/p>\n<p style=\"text-align: justify;\"><a href=\"https:\/\/www.eestimaraton.ee\/\"><span style=\"font-weight: 400;\">Viking Line Eesti \u00d6\u00f6jooks<\/span><\/a><span style=\"font-weight: 400;\"> &#8211; Rakvere \u2013 26. september 2020<\/span><\/p>\n<p style=\"text-align: justify;\"><a href=\"https:\/\/www.rahvajooks.ee\/\"><span style=\"font-weight: 400;\">Viking Window Paide-T\u00fcri Rahvajooks<\/span><\/a><span style=\"font-weight: 400;\"> &#8211; Paide-T\u00fcri \u2013 27. september 2020<\/span><\/p>\n<p style=\"text-align: justify;\"><a href=\"https:\/\/www.tartumaraton.ee\/et\/yritused\/linnamaraton\/8\/\"><span style=\"font-weight: 400;\">Tartu Linnamaraton<\/span><\/a><span style=\"font-weight: 400;\"> \u2013 Tartu \u2013 3. oktoober 2020<\/span><\/p>\n<p style=\"text-align: justify;\"><a href=\"http:\/\/www.jooks.ee\/et\/narva\/\"><span style=\"font-weight: 400;\">Narva Energiajooks<\/span><\/a><span style=\"font-weight: 400;\"> &#8211; Narva \u2013 10. oktoober 2020<\/span><\/p>\n<p style=\"text-align: justify;\"><span style=\"font-weight: 400;\">Lisainformatsiooni leiad <a href=\"https:\/\/sportid.com\/event\/3827\">SIIT<\/a>. \u00a0<\/span><\/p>\n<h4><b>47. Saaremaa kolme p\u00e4eva jooks 2020<\/b><\/h4>\n<p style=\"text-align: justify;\"><span style=\"font-weight: 400;\">\u00dchenda m\u00f5nus puhkus Eesti suurimal saarel maratonidistantsi l\u00e4bimisega. Seda muidugi formaadis, mis on paljudele j\u00f5ukohasem &#8211; v\u00f5istlus toimub kolm p\u00e4eva, mille jooksul l\u00e4bitakse <strong>kokku<\/strong> maraton ehk 42 kilomeetrit (10 km, 16,195 km ja 16 km). V\u00f5ta igast p\u00e4evast m\u00f5ni tund jooksmiseks ning naudi p\u00e4eva teist poolt suvisel Saaremaal.\u00a0<\/span><\/p>\n<p style=\"text-align: justify;\"><span style=\"font-weight: 400;\">Lisainformatsiooni leiad <a href=\"https:\/\/sportid.com\/event\/4142\">SIIT<\/a>.\u00a0<\/span><\/p>\n<h4 style=\"text-align: justify;\"><b>Eesti \u00d6\u00f6jooks &#8211; \u00dclemiste eri<\/b><\/h4>\n<p style=\"text-align: justify;\"><span style=\"font-weight: 400;\">\u00d6\u00f6sel jooksmine tundub ohtlik? \u00c4ra muretse! Tule vaata, kuidas Tallinna \u00f6ised t\u00e4navad paistavad koos sadade teiste jooksu- ja k\u00f5ndimishuvilistega. Karges s\u00fcgis\u00f5hus oktoobrikuu keskel toimub \u00dclemiste \u00f6\u00f6jooks, mille distantsideks saab valida 5 ja 10 kilomeetrit.\u00a0<\/span><\/p>\n<p style=\"text-align: justify;\"><span style=\"font-weight: 400;\">Lisainformatsiooni leiad <a href=\"https:\/\/sportid.com\/event\/4012\">SIIT<\/a>.<\/span><\/p>\n<h4 style=\"text-align: justify;\"><b>IV Rae Run<\/b><\/h4>\n<p style=\"text-align: justify;\"><span style=\"font-weight: 400;\">Sulle meeldib joosta l\u00fchemaid distantse kui 3 kilomeetrit? Rae Run jooksudel on v\u00f5imalik osaleda teatev\u00f5istluse formaadis! Pane v\u00f5istkonda kokku, l\u00e4bige 5.8 kilomeetrit teatejooksuna ning nautige jooksmist linnam\u00fcrast eemal, sest huvitavad l\u00fchirajad Rae \u00fcmbruses juba ootavad.\u00a0<\/span><\/p>\n<p style=\"text-align: justify;\"><span style=\"font-weight: 400;\">Lisainformatsiooni leiad <a href=\"https:\/\/sportid.com\/event\/4000\">SIIT<\/a>.<\/span><\/p>\n<h4 style=\"text-align: justify;\"><b>Tradehouse tervisejooks ja -k\u00f5nd sari<\/b><\/h4>\n<p style=\"text-align: justify;\"><span style=\"font-weight: 400;\">Kui armastad l\u00fchikesi jookse, kuid otsid motivatsiooni v\u00f5i v\u00f5istlushimu igap\u00e4evaselt, siis Tallinnas toimuvad Tradehouse tervisejooks- ja k\u00f5nd sarja v\u00f5istlused toimuvad igal n\u00e4dalal kohalikes parkides ja metsades.\u00a0<\/span><\/p>\n<p style=\"text-align: justify;\"><span style=\"font-weight: 400;\">Lisainformatsiooni leiad <a href=\"https:\/\/sportid.com\/event\/3899\">SIIT<\/a>.<\/span><span style=\"font-weight: 400;\">\u00a0<\/span><\/p>\n<h4 style=\"text-align: justify;\"><b>R\u00f5uge 3 torni maastikumaraton<\/b><\/h4>\n<p style=\"text-align: justify;\"><span style=\"font-weight: 400;\">Otsid endale v\u00e4ljakutset? L\u00f5una-Eestis toimub 12. juulil R\u00f5uge 3 torni maastikumaraton, mis paneb Sind proovile \u00fcle 42-kilomeetrisel maastikujooksul, kus tuleb l\u00e4bida metsi, matkaradu ja k\u00fclateid ning annab v\u00f5imaluse nautida samal ajal Eesti loodust erinevates vaatetornides. Samuti viib jooks sind \u00fcle riigipiiri &#8211; kuid kust ja kuhu? Selleks pead Sa ise jooksma minema.\u00a0<\/span><\/p>\n<p style=\"text-align: justify;\"><span style=\"font-weight: 400;\">Lisainformatsiooni leiad <a href=\"https:\/\/sportid.com\/event\/4045\">SIIT<\/a>.<\/span><\/p>\n<h4><strong>7. Ida-Virumaa staadionimaraton<\/strong><\/h4>\n<p style=\"text-align: justify;\">Maratonijooks staadionil pole midagi ennekuulmatut. K\u00fcll aga Ida-Virumaa staadionijooksu teeb p\u00f5nevaks fakt, et kogu maratoni ja poolmaratoni jooksmine toimub kesk\u00f6\u00f6st alates hommikutundideni. Kui soovid lisada ekstreemsust enda v\u00f5istlusts\u00fcklisse, siis eriline maraton Vokas on Sinu jaoks.\u00a0<\/p>\n<p>Lisainformatsiooni leiad <a href=\"https:\/\/sportid.com\/event\/4287\">SIIT.<\/a><\/p>\n<p style=\"text-align: justify;\">Otsi oma jooksujalan\u00f5ud v\u00e4lja ja mine jaluta v\u00f5i jookse kodukohas, et tunda r\u00f5\u00f5mu Eesti suvest. Kui vajad uusi jooksutosse, siis mine loe meie blogi: <strong><a href=\"https:\/\/sportideas.blog\/liikumine\/8-nippi-kuidas-leida-endale-ideaalsed-jooksujalanoud\/\">Kaheksa nippi, kuidas leida ideaalset jooksujalan\u00f5ud<\/a>.<\/strong><\/p>\n\n\n\n<div class=\"wp-block-buttons aligncenter is-layout-flex wp-block-buttons-is-layout-flex\">\n<div class=\"wp-block-button\"><a class=\"wp-block-button__link\" href=\"https:\/\/sportid.com\/search?query=&amp;orderBy=default&amp;type=EVENT\" target=\"_blank\" rel=\"noreferrer noopener\">Tutvu k\u00f5igi SportID keskkonna \u00fcritustega<\/a><\/div>\n<\/div>\n","protected":false},"excerpt":{"rendered":"","protected":false},"author":10,"featured_media":3473,"comment_status":"open","ping_status":"open","sticky":false,"template":"","format":"standard","meta":{"_jetpack_memberships_contains_paid_content":false,"footnotes":""},"categories":[24],"tags":[],"class_list":["post-3471","post","type-post","status-publish","format-standard","has-post-thumbnail","hentry","category-liikumine"],"yoast_head":"<!-- This site is optimized with the Yoast SEO plugin v26.8 - https:\/\/yoast.com\/product\/yoast-seo-wordpress\/ -->\n<title>Suvised jooksu\u00fcritused \u00fcle Eesti 2020 - Stebby<\/title>\n<meta name=\"description\" content=\"Loe l\u00e4hemalt huvitavatest ja seikluslikest jooksu\u00fcritustest, mis toimuvad 2020 aasta suvel \u00fcle kogu Eesti. V\u00f5ta s\u00f5ber kaasa ja minge jooksma!\" \/>\n<meta name=\"robots\" content=\"index, follow, max-snippet:-1, max-image-preview:large, max-video-preview:-1\" \/>\n<link rel=\"canonical\" href=\"https:\/\/stebby.eu\/et\/suvised-jooksuuritused-ule-eesti-2020\/\" \/>\n<meta property=\"og:locale\" content=\"et_EE\" \/>\n<meta property=\"og:type\" content=\"article\" \/>\n<meta property=\"og:title\" content=\"Suvised jooksu\u00fcritused \u00fcle Eesti 2020 - Stebby\" \/>\n<meta property=\"og:description\" content=\"Loe l\u00e4hemalt huvitavatest ja seikluslikest jooksu\u00fcritustest, mis toimuvad 2020 aasta suvel \u00fcle kogu Eesti. V\u00f5ta s\u00f5ber kaasa ja minge jooksma!\" \/>\n<meta property=\"og:url\" content=\"https:\/\/stebby.eu\/et\/suvised-jooksuuritused-ule-eesti-2020\/\" \/>\n<meta property=\"og:site_name\" content=\"Stebby\" \/>\n<meta property=\"article:publisher\" content=\"https:\/\/www.facebook.com\/stebby\/\" \/>\n<meta property=\"article:published_time\" content=\"2020-06-19T09:24:05+00:00\" \/>\n<meta property=\"og:image\" content=\"https:\/\/stebby.eu\/wp-content\/uploads\/2020\/06\/female-and-male-runners-on-a-marathon-2402777-scaled-1.jpg\" \/>\n\t<meta property=\"og:image:width\" content=\"2560\" \/>\n\t<meta property=\"og:image:height\" content=\"1440\" \/>\n\t<meta property=\"og:image:type\" content=\"image\/jpeg\" \/>\n<meta name=\"author\" content=\"ando.haldna\" \/>\n<meta name=\"twitter:card\" content=\"summary_large_image\" \/>\n<meta name=\"twitter:label1\" content=\"Written by\" \/>\n\t<meta name=\"twitter:data1\" content=\"ando.haldna\" \/>\n\t<meta name=\"twitter:label2\" content=\"Est. reading time\" \/>\n\t<meta name=\"twitter:data2\" content=\"3 minutit\" \/>\n<script type=\"application\/ld+json\" class=\"yoast-schema-graph\">{\"@context\":\"https:\/\/schema.org\",\"@graph\":[{\"@type\":\"Article\",\"@id\":\"https:\/\/stebby.eu\/et\/suvised-jooksuuritused-ule-eesti-2020\/#article\",\"isPartOf\":{\"@id\":\"https:\/\/stebby.eu\/et\/suvised-jooksuuritused-ule-eesti-2020\/\"},\"author\":{\"name\":\"ando.haldna\",\"@id\":\"https:\/\/stebby.eu\/#\/schema\/person\/d6c3f74d164fdb457c8de98518edbb4f\"},\"headline\":\"Suvised jooksu\u00fcritused \u00fcle Eesti 2020\",\"datePublished\":\"2020-06-19T09:24:05+00:00\",\"mainEntityOfPage\":{\"@id\":\"https:\/\/stebby.eu\/et\/suvised-jooksuuritused-ule-eesti-2020\/\"},\"wordCount\":519,\"commentCount\":0,\"publisher\":{\"@id\":\"https:\/\/stebby.eu\/#organization\"},\"image\":{\"@id\":\"https:\/\/stebby.eu\/et\/suvised-jooksuuritused-ule-eesti-2020\/#primaryimage\"},\"thumbnailUrl\":\"https:\/\/i0.wp.com\/stebby.eu\/wp-content\/uploads\/2020\/06\/female-and-male-runners-on-a-marathon-2402777-scaled-1.jpg?fit=2560%2C1440&ssl=1\",\"articleSection\":[\"Liikumine\"],\"inLanguage\":\"et\",\"potentialAction\":[{\"@type\":\"CommentAction\",\"name\":\"Comment\",\"target\":[\"https:\/\/stebby.eu\/et\/suvised-jooksuuritused-ule-eesti-2020\/#respond\"]}]},{\"@type\":\"WebPage\",\"@id\":\"https:\/\/stebby.eu\/et\/suvised-jooksuuritused-ule-eesti-2020\/\",\"url\":\"https:\/\/stebby.eu\/et\/suvised-jooksuuritused-ule-eesti-2020\/\",\"name\":\"Suvised jooksu\u00fcritused \u00fcle Eesti 2020 - Stebby\",\"isPartOf\":{\"@id\":\"https:\/\/stebby.eu\/#website\"},\"primaryImageOfPage\":{\"@id\":\"https:\/\/stebby.eu\/et\/suvised-jooksuuritused-ule-eesti-2020\/#primaryimage\"},\"image\":{\"@id\":\"https:\/\/stebby.eu\/et\/suvised-jooksuuritused-ule-eesti-2020\/#primaryimage\"},\"thumbnailUrl\":\"https:\/\/i0.wp.com\/stebby.eu\/wp-content\/uploads\/2020\/06\/female-and-male-runners-on-a-marathon-2402777-scaled-1.jpg?fit=2560%2C1440&ssl=1\",\"datePublished\":\"2020-06-19T09:24:05+00:00\",\"description\":\"Loe l\u00e4hemalt huvitavatest ja seikluslikest jooksu\u00fcritustest, mis toimuvad 2020 aasta suvel \u00fcle kogu Eesti. V\u00f5ta s\u00f5ber kaasa ja minge jooksma!\",\"breadcrumb\":{\"@id\":\"https:\/\/stebby.eu\/et\/suvised-jooksuuritused-ule-eesti-2020\/#breadcrumb\"},\"inLanguage\":\"et\",\"potentialAction\":[{\"@type\":\"ReadAction\",\"target\":[\"https:\/\/stebby.eu\/et\/suvised-jooksuuritused-ule-eesti-2020\/\"]}]},{\"@type\":\"ImageObject\",\"inLanguage\":\"et\",\"@id\":\"https:\/\/stebby.eu\/et\/suvised-jooksuuritused-ule-eesti-2020\/#primaryimage\",\"url\":\"https:\/\/i0.wp.com\/stebby.eu\/wp-content\/uploads\/2020\/06\/female-and-male-runners-on-a-marathon-2402777-scaled-1.jpg?fit=2560%2C1440&ssl=1\",\"contentUrl\":\"https:\/\/i0.wp.com\/stebby.eu\/wp-content\/uploads\/2020\/06\/female-and-male-runners-on-a-marathon-2402777-scaled-1.jpg?fit=2560%2C1440&ssl=1\",\"width\":2560,\"height\":1440},{\"@type\":\"BreadcrumbList\",\"@id\":\"https:\/\/stebby.eu\/et\/suvised-jooksuuritused-ule-eesti-2020\/#breadcrumb\",\"itemListElement\":[{\"@type\":\"ListItem\",\"position\":1,\"name\":\"Home\",\"item\":\"https:\/\/stebby.eu\/et\/\"},{\"@type\":\"ListItem\",\"position\":2,\"name\":\"Suvised jooksu\u00fcritused \u00fcle Eesti 2020\"}]},{\"@type\":\"WebSite\",\"@id\":\"https:\/\/stebby.eu\/#website\",\"url\":\"https:\/\/stebby.eu\/\",\"name\":\"Stebby\",\"description\":\"\",\"publisher\":{\"@id\":\"https:\/\/stebby.eu\/#organization\"},\"potentialAction\":[{\"@type\":\"SearchAction\",\"target\":{\"@type\":\"EntryPoint\",\"urlTemplate\":\"https:\/\/stebby.eu\/?s={search_term_string}\"},\"query-input\":{\"@type\":\"PropertyValueSpecification\",\"valueRequired\":true,\"valueName\":\"search_term_string\"}}],\"inLanguage\":\"et\"},{\"@type\":\"Organization\",\"@id\":\"https:\/\/stebby.eu\/#organization\",\"name\":\"Stebby\",\"url\":\"https:\/\/stebby.eu\/\",\"logo\":{\"@type\":\"ImageObject\",\"inLanguage\":\"et\",\"@id\":\"https:\/\/stebby.eu\/#\/schema\/logo\/image\/\",\"url\":\"https:\/\/stebby.eu\/wp-content\/uploads\/2020\/10\/stebby3-1.png\",\"contentUrl\":\"https:\/\/stebby.eu\/wp-content\/uploads\/2020\/10\/stebby3-1.png\",\"width\":256,\"height\":256,\"caption\":\"Stebby\"},\"image\":{\"@id\":\"https:\/\/stebby.eu\/#\/schema\/logo\/image\/\"},\"sameAs\":[\"https:\/\/www.facebook.com\/stebby\/\",\"https:\/\/instagram.com\/stebby.eesti\",\"https:\/\/www.linkedin.com\/company\/stebby\/\"]},{\"@type\":\"Person\",\"@id\":\"https:\/\/stebby.eu\/#\/schema\/person\/d6c3f74d164fdb457c8de98518edbb4f\",\"name\":\"ando.haldna\",\"image\":{\"@type\":\"ImageObject\",\"inLanguage\":\"et\",\"@id\":\"https:\/\/stebby.eu\/#\/schema\/person\/image\/\",\"url\":\"https:\/\/secure.gravatar.com\/avatar\/70bf464c17ff04ddfdf14f23e6dd246f?s=96&d=mm&r=g\",\"contentUrl\":\"https:\/\/secure.gravatar.com\/avatar\/70bf464c17ff04ddfdf14f23e6dd246f?s=96&d=mm&r=g\",\"caption\":\"ando.haldna\"},\"url\":\"https:\/\/stebby.eu\/et\/author\/ando-haldna\/\"}]}<\/script>\n<!-- \/ Yoast SEO plugin. -->","yoast_head_json":{"title":"Suvised jooksu\u00fcritused \u00fcle Eesti 2020 - Stebby","description":"Loe l\u00e4hemalt huvitavatest ja seikluslikest jooksu\u00fcritustest, mis toimuvad 2020 aasta suvel \u00fcle kogu Eesti. V\u00f5ta s\u00f5ber kaasa ja minge jooksma!","robots":{"index":"index","follow":"follow","max-snippet":"max-snippet:-1","max-image-preview":"max-image-preview:large","max-video-preview":"max-video-preview:-1"},"canonical":"https:\/\/stebby.eu\/et\/suvised-jooksuuritused-ule-eesti-2020\/","og_locale":"et_EE","og_type":"article","og_title":"Suvised jooksu\u00fcritused \u00fcle Eesti 2020 - Stebby","og_description":"Loe l\u00e4hemalt huvitavatest ja seikluslikest jooksu\u00fcritustest, mis toimuvad 2020 aasta suvel \u00fcle kogu Eesti. V\u00f5ta s\u00f5ber kaasa ja minge jooksma!","og_url":"https:\/\/stebby.eu\/et\/suvised-jooksuuritused-ule-eesti-2020\/","og_site_name":"Stebby","article_publisher":"https:\/\/www.facebook.com\/stebby\/","article_published_time":"2020-06-19T09:24:05+00:00","og_image":[{"width":2560,"height":1440,"url":"https:\/\/stebby.eu\/wp-content\/uploads\/2020\/06\/female-and-male-runners-on-a-marathon-2402777-scaled-1.jpg","type":"image\/jpeg"}],"author":"ando.haldna","twitter_card":"summary_large_image","twitter_misc":{"Written by":"ando.haldna","Est. reading time":"3 minutit"},"schema":{"@context":"https:\/\/schema.org","@graph":[{"@type":"Article","@id":"https:\/\/stebby.eu\/et\/suvised-jooksuuritused-ule-eesti-2020\/#article","isPartOf":{"@id":"https:\/\/stebby.eu\/et\/suvised-jooksuuritused-ule-eesti-2020\/"},"author":{"name":"ando.haldna","@id":"https:\/\/stebby.eu\/#\/schema\/person\/d6c3f74d164fdb457c8de98518edbb4f"},"headline":"Suvised jooksu\u00fcritused \u00fcle Eesti 2020","datePublished":"2020-06-19T09:24:05+00:00","mainEntityOfPage":{"@id":"https:\/\/stebby.eu\/et\/suvised-jooksuuritused-ule-eesti-2020\/"},"wordCount":519,"commentCount":0,"publisher":{"@id":"https:\/\/stebby.eu\/#organization"},"image":{"@id":"https:\/\/stebby.eu\/et\/suvised-jooksuuritused-ule-eesti-2020\/#primaryimage"},"thumbnailUrl":"https:\/\/i0.wp.com\/stebby.eu\/wp-content\/uploads\/2020\/06\/female-and-male-runners-on-a-marathon-2402777-scaled-1.jpg?fit=2560%2C1440&ssl=1","articleSection":["Liikumine"],"inLanguage":"et","potentialAction":[{"@type":"CommentAction","name":"Comment","target":["https:\/\/stebby.eu\/et\/suvised-jooksuuritused-ule-eesti-2020\/#respond"]}]},{"@type":"WebPage","@id":"https:\/\/stebby.eu\/et\/suvised-jooksuuritused-ule-eesti-2020\/","url":"https:\/\/stebby.eu\/et\/suvised-jooksuuritused-ule-eesti-2020\/","name":"Suvised jooksu\u00fcritused \u00fcle Eesti 2020 - Stebby","isPartOf":{"@id":"https:\/\/stebby.eu\/#website"},"primaryImageOfPage":{"@id":"https:\/\/stebby.eu\/et\/suvised-jooksuuritused-ule-eesti-2020\/#primaryimage"},"image":{"@id":"https:\/\/stebby.eu\/et\/suvised-jooksuuritused-ule-eesti-2020\/#primaryimage"},"thumbnailUrl":"https:\/\/i0.wp.com\/stebby.eu\/wp-content\/uploads\/2020\/06\/female-and-male-runners-on-a-marathon-2402777-scaled-1.jpg?fit=2560%2C1440&ssl=1","datePublished":"2020-06-19T09:24:05+00:00","description":"Loe l\u00e4hemalt huvitavatest ja seikluslikest jooksu\u00fcritustest, mis toimuvad 2020 aasta suvel \u00fcle kogu Eesti. V\u00f5ta s\u00f5ber kaasa ja minge jooksma!","breadcrumb":{"@id":"https:\/\/stebby.eu\/et\/suvised-jooksuuritused-ule-eesti-2020\/#breadcrumb"},"inLanguage":"et","potentialAction":[{"@type":"ReadAction","target":["https:\/\/stebby.eu\/et\/suvised-jooksuuritused-ule-eesti-2020\/"]}]},{"@type":"ImageObject","inLanguage":"et","@id":"https:\/\/stebby.eu\/et\/suvised-jooksuuritused-ule-eesti-2020\/#primaryimage","url":"https:\/\/i0.wp.com\/stebby.eu\/wp-content\/uploads\/2020\/06\/female-and-male-runners-on-a-marathon-2402777-scaled-1.jpg?fit=2560%2C1440&ssl=1","contentUrl":"https:\/\/i0.wp.com\/stebby.eu\/wp-content\/uploads\/2020\/06\/female-and-male-runners-on-a-marathon-2402777-scaled-1.jpg?fit=2560%2C1440&ssl=1","width":2560,"height":1440},{"@type":"BreadcrumbList","@id":"https:\/\/stebby.eu\/et\/suvised-jooksuuritused-ule-eesti-2020\/#breadcrumb","itemListElement":[{"@type":"ListItem","position":1,"name":"Home","item":"https:\/\/stebby.eu\/et\/"},{"@type":"ListItem","position":2,"name":"Suvised jooksu\u00fcritused \u00fcle Eesti 2020"}]},{"@type":"WebSite","@id":"https:\/\/stebby.eu\/#website","url":"https:\/\/stebby.eu\/","name":"Stebby","description":"","publisher":{"@id":"https:\/\/stebby.eu\/#organization"},"potentialAction":[{"@type":"SearchAction","target":{"@type":"EntryPoint","urlTemplate":"https:\/\/stebby.eu\/?s={search_term_string}"},"query-input":{"@type":"PropertyValueSpecification","valueRequired":true,"valueName":"search_term_string"}}],"inLanguage":"et"},{"@type":"Organization","@id":"https:\/\/stebby.eu\/#organization","name":"Stebby","url":"https:\/\/stebby.eu\/","logo":{"@type":"ImageObject","inLanguage":"et","@id":"https:\/\/stebby.eu\/#\/schema\/logo\/image\/","url":"https:\/\/stebby.eu\/wp-content\/uploads\/2020\/10\/stebby3-1.png","contentUrl":"https:\/\/stebby.eu\/wp-content\/uploads\/2020\/10\/stebby3-1.png","width":256,"height":256,"caption":"Stebby"},"image":{"@id":"https:\/\/stebby.eu\/#\/schema\/logo\/image\/"},"sameAs":["https:\/\/www.facebook.com\/stebby\/","https:\/\/instagram.com\/stebby.eesti","https:\/\/www.linkedin.com\/company\/stebby\/"]},{"@type":"Person","@id":"https:\/\/stebby.eu\/#\/schema\/person\/d6c3f74d164fdb457c8de98518edbb4f","name":"ando.haldna","image":{"@type":"ImageObject","inLanguage":"et","@id":"https:\/\/stebby.eu\/#\/schema\/person\/image\/","url":"https:\/\/secure.gravatar.com\/avatar\/70bf464c17ff04ddfdf14f23e6dd246f?s=96&d=mm&r=g","contentUrl":"https:\/\/secure.gravatar.com\/avatar\/70bf464c17ff04ddfdf14f23e6dd246f?s=96&d=mm&r=g","caption":"ando.haldna"},"url":"https:\/\/stebby.eu\/et\/author\/ando-haldna\/"}]}},"jetpack_featured_media_url":"https:\/\/i0.wp.com\/stebby.eu\/wp-content\/uploads\/2020\/06\/female-and-male-runners-on-a-marathon-2402777-scaled-1.jpg?fit=2560%2C1440&ssl=1","jetpack_sharing_enabled":true,"_links":{"self":[{"href":"https:\/\/stebby.eu\/et\/wp-json\/wp\/v2\/posts\/3471","targetHints":{"allow":["GET"]}}],"collection":[{"href":"https:\/\/stebby.eu\/et\/wp-json\/wp\/v2\/posts"}],"about":[{"href":"https:\/\/stebby.eu\/et\/wp-json\/wp\/v2\/types\/post"}],"author":[{"embeddable":true,"href":"https:\/\/stebby.eu\/et\/wp-json\/wp\/v2\/users\/10"}],"replies":[{"embeddable":true,"href":"https:\/\/stebby.eu\/et\/wp-json\/wp\/v2\/comments?post=3471"}],"version-history":[{"count":0,"href":"https:\/\/stebby.eu\/et\/wp-json\/wp\/v2\/posts\/3471\/revisions"}],"wp:featuredmedia":[{"embeddable":true,"href":"https:\/\/stebby.eu\/et\/wp-json\/wp\/v2\/media\/3473"}],"wp:attachment":[{"href":"https:\/\/stebby.eu\/et\/wp-json\/wp\/v2\/media?parent=3471"}],"wp:term":[{"taxonomy":"category","embeddable":true,"href":"https:\/\/stebby.eu\/et\/wp-json\/wp\/v2\/categories?post=3471"},{"taxonomy":"post_tag","embeddable":true,"href":"https:\/\/stebby.eu\/et\/wp-json\/wp\/v2\/tags?post=3471"}],"curies":[{"name":"wp","href":"https:\/\/api.w.org\/{rel}","templated":true}]}}