{"id":3641,"date":"2020-07-09T14:20:40","date_gmt":"2020-07-09T12:20:40","guid":{"rendered":"https:\/\/sportideas.blog\/?p=3641"},"modified":"2020-07-09T14:20:40","modified_gmt":"2020-07-09T12:20:40","slug":"hooliv-tooandja-2020-kokkuvote-lhv-quretec-ja-replace-kogemus","status":"publish","type":"post","link":"https:\/\/stebby.eu\/et\/hooliv-tooandja-2020-kokkuvote-lhv-quretec-ja-replace-kogemus\/","title":{"rendered":"&#8220;Hooliv t\u00f6\u00f6andja 2020&#8221; kokkuv\u00f5te: LHV, Quretec ja Replace kogemus"},"content":{"rendered":"\n<p style=\"text-align: justify;\"><span style=\"font-weight: 400;\">Kampaania \u201c<strong>Hooliv t\u00f6\u00f6andja 2020<\/strong>\u201d on selleks suveks minevik ning ka meil on viimane aeg teha kokkuv\u00f5te, kuidas kampaania kulges. Vaatame \u00fcheskoos \u00fcle, mida selle aja jooksul ettev\u00f5tted tegema pidid ning millised neist pingutasid l\u00f5puni v\u00e4lja, et v\u00f5ita hooliva t\u00f6\u00f6andja tiitel. Lisaks k\u00fcsisime ettev\u00f5tetelt endilt, miks otsustati osaleda ning kuidas see kuus n\u00e4dalat l\u00e4ks.<\/span><\/p>\n<p style=\"text-align: justify;\"><span style=\"font-weight: 400;\">Peaauhinna, milleks oli <\/span><a href=\"https:\/\/sportideas.blog\/elustiil\/hooliv-tooandja-2020-peaauhind-reval-sport-motivatsioonipaev\/\"><b>Reval Sport motivatsioonip\u00e4ev<\/b><\/a><b>, SportID teenustasu peatamine kolmeks kuuks <\/b><span style=\"font-weight: 400;\">ning<\/span><b> Tere FIT! tooted,<\/b><span style=\"font-weight: 400;\"> \u00f5nnelikuks v\u00f5itjaks osutus<\/span><b> Bonava Eesti O\u00dc &#8211; <\/b><span style=\"font-weight: 400;\">\u00f5nnitlused ja t\u00e4nus\u00f5nad SportID poolt v\u00e4ljakutsete l\u00e4bimise puhul!<\/span><\/p>\n<p style=\"text-align: justify;\"><span style=\"font-weight: 400;\">K\u00f5ik kuus v\u00e4ljakutset l\u00e4bisid edukalt lausa <\/span><b>25<\/b><span style=\"font-weight: 400;\"> ettev\u00f5tet, mis teeb SportID-s kokku \u00fcle <\/span><b>4100<\/b><span style=\"font-weight: 400;\"> kasutaja!\u00a0<\/span><\/p>\n<p style=\"text-align: justify;\"><span style=\"font-weight: 400;\">K\u00f5ik v\u00e4ljakutsed t\u00e4itsid veel ka <\/span><b>LHV<\/b><span style=\"font-weight: 400;\">, <\/span><b>Replace <\/b><span style=\"font-weight: 400;\">ning <\/span><b>Quretec<\/b><span style=\"font-weight: 400;\">, kellega v\u00f5tsime \u00fchendust, et uurida, kuidas \u201cHooliv t\u00f6\u00f6andja 2020\u201d kampaania nende ettev\u00f5ttes m\u00f6\u00f6dus ning mida aktiivset veel sellel aastal planeeritakse.<\/span><\/p>\n<h4>V\u00e4ljakutsete sooritamine lisapingutusi ei n\u00f5udnud<\/h4>\n<p style=\"text-align: justify;\"><span style=\"font-weight: 400;\">Nagu tulemusest n\u00e4ha, m\u00f6\u00f6dus LHV jaoks \u201eHooliv t\u00f6\u00f6andja 2020\u201c v\u00e4ljakutsete sooritamine igati edukalt. LHV esindaja Age Leedo s\u00f5nul jagati igal n\u00e4dalal t\u00f6\u00f6tajatele v\u00e4ljakutsete informatsiooni, kuid eraldi suunamist ja n\u00f5uete j\u00e4lgimist ei olnud, kuna nende kollektiivis on v\u00e4ga palju aktiivseid tervisesportlasi, kes haaravad v\u00f5imalustest ja panevad end ise pidevalt proovile.<\/span><\/p>\n<p style=\"text-align: justify;\"><span style=\"font-weight: 400;\">Quretecis juhtis t\u00e4helepanu\u00a0 &#8220;Hooliv t\u00f6\u00f6andja 2020&#8221; kampaaniale \u00fcks eriti sportlik kolleeg, kelle teavituse j\u00e4rel alustati igal n\u00e4dal kokkuv\u00f5tva informatsiooni jagamist nii eelmisest \u00fclesandest kui ka uuest v\u00e4ljakutsest. \u201c\u00dcldiselt l\u00e4ksid v\u00e4ljakutsed v\u00e4ga libedalt, ainult 2. n\u00e4dala v\u00e4ljakutse n\u00f5udis veidi pingutamist &#8211; asi ei ole selles, et inimesed ei liiguks, vaid lihtsalt selle eraldi \u00fclest\u00e4hendamist ei peeta oluliseks,\u201d lisas Quretec esindaja Helen Hanni.\u00a0<\/span><\/p>\n<p style=\"text-align: justify;\"><span style=\"font-weight: 400;\">Replace O\u00dc on \u00fcritanud igal kuul t\u00f6\u00f6tajatele v\u00e4lja m\u00f5elda \u00fclesandeid ja v\u00f5imalusi, mis viiksid hetkeks m\u00f5tted eemale t\u00f6\u00f6st ning laseks puhata. SportID v\u00e4ljakutsed tulid nende s\u00f5nul v\u00e4ga \u00f5igel ajal, kuna \u00f5ues on soojemad ilmad ning taheti t\u00f6\u00f6tajaid aktiivsemalt liikuma panna, n\u00e4iteks autot vahetama k\u00f5ndimise vastu. Osalemine h\u00f5igati ettev\u00f5ttesiseses blogis v\u00e4lja koos v\u00e4ljakutsete \u00fclevaatega, mida vaja teha oleks. &#8220;Kuna meie inimesed on v\u00e4ga aktiivsed, siis kedagi sundima ei pidanud ja k\u00f5ik v\u00e4ljakutsed t\u00e4itusid loomulikult,&#8221; lisas Replace esindaja Kristi Loorits.\u00a0<\/span><\/p>\n<div id=\"attachment_3645\" style=\"width: 749px\" class=\"wp-caption alignnone\"><a href=\"https:\/\/i0.wp.com\/sportideas.blog\/wp-content\/uploads\/2020\/07\/IMG-1531-scaled.jpg?ssl=1\"><img data-recalc-dims=\"1\" loading=\"lazy\" decoding=\"async\" aria-describedby=\"caption-attachment-3645\" class=\"wp-image-3645\" src=\"https:\/\/i0.wp.com\/sportideas.blog\/wp-content\/uploads\/2020\/07\/IMG-1531-225x300.jpg?resize=739%2C985&#038;ssl=1\" alt=\"\" width=\"739\" height=\"985\" \/><\/a><p id=\"caption-attachment-3645\" class=\"wp-caption-text\">Quretec O\u00dc &#8220;Hooliv t\u00f6\u00f6andja 2020&#8221; diplom<\/p><\/div>\n<h4>Kasvav huvi SportID kasutamise kohta<\/h4>\n<p style=\"text-align: justify;\"><span style=\"font-weight: 400;\">K\u00f5ikide ettev\u00f5tete esindajad n\u00f5ustusid, et kampaania pani rohkem tundma huvi SportID kasutamisv\u00f5imaluste kohta. Qureteci esindaja s\u00f5nul pani kampaania rohkem ka oma tegevust dokumenteerima. Lisaks s\u00f5nas Qureteci esindaja Helen, et samuti aitas kampaania meelde tuletada tervisetoetuse olemasolu SportID-s. &#8220;Kuna v\u00e4ljakutse oli kvartali l\u00f5pus, kui kompensatsioon aeguma hakkas, siis kasutati kindlasti paljuski ka t\u00e4nu sellele SportID keskkonda rohkem,&#8221; lisas ta.\u00a0<\/span><\/p>\n<p style=\"text-align: justify;\"><span style=\"font-weight: 400;\">Suure huvi \u00fcle r\u00f5\u00f5mustas ka LHV ning Replace. \u201cMe pakume k\u00f5igile LHV t\u00f6\u00f6tajatele v\u00f5imalust l\u00e4bi SportID oma sportimisel silma peal hoida, seega usun, et pakutud v\u00e4ljakutse lisas p\u00f5nevust ja motivatsiooni uute eesm\u00e4rkideni j\u00f5udmisel. Iga t\u00f6\u00f6taja on enda motivaator ning on r\u00f5\u00f5m n\u00e4ha, et motivatsiooni liikumiseks meie t\u00f6\u00f6tajatel jagub,\u201d s\u00f5nas LHV b\u00fcroo ja infohalduse juht Age Leedo.\u00a0<\/span><\/p>\n<p style=\"text-align: justify;\"><span style=\"font-weight: 400;\">&#8220;Kuna SportID on osa ka Replace motivatsioonipaketist, siis t\u00e4nu v\u00e4ljakutsetele tunti palju rohkem huvi SportID enda kasutamise ning v\u00f5imaluste kohta,&#8221; lisas Replace esindaja Kristi Loorits.\u00a0<\/span><\/p>\n<h4>Igakuist tegevust jagub k\u00f5igile\u00a0<\/h4>\n<p style=\"text-align: justify;\"><span style=\"font-weight: 400;\">Lisaks kvartalip\u00f5hisele spordikompensatsioonile toimuvad n\u00e4iteks LHV-s regulaarselt ka erinevad \u00fchistreeningud \u2013 jalgpall, tennis, v\u00f5rkpall, kergej\u00f5ustik. Tiimisportidest v\u00f5tab aktiivselt osa ka Replace, kellel toimuvad samuti jalgpallitreeningud ning neil on olemas ka saalihoki v\u00f5istkond. Lisaks korraldatakse hetkel enda t\u00f6\u00f6tajatele <em>discgolfi<\/em> v\u00f5istlust, et t\u00f6\u00f6tajad saaksid omavahel m\u00f5\u00f5tu v\u00f5tta. Lisaks pakub Replace igale t\u00f6\u00f6tajale v\u00f5imalust ise teada anda, mis spordiala v\u00f5i tegevus teda ennast huvitab, et leida lahendus selle toetamiseks v\u00f5i populariseerimiseks kontoris.\u00a0<\/span><\/p>\n<p style=\"text-align: justify;\"><span style=\"font-weight: 400;\">Qureteci kontoris on traditsiooniks iga kuu esimesel reedel teha m\u00e4ngude WildEst ja Klask turniire. Kuigi need m\u00e4ngud on k\u00fcll pigem osavust kui head f\u00fc\u00fcsilist vormi n\u00f5udvad, siis koos olemiseks, enda oskuste testimiseks ja uute kolleegidega kohtumiseks on need v\u00e4ga sobivad.<\/span><\/p>\n<h4>Kollektiivid on aktiivsed aastaringselt<\/h4>\n<p style=\"text-align: justify;\"><span style=\"font-weight: 400;\">LHV esindaja s\u00f5nul on nende t\u00f6\u00f6tajad aktiivsed tervisesportlased ning pidevalt esindatud erinevatel spordiv\u00f5istlustel ja -\u00fcritustel. K\u00e4iakse jooksuv\u00f5istlustel, l\u00fc\u00fcakse kaasa nii golfis kui discgolfis, m\u00e4ngitakse jalgpalli, osaletakse triatlonitel ja paljudel teistel spordialadel.\u00a0<\/span><\/p>\n<p style=\"text-align: justify;\"><span style=\"font-weight: 400;\">N\u00e4iteks Replace O\u00dc on v\u00f5tnud eesm\u00e4rgiks korraldada suvep\u00e4evi suveol\u00fcmpia stiilis, mis propageeriks ja suunaks inimesi rohkem liigutama, olgugi, et spordialadel osalemiseks ei pea olema tipp-vormis ning alad ise on tihti meelelahutuslikumad kui sportlikud. Nende s\u00f5numiks on alati l\u00e4bi aasta leida erinevaid v\u00f5imalusi t\u00f6\u00f6tajate aktiivsuse suurendamiseks.<\/span><\/p>\n<p style=\"text-align: justify;\">L\u00f5petuseks kutsub Quretec inimesi \u00fcles ka sellel suvel kasutama SportID v\u00f5imalusi individuaalselt v\u00f5i v\u00e4ikemates kooslustes.<\/p>\n<div id=\"attachment_3650\" style=\"width: 730px\" class=\"wp-caption alignnone\"><a href=\"https:\/\/i0.wp.com\/sportideas.blog\/wp-content\/uploads\/2020\/07\/IMG-1521-scaled.jpg?ssl=1\"><img data-recalc-dims=\"1\" loading=\"lazy\" decoding=\"async\" aria-describedby=\"caption-attachment-3650\" class=\"wp-image-3650\" src=\"https:\/\/i0.wp.com\/sportideas.blog\/wp-content\/uploads\/2020\/07\/IMG-1521-300x225.jpg?resize=720%2C540&#038;ssl=1\" alt=\"\" width=\"720\" height=\"540\" \/><\/a><p id=\"caption-attachment-3650\" class=\"wp-caption-text\">Replace O\u00dc &#8220;Hooliv t\u00f6\u00f6andja 2020&#8221; diplom<\/p><\/div>\n<h4>Miks pakkuda tervise- ja spordikompensatsiooni?<\/h4>\n<p style=\"text-align: justify;\"><span style=\"font-weight: 400;\">Ka SportID esindaja Roman Gnibida s\u00f5nul on kollektiivsed \u00fcritused ja kokkuhoidev tiim t\u00e4htsal kohal edukuse saavutamisel ning seda eriti p\u00e4rast kriisi l\u00f5ppu. \u201cIsolatsiooni ajal SportID-d kasutavate ettev\u00f5tetega \u00fchenduses olles joonistus suuresti v\u00e4lja oma t\u00f6\u00f6tajate tervise toetamise tegelik olulisus. Nii otsisime ka SportID tiimi \u00fchtekuuluvustunde s\u00e4ilitamiseks v\u00f5imalusi ning t\u00f6\u00f6tasime v\u00e4lja kuuen\u00e4dalase kampaania \u201cHooliv t\u00f6\u00f6andja 2020\u201d, mille eesm\u00e4rgiks oligi tuletada t\u00f6\u00f6andjatele meelde, et ka nemad saavad toetada ja arendada t\u00f6\u00f6tajate tervislikku ning aktiivset eluviisi spordi- ja tervisekompensatsiooni abil\u201d s\u00f5nas Gnibida.\u00a0<\/span><\/p>\n<p style=\"text-align: justify;\"><span style=\"font-weight: 400;\">Kordame viimast korda \u00fcle kuue n\u00e4dala v\u00e4ljakutsed, mida v\u00e4hemalt \u00fcks ettev\u00f5tte t\u00f6\u00f6taja sooritama pidi:<\/span><\/p>\n<ol style=\"text-align: justify;\">\n<li><b> V\u00c4LJAKUTSE<\/b><span style=\"font-weight: 400;\">: T\u00f6\u00f6andja maksab tervisetoetust ehk Sinu kontol on kompensatsioon!<\/span><\/li>\n<li><b> V\u00c4LJAKUTSE<\/b><span style=\"font-weight: 400;\">: Ole aktiivne t\u00f6\u00f6taja ehk t\u00e4ida kolme kolleegiga treeningp\u00e4evikus kolm \u00fclesannet!<\/span><\/li>\n<li><b> V\u00c4LJAKUTSE<\/b><span style=\"font-weight: 400;\">: Liitu spordiklubiga ehk hakka spordiklubi lepinguliseks treenijaks v\u00f5i k\u00fclasta seda \u00fchel korral!<\/span><\/li>\n<li><b> V\u00c4LJAKUTSE<\/b><span style=\"font-weight: 400;\">: Osale \u00fcritusel ehk soeta endale spordi\u00fcrituse p\u00e4\u00e4se SportID-st!<\/span><\/li>\n<li><b> V\u00c4LJAKUTSE<\/b><span style=\"font-weight: 400;\">: Hoolitse enda eest ehk mine puhka spaa- v\u00f5i taastusraviteenuseid kasutades!<\/span><\/li>\n<li><b> V\u00c4LJAKUTSE<\/b><span style=\"font-weight: 400;\">: &#8220;Sinu energiline suvi&#8221; ehk soeta kampaaniapakkumistest midagi meelep\u00e4rast!<\/span><\/li>\n<\/ol>\n<p style=\"text-align: justify;\"><span style=\"font-weight: 400;\">Lisaks loosisime kogu kampaaniaperioodi ajal v\u00e4lja erinevaid vaheauhindu k\u00f5igi \u201cHooliv t\u00f6\u00f6andja 2020\u201d kampaanias osalejate vahel:<\/span><\/p>\n<ul style=\"text-align: justify;\">\n<li style=\"font-weight: 400;\"><a href=\"https:\/\/sportid.com\/pos\/kaja.ruhno.f.sioteraapia.ou\"><b>Kaja Ruhno<\/b><\/a><span style=\"font-weight: 400;\"> klassikaline massaa\u017e koos f\u00fcsioteraapia seansiga<\/span><\/li>\n<li style=\"font-weight: 400;\"><a href=\"https:\/\/sportid.com\/pos\/the.new.you.by.monika.soop\"><b>Monika Soop<\/b><span style=\"font-weight: 400;\"> \/ The New You<\/span><\/a> <b>k\u00fcmme<\/b> <b>Fatloss <\/b><span style=\"font-weight: 400;\">ning <\/span><b>kaks Fit &amp; Fabulous programmi<\/b><\/li>\n<li style=\"font-weight: 400;\"><a href=\"https:\/\/sportid.com\/pos\/o.kalevi.veekeskus\"><b>Kalev Spa<\/b><\/a><span style=\"font-weight: 400;\"> sauna-oaasi p\u00e4\u00e4smed<\/span><\/li>\n<\/ul>\n<p style=\"text-align: justify;\"><span style=\"font-weight: 400;\">Suur t\u00e4nu meie teenusepakkujatele, kes motiveerivad vaheauhinnad omalt poolt v\u00e4lja panid!<\/span><\/p>\n<p style=\"text-align: justify;\"><span style=\"font-weight: 400;\">Ootame varsti k\u00f5iki ettev\u00f5tteid kaasa tegema juba j\u00e4rgmisi SportID v\u00e4ljakutseid. Seniks aga olge aktiivsed, energilised ning nautige suviseid spordi- ja terviseteenuseid SportID keskkonna abil!<\/span><\/p>\n<p>\u00a0<\/p>\n\n\n\n<div class=\"wp-block-buttons aligncenter is-layout-flex wp-block-buttons-is-layout-flex\">\n<div class=\"wp-block-button\"><a class=\"wp-block-button__link\" href=\"https:\/\/sportid.com\/search?query=&amp;countries=EE&amp;orderBy=default\" target=\"_blank\" rel=\"noreferrer noopener\">Tutvu SportID teenusepakkujatega<\/a><\/div>\n<\/div>\n\n\n","protected":false},"excerpt":{"rendered":"","protected":false},"author":10,"featured_media":3655,"comment_status":"open","ping_status":"open","sticky":false,"template":"","format":"standard","meta":{"_jetpack_memberships_contains_paid_content":false,"footnotes":""},"categories":[29],"tags":[],"class_list":["post-3641","post","type-post","status-publish","format-standard","has-post-thumbnail","hentry","category-elustiil"],"yoast_head":"<!-- This site is optimized with the Yoast SEO plugin v26.8 - https:\/\/yoast.com\/product\/yoast-seo-wordpress\/ -->\n<title>&quot;Hooliv t\u00f6\u00f6andja 2020&quot; kokkuv\u00f5te: LHV, Quretec ja Replace kogemus - Stebby<\/title>\n<meta name=\"description\" content=\"&quot;Hooliv t\u00f6\u00f6andja 2020&quot; on selleks suveks l\u00e4bi ning aeg on teha kokkuv\u00f5te. Kuulutame v\u00e4lja peaauhinna v\u00f5itja ning vaatame, kuidas l\u00e4ksid v\u00e4ljakutsed teistel.\" \/>\n<meta name=\"robots\" content=\"index, follow, max-snippet:-1, max-image-preview:large, max-video-preview:-1\" \/>\n<link rel=\"canonical\" href=\"https:\/\/stebby.eu\/et\/hooliv-tooandja-2020-kokkuvote-lhv-quretec-ja-replace-kogemus\/\" \/>\n<meta property=\"og:locale\" content=\"et_EE\" \/>\n<meta property=\"og:type\" content=\"article\" \/>\n<meta property=\"og:title\" content=\"&quot;Hooliv t\u00f6\u00f6andja 2020&quot; kokkuv\u00f5te: LHV, Quretec ja Replace kogemus - Stebby\" \/>\n<meta property=\"og:description\" content=\"&quot;Hooliv t\u00f6\u00f6andja 2020&quot; on selleks suveks l\u00e4bi ning aeg on teha kokkuv\u00f5te. Kuulutame v\u00e4lja peaauhinna v\u00f5itja ning vaatame, kuidas l\u00e4ksid v\u00e4ljakutsed teistel.\" \/>\n<meta property=\"og:url\" content=\"https:\/\/stebby.eu\/et\/hooliv-tooandja-2020-kokkuvote-lhv-quretec-ja-replace-kogemus\/\" \/>\n<meta property=\"og:site_name\" content=\"Stebby\" \/>\n<meta property=\"article:publisher\" content=\"https:\/\/www.facebook.com\/stebby\/\" \/>\n<meta property=\"article:published_time\" content=\"2020-07-09T12:20:40+00:00\" \/>\n<meta property=\"og:image\" content=\"https:\/\/stebby.eu\/wp-content\/uploads\/2020\/07\/Untitled-design-1.png\" \/>\n\t<meta property=\"og:image:width\" content=\"2050\" \/>\n\t<meta property=\"og:image:height\" content=\"780\" \/>\n\t<meta property=\"og:image:type\" content=\"image\/png\" \/>\n<meta name=\"author\" content=\"ando.haldna\" \/>\n<meta name=\"twitter:card\" content=\"summary_large_image\" \/>\n<meta name=\"twitter:label1\" content=\"Written by\" \/>\n\t<meta name=\"twitter:data1\" content=\"ando.haldna\" \/>\n\t<meta name=\"twitter:label2\" content=\"Est. reading time\" \/>\n\t<meta name=\"twitter:data2\" content=\"6 minutit\" \/>\n<script type=\"application\/ld+json\" class=\"yoast-schema-graph\">{\"@context\":\"https:\/\/schema.org\",\"@graph\":[{\"@type\":\"Article\",\"@id\":\"https:\/\/stebby.eu\/et\/hooliv-tooandja-2020-kokkuvote-lhv-quretec-ja-replace-kogemus\/#article\",\"isPartOf\":{\"@id\":\"https:\/\/stebby.eu\/et\/hooliv-tooandja-2020-kokkuvote-lhv-quretec-ja-replace-kogemus\/\"},\"author\":{\"name\":\"ando.haldna\",\"@id\":\"https:\/\/stebby.eu\/#\/schema\/person\/d6c3f74d164fdb457c8de98518edbb4f\"},\"headline\":\"&#8220;Hooliv t\u00f6\u00f6andja 2020&#8221; kokkuv\u00f5te: LHV, Quretec ja Replace kogemus\",\"datePublished\":\"2020-07-09T12:20:40+00:00\",\"mainEntityOfPage\":{\"@id\":\"https:\/\/stebby.eu\/et\/hooliv-tooandja-2020-kokkuvote-lhv-quretec-ja-replace-kogemus\/\"},\"wordCount\":1129,\"commentCount\":0,\"publisher\":{\"@id\":\"https:\/\/stebby.eu\/#organization\"},\"image\":{\"@id\":\"https:\/\/stebby.eu\/et\/hooliv-tooandja-2020-kokkuvote-lhv-quretec-ja-replace-kogemus\/#primaryimage\"},\"thumbnailUrl\":\"https:\/\/i0.wp.com\/stebby.eu\/wp-content\/uploads\/2020\/07\/Untitled-design-1.png?fit=2050%2C780&ssl=1\",\"articleSection\":[\"Elustiil\"],\"inLanguage\":\"et\",\"potentialAction\":[{\"@type\":\"CommentAction\",\"name\":\"Comment\",\"target\":[\"https:\/\/stebby.eu\/et\/hooliv-tooandja-2020-kokkuvote-lhv-quretec-ja-replace-kogemus\/#respond\"]}]},{\"@type\":\"WebPage\",\"@id\":\"https:\/\/stebby.eu\/et\/hooliv-tooandja-2020-kokkuvote-lhv-quretec-ja-replace-kogemus\/\",\"url\":\"https:\/\/stebby.eu\/et\/hooliv-tooandja-2020-kokkuvote-lhv-quretec-ja-replace-kogemus\/\",\"name\":\"\\\"Hooliv t\u00f6\u00f6andja 2020\\\" kokkuv\u00f5te: LHV, Quretec ja Replace kogemus - Stebby\",\"isPartOf\":{\"@id\":\"https:\/\/stebby.eu\/#website\"},\"primaryImageOfPage\":{\"@id\":\"https:\/\/stebby.eu\/et\/hooliv-tooandja-2020-kokkuvote-lhv-quretec-ja-replace-kogemus\/#primaryimage\"},\"image\":{\"@id\":\"https:\/\/stebby.eu\/et\/hooliv-tooandja-2020-kokkuvote-lhv-quretec-ja-replace-kogemus\/#primaryimage\"},\"thumbnailUrl\":\"https:\/\/i0.wp.com\/stebby.eu\/wp-content\/uploads\/2020\/07\/Untitled-design-1.png?fit=2050%2C780&ssl=1\",\"datePublished\":\"2020-07-09T12:20:40+00:00\",\"description\":\"\\\"Hooliv t\u00f6\u00f6andja 2020\\\" on selleks suveks l\u00e4bi ning aeg on teha kokkuv\u00f5te. Kuulutame v\u00e4lja peaauhinna v\u00f5itja ning vaatame, kuidas l\u00e4ksid v\u00e4ljakutsed teistel.\",\"breadcrumb\":{\"@id\":\"https:\/\/stebby.eu\/et\/hooliv-tooandja-2020-kokkuvote-lhv-quretec-ja-replace-kogemus\/#breadcrumb\"},\"inLanguage\":\"et\",\"potentialAction\":[{\"@type\":\"ReadAction\",\"target\":[\"https:\/\/stebby.eu\/et\/hooliv-tooandja-2020-kokkuvote-lhv-quretec-ja-replace-kogemus\/\"]}]},{\"@type\":\"ImageObject\",\"inLanguage\":\"et\",\"@id\":\"https:\/\/stebby.eu\/et\/hooliv-tooandja-2020-kokkuvote-lhv-quretec-ja-replace-kogemus\/#primaryimage\",\"url\":\"https:\/\/i0.wp.com\/stebby.eu\/wp-content\/uploads\/2020\/07\/Untitled-design-1.png?fit=2050%2C780&ssl=1\",\"contentUrl\":\"https:\/\/i0.wp.com\/stebby.eu\/wp-content\/uploads\/2020\/07\/Untitled-design-1.png?fit=2050%2C780&ssl=1\",\"width\":2050,\"height\":780},{\"@type\":\"BreadcrumbList\",\"@id\":\"https:\/\/stebby.eu\/et\/hooliv-tooandja-2020-kokkuvote-lhv-quretec-ja-replace-kogemus\/#breadcrumb\",\"itemListElement\":[{\"@type\":\"ListItem\",\"position\":1,\"name\":\"Home\",\"item\":\"https:\/\/stebby.eu\/et\/\"},{\"@type\":\"ListItem\",\"position\":2,\"name\":\"&#8220;Hooliv t\u00f6\u00f6andja 2020&#8221; kokkuv\u00f5te: LHV, Quretec ja Replace kogemus\"}]},{\"@type\":\"WebSite\",\"@id\":\"https:\/\/stebby.eu\/#website\",\"url\":\"https:\/\/stebby.eu\/\",\"name\":\"Stebby\",\"description\":\"\",\"publisher\":{\"@id\":\"https:\/\/stebby.eu\/#organization\"},\"potentialAction\":[{\"@type\":\"SearchAction\",\"target\":{\"@type\":\"EntryPoint\",\"urlTemplate\":\"https:\/\/stebby.eu\/?s={search_term_string}\"},\"query-input\":{\"@type\":\"PropertyValueSpecification\",\"valueRequired\":true,\"valueName\":\"search_term_string\"}}],\"inLanguage\":\"et\"},{\"@type\":\"Organization\",\"@id\":\"https:\/\/stebby.eu\/#organization\",\"name\":\"Stebby\",\"url\":\"https:\/\/stebby.eu\/\",\"logo\":{\"@type\":\"ImageObject\",\"inLanguage\":\"et\",\"@id\":\"https:\/\/stebby.eu\/#\/schema\/logo\/image\/\",\"url\":\"https:\/\/stebby.eu\/wp-content\/uploads\/2020\/10\/stebby3-1.png\",\"contentUrl\":\"https:\/\/stebby.eu\/wp-content\/uploads\/2020\/10\/stebby3-1.png\",\"width\":256,\"height\":256,\"caption\":\"Stebby\"},\"image\":{\"@id\":\"https:\/\/stebby.eu\/#\/schema\/logo\/image\/\"},\"sameAs\":[\"https:\/\/www.facebook.com\/stebby\/\",\"https:\/\/instagram.com\/stebby.eesti\",\"https:\/\/www.linkedin.com\/company\/stebby\/\"]},{\"@type\":\"Person\",\"@id\":\"https:\/\/stebby.eu\/#\/schema\/person\/d6c3f74d164fdb457c8de98518edbb4f\",\"name\":\"ando.haldna\",\"image\":{\"@type\":\"ImageObject\",\"inLanguage\":\"et\",\"@id\":\"https:\/\/stebby.eu\/#\/schema\/person\/image\/\",\"url\":\"https:\/\/secure.gravatar.com\/avatar\/70bf464c17ff04ddfdf14f23e6dd246f?s=96&d=mm&r=g\",\"contentUrl\":\"https:\/\/secure.gravatar.com\/avatar\/70bf464c17ff04ddfdf14f23e6dd246f?s=96&d=mm&r=g\",\"caption\":\"ando.haldna\"},\"url\":\"https:\/\/stebby.eu\/et\/author\/ando-haldna\/\"}]}<\/script>\n<!-- \/ Yoast SEO plugin. -->","yoast_head_json":{"title":"\"Hooliv t\u00f6\u00f6andja 2020\" kokkuv\u00f5te: LHV, Quretec ja Replace kogemus - Stebby","description":"\"Hooliv t\u00f6\u00f6andja 2020\" on selleks suveks l\u00e4bi ning aeg on teha kokkuv\u00f5te. Kuulutame v\u00e4lja peaauhinna v\u00f5itja ning vaatame, kuidas l\u00e4ksid v\u00e4ljakutsed teistel.","robots":{"index":"index","follow":"follow","max-snippet":"max-snippet:-1","max-image-preview":"max-image-preview:large","max-video-preview":"max-video-preview:-1"},"canonical":"https:\/\/stebby.eu\/et\/hooliv-tooandja-2020-kokkuvote-lhv-quretec-ja-replace-kogemus\/","og_locale":"et_EE","og_type":"article","og_title":"\"Hooliv t\u00f6\u00f6andja 2020\" kokkuv\u00f5te: LHV, Quretec ja Replace kogemus - Stebby","og_description":"\"Hooliv t\u00f6\u00f6andja 2020\" on selleks suveks l\u00e4bi ning aeg on teha kokkuv\u00f5te. Kuulutame v\u00e4lja peaauhinna v\u00f5itja ning vaatame, kuidas l\u00e4ksid v\u00e4ljakutsed teistel.","og_url":"https:\/\/stebby.eu\/et\/hooliv-tooandja-2020-kokkuvote-lhv-quretec-ja-replace-kogemus\/","og_site_name":"Stebby","article_publisher":"https:\/\/www.facebook.com\/stebby\/","article_published_time":"2020-07-09T12:20:40+00:00","og_image":[{"width":2050,"height":780,"url":"https:\/\/stebby.eu\/wp-content\/uploads\/2020\/07\/Untitled-design-1.png","type":"image\/png"}],"author":"ando.haldna","twitter_card":"summary_large_image","twitter_misc":{"Written by":"ando.haldna","Est. reading time":"6 minutit"},"schema":{"@context":"https:\/\/schema.org","@graph":[{"@type":"Article","@id":"https:\/\/stebby.eu\/et\/hooliv-tooandja-2020-kokkuvote-lhv-quretec-ja-replace-kogemus\/#article","isPartOf":{"@id":"https:\/\/stebby.eu\/et\/hooliv-tooandja-2020-kokkuvote-lhv-quretec-ja-replace-kogemus\/"},"author":{"name":"ando.haldna","@id":"https:\/\/stebby.eu\/#\/schema\/person\/d6c3f74d164fdb457c8de98518edbb4f"},"headline":"&#8220;Hooliv t\u00f6\u00f6andja 2020&#8221; kokkuv\u00f5te: LHV, Quretec ja Replace kogemus","datePublished":"2020-07-09T12:20:40+00:00","mainEntityOfPage":{"@id":"https:\/\/stebby.eu\/et\/hooliv-tooandja-2020-kokkuvote-lhv-quretec-ja-replace-kogemus\/"},"wordCount":1129,"commentCount":0,"publisher":{"@id":"https:\/\/stebby.eu\/#organization"},"image":{"@id":"https:\/\/stebby.eu\/et\/hooliv-tooandja-2020-kokkuvote-lhv-quretec-ja-replace-kogemus\/#primaryimage"},"thumbnailUrl":"https:\/\/i0.wp.com\/stebby.eu\/wp-content\/uploads\/2020\/07\/Untitled-design-1.png?fit=2050%2C780&ssl=1","articleSection":["Elustiil"],"inLanguage":"et","potentialAction":[{"@type":"CommentAction","name":"Comment","target":["https:\/\/stebby.eu\/et\/hooliv-tooandja-2020-kokkuvote-lhv-quretec-ja-replace-kogemus\/#respond"]}]},{"@type":"WebPage","@id":"https:\/\/stebby.eu\/et\/hooliv-tooandja-2020-kokkuvote-lhv-quretec-ja-replace-kogemus\/","url":"https:\/\/stebby.eu\/et\/hooliv-tooandja-2020-kokkuvote-lhv-quretec-ja-replace-kogemus\/","name":"\"Hooliv t\u00f6\u00f6andja 2020\" kokkuv\u00f5te: LHV, Quretec ja Replace kogemus - Stebby","isPartOf":{"@id":"https:\/\/stebby.eu\/#website"},"primaryImageOfPage":{"@id":"https:\/\/stebby.eu\/et\/hooliv-tooandja-2020-kokkuvote-lhv-quretec-ja-replace-kogemus\/#primaryimage"},"image":{"@id":"https:\/\/stebby.eu\/et\/hooliv-tooandja-2020-kokkuvote-lhv-quretec-ja-replace-kogemus\/#primaryimage"},"thumbnailUrl":"https:\/\/i0.wp.com\/stebby.eu\/wp-content\/uploads\/2020\/07\/Untitled-design-1.png?fit=2050%2C780&ssl=1","datePublished":"2020-07-09T12:20:40+00:00","description":"\"Hooliv t\u00f6\u00f6andja 2020\" on selleks suveks l\u00e4bi ning aeg on teha kokkuv\u00f5te. Kuulutame v\u00e4lja peaauhinna v\u00f5itja ning vaatame, kuidas l\u00e4ksid v\u00e4ljakutsed teistel.","breadcrumb":{"@id":"https:\/\/stebby.eu\/et\/hooliv-tooandja-2020-kokkuvote-lhv-quretec-ja-replace-kogemus\/#breadcrumb"},"inLanguage":"et","potentialAction":[{"@type":"ReadAction","target":["https:\/\/stebby.eu\/et\/hooliv-tooandja-2020-kokkuvote-lhv-quretec-ja-replace-kogemus\/"]}]},{"@type":"ImageObject","inLanguage":"et","@id":"https:\/\/stebby.eu\/et\/hooliv-tooandja-2020-kokkuvote-lhv-quretec-ja-replace-kogemus\/#primaryimage","url":"https:\/\/i0.wp.com\/stebby.eu\/wp-content\/uploads\/2020\/07\/Untitled-design-1.png?fit=2050%2C780&ssl=1","contentUrl":"https:\/\/i0.wp.com\/stebby.eu\/wp-content\/uploads\/2020\/07\/Untitled-design-1.png?fit=2050%2C780&ssl=1","width":2050,"height":780},{"@type":"BreadcrumbList","@id":"https:\/\/stebby.eu\/et\/hooliv-tooandja-2020-kokkuvote-lhv-quretec-ja-replace-kogemus\/#breadcrumb","itemListElement":[{"@type":"ListItem","position":1,"name":"Home","item":"https:\/\/stebby.eu\/et\/"},{"@type":"ListItem","position":2,"name":"&#8220;Hooliv t\u00f6\u00f6andja 2020&#8221; kokkuv\u00f5te: LHV, Quretec ja Replace kogemus"}]},{"@type":"WebSite","@id":"https:\/\/stebby.eu\/#website","url":"https:\/\/stebby.eu\/","name":"Stebby","description":"","publisher":{"@id":"https:\/\/stebby.eu\/#organization"},"potentialAction":[{"@type":"SearchAction","target":{"@type":"EntryPoint","urlTemplate":"https:\/\/stebby.eu\/?s={search_term_string}"},"query-input":{"@type":"PropertyValueSpecification","valueRequired":true,"valueName":"search_term_string"}}],"inLanguage":"et"},{"@type":"Organization","@id":"https:\/\/stebby.eu\/#organization","name":"Stebby","url":"https:\/\/stebby.eu\/","logo":{"@type":"ImageObject","inLanguage":"et","@id":"https:\/\/stebby.eu\/#\/schema\/logo\/image\/","url":"https:\/\/stebby.eu\/wp-content\/uploads\/2020\/10\/stebby3-1.png","contentUrl":"https:\/\/stebby.eu\/wp-content\/uploads\/2020\/10\/stebby3-1.png","width":256,"height":256,"caption":"Stebby"},"image":{"@id":"https:\/\/stebby.eu\/#\/schema\/logo\/image\/"},"sameAs":["https:\/\/www.facebook.com\/stebby\/","https:\/\/instagram.com\/stebby.eesti","https:\/\/www.linkedin.com\/company\/stebby\/"]},{"@type":"Person","@id":"https:\/\/stebby.eu\/#\/schema\/person\/d6c3f74d164fdb457c8de98518edbb4f","name":"ando.haldna","image":{"@type":"ImageObject","inLanguage":"et","@id":"https:\/\/stebby.eu\/#\/schema\/person\/image\/","url":"https:\/\/secure.gravatar.com\/avatar\/70bf464c17ff04ddfdf14f23e6dd246f?s=96&d=mm&r=g","contentUrl":"https:\/\/secure.gravatar.com\/avatar\/70bf464c17ff04ddfdf14f23e6dd246f?s=96&d=mm&r=g","caption":"ando.haldna"},"url":"https:\/\/stebby.eu\/et\/author\/ando-haldna\/"}]}},"jetpack_featured_media_url":"https:\/\/i0.wp.com\/stebby.eu\/wp-content\/uploads\/2020\/07\/Untitled-design-1.png?fit=2050%2C780&ssl=1","jetpack_sharing_enabled":true,"_links":{"self":[{"href":"https:\/\/stebby.eu\/et\/wp-json\/wp\/v2\/posts\/3641","targetHints":{"allow":["GET"]}}],"collection":[{"href":"https:\/\/stebby.eu\/et\/wp-json\/wp\/v2\/posts"}],"about":[{"href":"https:\/\/stebby.eu\/et\/wp-json\/wp\/v2\/types\/post"}],"author":[{"embeddable":true,"href":"https:\/\/stebby.eu\/et\/wp-json\/wp\/v2\/users\/10"}],"replies":[{"embeddable":true,"href":"https:\/\/stebby.eu\/et\/wp-json\/wp\/v2\/comments?post=3641"}],"version-history":[{"count":0,"href":"https:\/\/stebby.eu\/et\/wp-json\/wp\/v2\/posts\/3641\/revisions"}],"wp:featuredmedia":[{"embeddable":true,"href":"https:\/\/stebby.eu\/et\/wp-json\/wp\/v2\/media\/3655"}],"wp:attachment":[{"href":"https:\/\/stebby.eu\/et\/wp-json\/wp\/v2\/media?parent=3641"}],"wp:term":[{"taxonomy":"category","embeddable":true,"href":"https:\/\/stebby.eu\/et\/wp-json\/wp\/v2\/categories?post=3641"},{"taxonomy":"post_tag","embeddable":true,"href":"https:\/\/stebby.eu\/et\/wp-json\/wp\/v2\/tags?post=3641"}],"curies":[{"name":"wp","href":"https:\/\/api.w.org\/{rel}","templated":true}]}}