{"id":435,"date":"2019-03-20T17:40:50","date_gmt":"2019-03-20T15:40:50","guid":{"rendered":"https:\/\/sportideas.blog\/?p=435"},"modified":"2019-03-20T17:40:50","modified_gmt":"2019-03-20T15:40:50","slug":"talispartakiaad-19-ulimalt-meeleolukas-kokkuvottev-video","status":"publish","type":"post","link":"https:\/\/stebby.eu\/et\/talispartakiaad-19-ulimalt-meeleolukas-kokkuvottev-video\/","title":{"rendered":"Talispartakiaad &#8217;19 \u00fclimalt meeleolukas kokkuv\u00f5ttev video"},"content":{"rendered":"\n<p>Eesti Firmaspordi Liit avaldas meeleoluka kokkuv\u00f5tva video 8.-10. m\u00e4rtsini Otep\u00e4\u00e4l ja K\u00e4\u00e4rikul toimunud Talispartakiaadilt. 2 minutit puhast r\u00f5\u00f5mu viimaste aastate parima Eestimaa talve l\u00f5puakordidest. <br><\/p>\n\n\n\n<figure class=\"wp-block-embed-youtube wp-block-embed is-type-video is-provider-youtube wp-embed-aspect-16-9 wp-has-aspect-ratio\"><div class=\"wp-block-embed__wrapper\">\n<iframe loading=\"lazy\" title=\"Talispartakiaad&#039;19 kokkuv\u00f5ttev video\" width=\"1778\" height=\"1000\" src=\"https:\/\/www.youtube.com\/embed\/1BcmLkKnZEg?feature=oembed\" frameborder=\"0\" allow=\"accelerometer; autoplay; clipboard-write; encrypted-media; gyroscope; picture-in-picture\" allowfullscreen><\/iframe>\n<\/div><figcaption>Talispartakiaad&#8217;19 kokkuv\u00f5ttev video. Autor: Karel T\u00f5nson<\/figcaption><\/figure>\n\n\n\n<p>Kui meeldis ja tahaksid oma kolleegidega ka midagi sama lahedat tulevikus teha, siis vaata j\u00e4rgi ka <a href=\"http:\/\/www.firmasport.ee\" target=\"_blank\" rel=\"noreferrer noopener\" aria-label=\"www.firmasport.ee (avatakse uues sakis)\">www.firmasport.ee<\/a> ja pane end kirja j\u00e4rgmistele \u00fcritustele.<\/p>\n","protected":false},"excerpt":{"rendered":"Eesti Firmaspordi Liit avaldas meeleoluka kokkuv\u00f5tva video 8.-10. m\u00e4rtsini Otep\u00e4\u00e4l ja K\u00e4\u00e4rikul toimunud Talispartakiaadilt. 2 minutit puhast r\u00f5\u00f5mu viimaste aastate parima Eestimaa talve l\u00f5puakordidest. Kui meeldis ja tahaksid oma kolleegidega ka midagi sama lahedat tulevikus teha, siis vaata j\u00e4rgi ka www.firmasport.ee ja pane end kirja j\u00e4rgmistele \u00fcritustele.","protected":false},"author":10,"featured_media":436,"comment_status":"open","ping_status":"open","sticky":false,"template":"","format":"standard","meta":{"_jetpack_memberships_contains_paid_content":false,"footnotes":""},"categories":[24,28],"tags":[],"class_list":["post-435","post","type-post","status-publish","format-standard","has-post-thumbnail","hentry","category-liikumine","category-spordiyritus"],"yoast_head":"<!-- This site is optimized with the Yoast SEO plugin v26.8 - https:\/\/yoast.com\/product\/yoast-seo-wordpress\/ -->\n<title>Talispartakiaad &#039;19 \u00fclimalt meeleolukas kokkuv\u00f5ttev video - Stebby<\/title>\n<meta name=\"robots\" content=\"index, follow, max-snippet:-1, max-image-preview:large, max-video-preview:-1\" \/>\n<link rel=\"canonical\" href=\"https:\/\/stebby.eu\/et\/talispartakiaad-19-ulimalt-meeleolukas-kokkuvottev-video\/\" \/>\n<meta property=\"og:locale\" content=\"et_EE\" \/>\n<meta property=\"og:type\" content=\"article\" \/>\n<meta property=\"og:title\" content=\"Talispartakiaad &#039;19 \u00fclimalt meeleolukas kokkuv\u00f5ttev video - Stebby\" \/>\n<meta property=\"og:description\" content=\"Eesti Firmaspordi Liit avaldas meeleoluka kokkuv\u00f5tva video 8.-10. m\u00e4rtsini Otep\u00e4\u00e4l ja K\u00e4\u00e4rikul toimunud Talispartakiaadilt. 2 minutit puhast r\u00f5\u00f5mu viimaste aastate parima Eestimaa talve l\u00f5puakordidest. Kui meeldis ja tahaksid oma kolleegidega ka midagi sama lahedat tulevikus teha, siis vaata j\u00e4rgi ka www.firmasport.ee ja pane end kirja j\u00e4rgmistele \u00fcritustele.\" \/>\n<meta property=\"og:url\" content=\"https:\/\/stebby.eu\/et\/talispartakiaad-19-ulimalt-meeleolukas-kokkuvottev-video\/\" \/>\n<meta property=\"og:site_name\" content=\"Stebby\" \/>\n<meta property=\"article:publisher\" content=\"https:\/\/www.facebook.com\/stebby\/\" \/>\n<meta property=\"article:published_time\" content=\"2019-03-20T15:40:50+00:00\" \/>\n<meta property=\"og:image\" content=\"https:\/\/stebby.eu\/wp-content\/uploads\/2019\/03\/AS20190309FSTS_219M.jpg\" \/>\n\t<meta property=\"og:image:width\" content=\"2048\" \/>\n\t<meta property=\"og:image:height\" content=\"1365\" \/>\n\t<meta property=\"og:image:type\" content=\"image\/jpeg\" \/>\n<meta name=\"author\" content=\"ando.haldna\" \/>\n<meta name=\"twitter:card\" content=\"summary_large_image\" \/>\n<meta name=\"twitter:label1\" content=\"Written by\" \/>\n\t<meta name=\"twitter:data1\" content=\"ando.haldna\" \/>\n<script type=\"application\/ld+json\" class=\"yoast-schema-graph\">{\"@context\":\"https:\/\/schema.org\",\"@graph\":[{\"@type\":\"Article\",\"@id\":\"https:\/\/stebby.eu\/et\/talispartakiaad-19-ulimalt-meeleolukas-kokkuvottev-video\/#article\",\"isPartOf\":{\"@id\":\"https:\/\/stebby.eu\/et\/talispartakiaad-19-ulimalt-meeleolukas-kokkuvottev-video\/\"},\"author\":{\"name\":\"ando.haldna\",\"@id\":\"https:\/\/stebby.eu\/#\/schema\/person\/d6c3f74d164fdb457c8de98518edbb4f\"},\"headline\":\"Talispartakiaad &#8217;19 \u00fclimalt meeleolukas kokkuv\u00f5ttev video\",\"datePublished\":\"2019-03-20T15:40:50+00:00\",\"mainEntityOfPage\":{\"@id\":\"https:\/\/stebby.eu\/et\/talispartakiaad-19-ulimalt-meeleolukas-kokkuvottev-video\/\"},\"wordCount\":74,\"commentCount\":0,\"publisher\":{\"@id\":\"https:\/\/stebby.eu\/#organization\"},\"image\":{\"@id\":\"https:\/\/stebby.eu\/et\/talispartakiaad-19-ulimalt-meeleolukas-kokkuvottev-video\/#primaryimage\"},\"thumbnailUrl\":\"https:\/\/i0.wp.com\/stebby.eu\/wp-content\/uploads\/2019\/03\/AS20190309FSTS_219M.jpg?fit=2048%2C1365&ssl=1\",\"articleSection\":[\"Liikumine\",\"Spordi\u00fcritus\"],\"inLanguage\":\"et\",\"potentialAction\":[{\"@type\":\"CommentAction\",\"name\":\"Comment\",\"target\":[\"https:\/\/stebby.eu\/et\/talispartakiaad-19-ulimalt-meeleolukas-kokkuvottev-video\/#respond\"]}]},{\"@type\":\"WebPage\",\"@id\":\"https:\/\/stebby.eu\/et\/talispartakiaad-19-ulimalt-meeleolukas-kokkuvottev-video\/\",\"url\":\"https:\/\/stebby.eu\/et\/talispartakiaad-19-ulimalt-meeleolukas-kokkuvottev-video\/\",\"name\":\"Talispartakiaad '19 \u00fclimalt meeleolukas kokkuv\u00f5ttev video - Stebby\",\"isPartOf\":{\"@id\":\"https:\/\/stebby.eu\/#website\"},\"primaryImageOfPage\":{\"@id\":\"https:\/\/stebby.eu\/et\/talispartakiaad-19-ulimalt-meeleolukas-kokkuvottev-video\/#primaryimage\"},\"image\":{\"@id\":\"https:\/\/stebby.eu\/et\/talispartakiaad-19-ulimalt-meeleolukas-kokkuvottev-video\/#primaryimage\"},\"thumbnailUrl\":\"https:\/\/i0.wp.com\/stebby.eu\/wp-content\/uploads\/2019\/03\/AS20190309FSTS_219M.jpg?fit=2048%2C1365&ssl=1\",\"datePublished\":\"2019-03-20T15:40:50+00:00\",\"breadcrumb\":{\"@id\":\"https:\/\/stebby.eu\/et\/talispartakiaad-19-ulimalt-meeleolukas-kokkuvottev-video\/#breadcrumb\"},\"inLanguage\":\"et\",\"potentialAction\":[{\"@type\":\"ReadAction\",\"target\":[\"https:\/\/stebby.eu\/et\/talispartakiaad-19-ulimalt-meeleolukas-kokkuvottev-video\/\"]}]},{\"@type\":\"ImageObject\",\"inLanguage\":\"et\",\"@id\":\"https:\/\/stebby.eu\/et\/talispartakiaad-19-ulimalt-meeleolukas-kokkuvottev-video\/#primaryimage\",\"url\":\"https:\/\/i0.wp.com\/stebby.eu\/wp-content\/uploads\/2019\/03\/AS20190309FSTS_219M.jpg?fit=2048%2C1365&ssl=1\",\"contentUrl\":\"https:\/\/i0.wp.com\/stebby.eu\/wp-content\/uploads\/2019\/03\/AS20190309FSTS_219M.jpg?fit=2048%2C1365&ssl=1\",\"width\":2048,\"height\":1365,\"caption\":\"Firmaspordi Talispartakiaad'19 \/ foto: Ardo S\u00e4ks\"},{\"@type\":\"BreadcrumbList\",\"@id\":\"https:\/\/stebby.eu\/et\/talispartakiaad-19-ulimalt-meeleolukas-kokkuvottev-video\/#breadcrumb\",\"itemListElement\":[{\"@type\":\"ListItem\",\"position\":1,\"name\":\"Home\",\"item\":\"https:\/\/stebby.eu\/et\/\"},{\"@type\":\"ListItem\",\"position\":2,\"name\":\"Talispartakiaad &#8217;19 \u00fclimalt meeleolukas kokkuv\u00f5ttev video\"}]},{\"@type\":\"WebSite\",\"@id\":\"https:\/\/stebby.eu\/#website\",\"url\":\"https:\/\/stebby.eu\/\",\"name\":\"Stebby\",\"description\":\"\",\"publisher\":{\"@id\":\"https:\/\/stebby.eu\/#organization\"},\"potentialAction\":[{\"@type\":\"SearchAction\",\"target\":{\"@type\":\"EntryPoint\",\"urlTemplate\":\"https:\/\/stebby.eu\/?s={search_term_string}\"},\"query-input\":{\"@type\":\"PropertyValueSpecification\",\"valueRequired\":true,\"valueName\":\"search_term_string\"}}],\"inLanguage\":\"et\"},{\"@type\":\"Organization\",\"@id\":\"https:\/\/stebby.eu\/#organization\",\"name\":\"Stebby\",\"url\":\"https:\/\/stebby.eu\/\",\"logo\":{\"@type\":\"ImageObject\",\"inLanguage\":\"et\",\"@id\":\"https:\/\/stebby.eu\/#\/schema\/logo\/image\/\",\"url\":\"https:\/\/stebby.eu\/wp-content\/uploads\/2020\/10\/stebby3-1.png\",\"contentUrl\":\"https:\/\/stebby.eu\/wp-content\/uploads\/2020\/10\/stebby3-1.png\",\"width\":256,\"height\":256,\"caption\":\"Stebby\"},\"image\":{\"@id\":\"https:\/\/stebby.eu\/#\/schema\/logo\/image\/\"},\"sameAs\":[\"https:\/\/www.facebook.com\/stebby\/\",\"https:\/\/instagram.com\/stebby.eesti\",\"https:\/\/www.linkedin.com\/company\/stebby\/\"]},{\"@type\":\"Person\",\"@id\":\"https:\/\/stebby.eu\/#\/schema\/person\/d6c3f74d164fdb457c8de98518edbb4f\",\"name\":\"ando.haldna\",\"image\":{\"@type\":\"ImageObject\",\"inLanguage\":\"et\",\"@id\":\"https:\/\/stebby.eu\/#\/schema\/person\/image\/\",\"url\":\"https:\/\/secure.gravatar.com\/avatar\/70bf464c17ff04ddfdf14f23e6dd246f?s=96&d=mm&r=g\",\"contentUrl\":\"https:\/\/secure.gravatar.com\/avatar\/70bf464c17ff04ddfdf14f23e6dd246f?s=96&d=mm&r=g\",\"caption\":\"ando.haldna\"},\"url\":\"https:\/\/stebby.eu\/et\/author\/ando-haldna\/\"}]}<\/script>\n<!-- \/ Yoast SEO plugin. -->","yoast_head_json":{"title":"Talispartakiaad '19 \u00fclimalt meeleolukas kokkuv\u00f5ttev video - Stebby","robots":{"index":"index","follow":"follow","max-snippet":"max-snippet:-1","max-image-preview":"max-image-preview:large","max-video-preview":"max-video-preview:-1"},"canonical":"https:\/\/stebby.eu\/et\/talispartakiaad-19-ulimalt-meeleolukas-kokkuvottev-video\/","og_locale":"et_EE","og_type":"article","og_title":"Talispartakiaad '19 \u00fclimalt meeleolukas kokkuv\u00f5ttev video - Stebby","og_description":"Eesti Firmaspordi Liit avaldas meeleoluka kokkuv\u00f5tva video 8.-10. m\u00e4rtsini Otep\u00e4\u00e4l ja K\u00e4\u00e4rikul toimunud Talispartakiaadilt. 2 minutit puhast r\u00f5\u00f5mu viimaste aastate parima Eestimaa talve l\u00f5puakordidest. Kui meeldis ja tahaksid oma kolleegidega ka midagi sama lahedat tulevikus teha, siis vaata j\u00e4rgi ka www.firmasport.ee ja pane end kirja j\u00e4rgmistele \u00fcritustele.","og_url":"https:\/\/stebby.eu\/et\/talispartakiaad-19-ulimalt-meeleolukas-kokkuvottev-video\/","og_site_name":"Stebby","article_publisher":"https:\/\/www.facebook.com\/stebby\/","article_published_time":"2019-03-20T15:40:50+00:00","og_image":[{"width":2048,"height":1365,"url":"https:\/\/stebby.eu\/wp-content\/uploads\/2019\/03\/AS20190309FSTS_219M.jpg","type":"image\/jpeg"}],"author":"ando.haldna","twitter_card":"summary_large_image","twitter_misc":{"Written by":"ando.haldna"},"schema":{"@context":"https:\/\/schema.org","@graph":[{"@type":"Article","@id":"https:\/\/stebby.eu\/et\/talispartakiaad-19-ulimalt-meeleolukas-kokkuvottev-video\/#article","isPartOf":{"@id":"https:\/\/stebby.eu\/et\/talispartakiaad-19-ulimalt-meeleolukas-kokkuvottev-video\/"},"author":{"name":"ando.haldna","@id":"https:\/\/stebby.eu\/#\/schema\/person\/d6c3f74d164fdb457c8de98518edbb4f"},"headline":"Talispartakiaad &#8217;19 \u00fclimalt meeleolukas kokkuv\u00f5ttev video","datePublished":"2019-03-20T15:40:50+00:00","mainEntityOfPage":{"@id":"https:\/\/stebby.eu\/et\/talispartakiaad-19-ulimalt-meeleolukas-kokkuvottev-video\/"},"wordCount":74,"commentCount":0,"publisher":{"@id":"https:\/\/stebby.eu\/#organization"},"image":{"@id":"https:\/\/stebby.eu\/et\/talispartakiaad-19-ulimalt-meeleolukas-kokkuvottev-video\/#primaryimage"},"thumbnailUrl":"https:\/\/i0.wp.com\/stebby.eu\/wp-content\/uploads\/2019\/03\/AS20190309FSTS_219M.jpg?fit=2048%2C1365&ssl=1","articleSection":["Liikumine","Spordi\u00fcritus"],"inLanguage":"et","potentialAction":[{"@type":"CommentAction","name":"Comment","target":["https:\/\/stebby.eu\/et\/talispartakiaad-19-ulimalt-meeleolukas-kokkuvottev-video\/#respond"]}]},{"@type":"WebPage","@id":"https:\/\/stebby.eu\/et\/talispartakiaad-19-ulimalt-meeleolukas-kokkuvottev-video\/","url":"https:\/\/stebby.eu\/et\/talispartakiaad-19-ulimalt-meeleolukas-kokkuvottev-video\/","name":"Talispartakiaad '19 \u00fclimalt meeleolukas kokkuv\u00f5ttev video - Stebby","isPartOf":{"@id":"https:\/\/stebby.eu\/#website"},"primaryImageOfPage":{"@id":"https:\/\/stebby.eu\/et\/talispartakiaad-19-ulimalt-meeleolukas-kokkuvottev-video\/#primaryimage"},"image":{"@id":"https:\/\/stebby.eu\/et\/talispartakiaad-19-ulimalt-meeleolukas-kokkuvottev-video\/#primaryimage"},"thumbnailUrl":"https:\/\/i0.wp.com\/stebby.eu\/wp-content\/uploads\/2019\/03\/AS20190309FSTS_219M.jpg?fit=2048%2C1365&ssl=1","datePublished":"2019-03-20T15:40:50+00:00","breadcrumb":{"@id":"https:\/\/stebby.eu\/et\/talispartakiaad-19-ulimalt-meeleolukas-kokkuvottev-video\/#breadcrumb"},"inLanguage":"et","potentialAction":[{"@type":"ReadAction","target":["https:\/\/stebby.eu\/et\/talispartakiaad-19-ulimalt-meeleolukas-kokkuvottev-video\/"]}]},{"@type":"ImageObject","inLanguage":"et","@id":"https:\/\/stebby.eu\/et\/talispartakiaad-19-ulimalt-meeleolukas-kokkuvottev-video\/#primaryimage","url":"https:\/\/i0.wp.com\/stebby.eu\/wp-content\/uploads\/2019\/03\/AS20190309FSTS_219M.jpg?fit=2048%2C1365&ssl=1","contentUrl":"https:\/\/i0.wp.com\/stebby.eu\/wp-content\/uploads\/2019\/03\/AS20190309FSTS_219M.jpg?fit=2048%2C1365&ssl=1","width":2048,"height":1365,"caption":"Firmaspordi Talispartakiaad'19 \/ foto: Ardo S\u00e4ks"},{"@type":"BreadcrumbList","@id":"https:\/\/stebby.eu\/et\/talispartakiaad-19-ulimalt-meeleolukas-kokkuvottev-video\/#breadcrumb","itemListElement":[{"@type":"ListItem","position":1,"name":"Home","item":"https:\/\/stebby.eu\/et\/"},{"@type":"ListItem","position":2,"name":"Talispartakiaad &#8217;19 \u00fclimalt meeleolukas kokkuv\u00f5ttev video"}]},{"@type":"WebSite","@id":"https:\/\/stebby.eu\/#website","url":"https:\/\/stebby.eu\/","name":"Stebby","description":"","publisher":{"@id":"https:\/\/stebby.eu\/#organization"},"potentialAction":[{"@type":"SearchAction","target":{"@type":"EntryPoint","urlTemplate":"https:\/\/stebby.eu\/?s={search_term_string}"},"query-input":{"@type":"PropertyValueSpecification","valueRequired":true,"valueName":"search_term_string"}}],"inLanguage":"et"},{"@type":"Organization","@id":"https:\/\/stebby.eu\/#organization","name":"Stebby","url":"https:\/\/stebby.eu\/","logo":{"@type":"ImageObject","inLanguage":"et","@id":"https:\/\/stebby.eu\/#\/schema\/logo\/image\/","url":"https:\/\/stebby.eu\/wp-content\/uploads\/2020\/10\/stebby3-1.png","contentUrl":"https:\/\/stebby.eu\/wp-content\/uploads\/2020\/10\/stebby3-1.png","width":256,"height":256,"caption":"Stebby"},"image":{"@id":"https:\/\/stebby.eu\/#\/schema\/logo\/image\/"},"sameAs":["https:\/\/www.facebook.com\/stebby\/","https:\/\/instagram.com\/stebby.eesti","https:\/\/www.linkedin.com\/company\/stebby\/"]},{"@type":"Person","@id":"https:\/\/stebby.eu\/#\/schema\/person\/d6c3f74d164fdb457c8de98518edbb4f","name":"ando.haldna","image":{"@type":"ImageObject","inLanguage":"et","@id":"https:\/\/stebby.eu\/#\/schema\/person\/image\/","url":"https:\/\/secure.gravatar.com\/avatar\/70bf464c17ff04ddfdf14f23e6dd246f?s=96&d=mm&r=g","contentUrl":"https:\/\/secure.gravatar.com\/avatar\/70bf464c17ff04ddfdf14f23e6dd246f?s=96&d=mm&r=g","caption":"ando.haldna"},"url":"https:\/\/stebby.eu\/et\/author\/ando-haldna\/"}]}},"jetpack_featured_media_url":"https:\/\/i0.wp.com\/stebby.eu\/wp-content\/uploads\/2019\/03\/AS20190309FSTS_219M.jpg?fit=2048%2C1365&ssl=1","jetpack_sharing_enabled":true,"_links":{"self":[{"href":"https:\/\/stebby.eu\/et\/wp-json\/wp\/v2\/posts\/435","targetHints":{"allow":["GET"]}}],"collection":[{"href":"https:\/\/stebby.eu\/et\/wp-json\/wp\/v2\/posts"}],"about":[{"href":"https:\/\/stebby.eu\/et\/wp-json\/wp\/v2\/types\/post"}],"author":[{"embeddable":true,"href":"https:\/\/stebby.eu\/et\/wp-json\/wp\/v2\/users\/10"}],"replies":[{"embeddable":true,"href":"https:\/\/stebby.eu\/et\/wp-json\/wp\/v2\/comments?post=435"}],"version-history":[{"count":0,"href":"https:\/\/stebby.eu\/et\/wp-json\/wp\/v2\/posts\/435\/revisions"}],"wp:featuredmedia":[{"embeddable":true,"href":"https:\/\/stebby.eu\/et\/wp-json\/wp\/v2\/media\/436"}],"wp:attachment":[{"href":"https:\/\/stebby.eu\/et\/wp-json\/wp\/v2\/media?parent=435"}],"wp:term":[{"taxonomy":"category","embeddable":true,"href":"https:\/\/stebby.eu\/et\/wp-json\/wp\/v2\/categories?post=435"},{"taxonomy":"post_tag","embeddable":true,"href":"https:\/\/stebby.eu\/et\/wp-json\/wp\/v2\/tags?post=435"}],"curies":[{"name":"wp","href":"https:\/\/api.w.org\/{rel}","templated":true}]}}