{"id":5849,"date":"2020-10-05T08:46:00","date_gmt":"2020-10-05T08:46:00","guid":{"rendered":"https:\/\/stebby.eu\/?p=5849"},"modified":"2020-10-19T12:50:04","modified_gmt":"2020-10-19T12:50:04","slug":"statistika-ei-valeta-inimesed-pooravad-uha-rohkem-enda-tervisele-tahelepanu","status":"publish","type":"post","link":"https:\/\/stebby.eu\/et\/statistika-ei-valeta-inimesed-pooravad-uha-rohkem-enda-tervisele-tahelepanu\/","title":{"rendered":"Statistika ei valeta: inimesed p\u00f6\u00f6ravad \u00fcha rohkem enda tervisele t\u00e4helepanu"},"content":{"rendered":"\n<p>Tervislikust eluviisist on r\u00e4\u00e4gitud n\u00fc\u00fcdseks k\u00fcmneid aastaid, kuid alati ei ole see toonud kaasa endaga suurt inimeste lainet, kes k\u00f5iki n\u00f5uandeid j\u00e4rgiksid. Kuigi pahede unustamine ning aktiivsuse suurenemine on toimunud aastast aastasse, siis 2020. aasta Stebby (endine SportID) statistika n\u00e4itab, et n\u00fc\u00fcd, selle aasta s\u00fcgisel, oleme \u00fchiskonnana v\u00f5tnud ette suure sammu tervema isikliku minapildi loomisel.<strong>&nbsp;<\/strong><\/p>\n\n\n\n<p>V\u00f5ib \u00fcpris kindlalt v\u00e4ita, et inimesed ei karda enam k\u00fclastada tervisespetsialiste ning treenida spordisaalides. Seda t\u00f5estab Baltikumi suurima spordi- ja terviseteenuste keskkonna septembrikuu statistika, millega \u00fcletati ka viiruseelsed k\u00f5rgeimad k\u00e4ibenumbrid. Tuletagem meelde, et 2020. aastal oli spordi- ja tervisesektor m\u00e4rtsist maini kindlasti majanduses suurimate kukkujate seas. \u201eKui keegi oleks \u00f6elnud mulle aprillikuus, et heaolusektor on septembris t\u00e4ielikult taastunud (ja rohkemgi veel), siis oleksin selle peale naernud ja resoluutselt vastanud \u201eei, see pole v\u00f5imalik\u201c. Meie sektor kukkus t\u00e4ielikult kokku \u2013 enamjaolt k\u00f5ik Teenusepakkujad pidid oma uksed sulgema ja tulevik ei tundunud kuigi helge. Kindlasti aitas edukale t\u00e4nasele kaasa kasutajate valmidus proovida \u201emidagi uut\u201c \u2013 meie puhul n\u00e4iteks virtuaaltreeninguid,\u201c t\u00e4heldas Stebby turundusjuht Emily Vigel.<\/p>\n\n\n\n<p>Viimaste kuude terviseteadlikkus ning soov enda heaolu parandada on olnud m\u00e4rgatav &#8211; k\u00f5ik kulmineerus Stebby keskkonna jaoks miljoni eurose k\u00e4ibe \u00fcletamist septembrikuus. Varasemalt juhtus see enne viiruse levikut selle aasta jaanuaris, kuid seekord \u00fcletati ka eelnevad rekordid, kui terviseteenuseid soetati 1.07 miljoni euro eest. \u201eEks september on v\u00e4ike t\u00f5usukuu olnud igal aastal, kuna inimesed naasevad suvSTeepuhkuselt. V\u00f5rreldes aga selle aasta juulit ja augustit eelnevate aastatega, ei osanud me sellist aktiivsuse t\u00f5usu septembris kindlasti oodata,\u201d s\u00f5nas Stebby tegevjuht Marti Soosaar positiivsest terviseteenuste huvist inimeste seas.<\/p>\n\n\n\n<p>M\u00e4rgatav t\u00f5us on toimunud inimeste enda usalduse, teadlikkuse ja ettevaatusabin\u00f5ude j\u00e4rgimise tulemusena &#8211; spordisaalides on puhtus number \u00fcks ning uued v\u00f5imalused inimesi hajutada toimivad. Lisaks on v\u00f5etud individuaalseks eesm\u00e4rgiks parandada enda immuuns\u00fcsteemi heaoluteenuste ja spordiga, et v\u00e4ltida haigestumisi ning minna talvele vastu tugevamana. Samuti on t\u00f5usnud t\u00f6\u00f6andjate teadlikkus, kui oluline on pakkuda tervisetoetuse v\u00f5imalust enda t\u00f6\u00f6tajatele. T\u00e4nases \u00fchiskonnas ja olukorras t\u00e4hendab ka t\u00fchine nohu \u00fche t\u00f6\u00f6taja eemalej\u00e4\u00e4mist kontorist, mis v\u00f5ib m\u00f5jutada kogu t\u00f6\u00f6protsessi kulgu m\u00e4rgatavalt.&nbsp;<\/p>\n\n\n\n<p>\u201eEi oskagi \u00f6elda, kas hirm koroona ees on taandunud ja inimesed tagasi toonud v\u00f5i siis just vastupidi hirm koroona ees on pannud inimesi tervise eest rohkem hoolt kandma. Positiivne \u00fcllatus on see igal juhul, et inimesed m\u00f5tlevad rohkem enda ja teiste tervise hoidmise peale,\u201d hindas Soosaar m\u00f6\u00f6dunud kuu tulemusi arvestades \u00fchiskonna m\u00f5tteviisi muutust. Enamik teenusepakkujad oli suletud, tegutsesid vaid personaaltreenerid, treeningutel olid abiks videotreeningud ning sporditarbeid soetati vaid koduseks treeninguks. \u201cKogu k\u00e4ibe kukkumine oli sektoris kahe kuu jooksul k\u00fcmnekordne. Seda, mida toob tulevik, me t\u00e4na ette ei tea, kuid saame v\u00e4hemalt hetkeks r\u00f5\u00f5mustada, et eluviis on esialgu normaliseerumas,\u201d v\u00f5ttis Soosaar kogu viimase poolaasta kokku.<\/p>\n\n\n\n<p>Stebby on spordi- ja terviseteenuste keskkond, mis koondab enam kui 1800 Sinu heaoluga seotud teenusepakkujat ning mille abil toetavad oma t\u00f6\u00f6tajaid \u00fcle 1300 ettev\u00f5tja.&nbsp;<\/p>\n\n\n\n<figure class=\"wp-block-image size-large\"><img data-recalc-dims=\"1\" loading=\"lazy\" decoding=\"async\" width=\"1300\" height=\"867\" src=\"https:\/\/i0.wp.com\/stebby.eu\/wp-content\/uploads\/2020\/10\/401-ted3216-jj-1-1.jpg?resize=1300%2C867&#038;ssl=1\" alt=\"\" class=\"wp-image-5855\" srcset=\"https:\/\/i0.wp.com\/stebby.eu\/wp-content\/uploads\/2020\/10\/401-ted3216-jj-1-1.jpg?w=1300&amp;ssl=1 1300w, https:\/\/i0.wp.com\/stebby.eu\/wp-content\/uploads\/2020\/10\/401-ted3216-jj-1-1.jpg?resize=768%2C512&amp;ssl=1 768w, https:\/\/i0.wp.com\/stebby.eu\/wp-content\/uploads\/2020\/10\/401-ted3216-jj-1-1.jpg?resize=512%2C341&amp;ssl=1 512w\" sizes=\"auto, (max-width: 1300px) 100vw, 1300px\" \/><\/figure>\n","protected":false},"excerpt":{"rendered":"Tervislikust eluviisist on r\u00e4\u00e4gitud n\u00fc\u00fcdseks k\u00fcmneid aastaid, kuid alati ei ole see toonud kaasa endaga suurt inimeste lainet, kes k\u00f5iki n\u00f5uandeid j\u00e4rgiksid. Kuigi pahede unustamine ning aktiivsuse suurenemine on toimunud aastast aastasse, siis 2020. aasta Stebby (endine SportID) statistika n\u00e4itab, et n\u00fc\u00fcd, selle aasta s\u00fcgisel, oleme \u00fchiskonnana v\u00f5tnud ette suure sammu tervema isikliku minapildi loomisel.&nbsp;&#8230;","protected":false},"author":8,"featured_media":5850,"comment_status":"open","ping_status":"open","sticky":false,"template":"","format":"standard","meta":{"_jetpack_memberships_contains_paid_content":false,"footnotes":""},"categories":[29],"tags":[],"class_list":["post-5849","post","type-post","status-publish","format-standard","has-post-thumbnail","hentry","category-elustiil"],"yoast_head":"<!-- This site is optimized with the Yoast SEO plugin v26.8 - https:\/\/yoast.com\/product\/yoast-seo-wordpress\/ -->\n<title>Statistika ei valeta: inimesed p\u00f6\u00f6ravad \u00fcha rohkem enda tervisele t\u00e4helepanu - Stebby<\/title>\n<meta name=\"robots\" content=\"index, follow, max-snippet:-1, max-image-preview:large, max-video-preview:-1\" \/>\n<link rel=\"canonical\" href=\"https:\/\/stebby.eu\/et\/statistika-ei-valeta-inimesed-pooravad-uha-rohkem-enda-tervisele-tahelepanu\/\" \/>\n<meta property=\"og:locale\" content=\"et_EE\" \/>\n<meta property=\"og:type\" content=\"article\" \/>\n<meta property=\"og:title\" content=\"Statistika ei valeta: inimesed p\u00f6\u00f6ravad \u00fcha rohkem enda tervisele t\u00e4helepanu - Stebby\" \/>\n<meta property=\"og:description\" content=\"Tervislikust eluviisist on r\u00e4\u00e4gitud n\u00fc\u00fcdseks k\u00fcmneid aastaid, kuid alati ei ole see toonud kaasa endaga suurt inimeste lainet, kes k\u00f5iki n\u00f5uandeid j\u00e4rgiksid. Kuigi pahede unustamine ning aktiivsuse suurenemine on toimunud aastast aastasse, siis 2020. aasta Stebby (endine SportID) statistika n\u00e4itab, et n\u00fc\u00fcd, selle aasta s\u00fcgisel, oleme \u00fchiskonnana v\u00f5tnud ette suure sammu tervema isikliku minapildi loomisel.&nbsp;...\" \/>\n<meta property=\"og:url\" content=\"https:\/\/stebby.eu\/et\/statistika-ei-valeta-inimesed-pooravad-uha-rohkem-enda-tervisele-tahelepanu\/\" \/>\n<meta property=\"og:site_name\" content=\"Stebby\" \/>\n<meta property=\"article:publisher\" content=\"https:\/\/www.facebook.com\/stebby\/\" \/>\n<meta property=\"article:published_time\" content=\"2020-10-05T08:46:00+00:00\" \/>\n<meta property=\"article:modified_time\" content=\"2020-10-19T12:50:04+00:00\" \/>\n<meta property=\"og:image\" content=\"https:\/\/stebby.eu\/wp-content\/uploads\/2020\/10\/b-p-s25-4726.jpg\" \/>\n\t<meta property=\"og:image:width\" content=\"1300\" \/>\n\t<meta property=\"og:image:height\" content=\"990\" \/>\n\t<meta property=\"og:image:type\" content=\"image\/jpeg\" \/>\n<meta name=\"author\" content=\"Ott Pluum\" \/>\n<meta name=\"twitter:card\" content=\"summary_large_image\" \/>\n<meta name=\"twitter:label1\" content=\"Written by\" \/>\n\t<meta name=\"twitter:data1\" content=\"Ott Pluum\" \/>\n\t<meta name=\"twitter:label2\" content=\"Est. reading time\" \/>\n\t<meta name=\"twitter:data2\" content=\"3 minutit\" \/>\n<script type=\"application\/ld+json\" class=\"yoast-schema-graph\">{\"@context\":\"https:\/\/schema.org\",\"@graph\":[{\"@type\":\"Article\",\"@id\":\"https:\/\/stebby.eu\/et\/statistika-ei-valeta-inimesed-pooravad-uha-rohkem-enda-tervisele-tahelepanu\/#article\",\"isPartOf\":{\"@id\":\"https:\/\/stebby.eu\/et\/statistika-ei-valeta-inimesed-pooravad-uha-rohkem-enda-tervisele-tahelepanu\/\"},\"author\":{\"name\":\"Ott Pluum\",\"@id\":\"https:\/\/stebby.eu\/#\/schema\/person\/d075707c7ef408365f129801314590ba\"},\"headline\":\"Statistika ei valeta: inimesed p\u00f6\u00f6ravad \u00fcha rohkem enda tervisele t\u00e4helepanu\",\"datePublished\":\"2020-10-05T08:46:00+00:00\",\"dateModified\":\"2020-10-19T12:50:04+00:00\",\"mainEntityOfPage\":{\"@id\":\"https:\/\/stebby.eu\/et\/statistika-ei-valeta-inimesed-pooravad-uha-rohkem-enda-tervisele-tahelepanu\/\"},\"wordCount\":528,\"commentCount\":0,\"publisher\":{\"@id\":\"https:\/\/stebby.eu\/#organization\"},\"image\":{\"@id\":\"https:\/\/stebby.eu\/et\/statistika-ei-valeta-inimesed-pooravad-uha-rohkem-enda-tervisele-tahelepanu\/#primaryimage\"},\"thumbnailUrl\":\"https:\/\/i0.wp.com\/stebby.eu\/wp-content\/uploads\/2020\/10\/b-p-s25-4726.jpg?fit=1300%2C990&ssl=1\",\"articleSection\":[\"Elustiil\"],\"inLanguage\":\"et\",\"potentialAction\":[{\"@type\":\"CommentAction\",\"name\":\"Comment\",\"target\":[\"https:\/\/stebby.eu\/et\/statistika-ei-valeta-inimesed-pooravad-uha-rohkem-enda-tervisele-tahelepanu\/#respond\"]}]},{\"@type\":\"WebPage\",\"@id\":\"https:\/\/stebby.eu\/et\/statistika-ei-valeta-inimesed-pooravad-uha-rohkem-enda-tervisele-tahelepanu\/\",\"url\":\"https:\/\/stebby.eu\/et\/statistika-ei-valeta-inimesed-pooravad-uha-rohkem-enda-tervisele-tahelepanu\/\",\"name\":\"Statistika ei valeta: inimesed p\u00f6\u00f6ravad \u00fcha rohkem enda tervisele t\u00e4helepanu - Stebby\",\"isPartOf\":{\"@id\":\"https:\/\/stebby.eu\/#website\"},\"primaryImageOfPage\":{\"@id\":\"https:\/\/stebby.eu\/et\/statistika-ei-valeta-inimesed-pooravad-uha-rohkem-enda-tervisele-tahelepanu\/#primaryimage\"},\"image\":{\"@id\":\"https:\/\/stebby.eu\/et\/statistika-ei-valeta-inimesed-pooravad-uha-rohkem-enda-tervisele-tahelepanu\/#primaryimage\"},\"thumbnailUrl\":\"https:\/\/i0.wp.com\/stebby.eu\/wp-content\/uploads\/2020\/10\/b-p-s25-4726.jpg?fit=1300%2C990&ssl=1\",\"datePublished\":\"2020-10-05T08:46:00+00:00\",\"dateModified\":\"2020-10-19T12:50:04+00:00\",\"breadcrumb\":{\"@id\":\"https:\/\/stebby.eu\/et\/statistika-ei-valeta-inimesed-pooravad-uha-rohkem-enda-tervisele-tahelepanu\/#breadcrumb\"},\"inLanguage\":\"et\",\"potentialAction\":[{\"@type\":\"ReadAction\",\"target\":[\"https:\/\/stebby.eu\/et\/statistika-ei-valeta-inimesed-pooravad-uha-rohkem-enda-tervisele-tahelepanu\/\"]}]},{\"@type\":\"ImageObject\",\"inLanguage\":\"et\",\"@id\":\"https:\/\/stebby.eu\/et\/statistika-ei-valeta-inimesed-pooravad-uha-rohkem-enda-tervisele-tahelepanu\/#primaryimage\",\"url\":\"https:\/\/i0.wp.com\/stebby.eu\/wp-content\/uploads\/2020\/10\/b-p-s25-4726.jpg?fit=1300%2C990&ssl=1\",\"contentUrl\":\"https:\/\/i0.wp.com\/stebby.eu\/wp-content\/uploads\/2020\/10\/b-p-s25-4726.jpg?fit=1300%2C990&ssl=1\",\"width\":1300,\"height\":990},{\"@type\":\"BreadcrumbList\",\"@id\":\"https:\/\/stebby.eu\/et\/statistika-ei-valeta-inimesed-pooravad-uha-rohkem-enda-tervisele-tahelepanu\/#breadcrumb\",\"itemListElement\":[{\"@type\":\"ListItem\",\"position\":1,\"name\":\"Home\",\"item\":\"https:\/\/stebby.eu\/et\/\"},{\"@type\":\"ListItem\",\"position\":2,\"name\":\"Statistika ei valeta: inimesed p\u00f6\u00f6ravad \u00fcha rohkem enda tervisele t\u00e4helepanu\"}]},{\"@type\":\"WebSite\",\"@id\":\"https:\/\/stebby.eu\/#website\",\"url\":\"https:\/\/stebby.eu\/\",\"name\":\"Stebby\",\"description\":\"\",\"publisher\":{\"@id\":\"https:\/\/stebby.eu\/#organization\"},\"potentialAction\":[{\"@type\":\"SearchAction\",\"target\":{\"@type\":\"EntryPoint\",\"urlTemplate\":\"https:\/\/stebby.eu\/?s={search_term_string}\"},\"query-input\":{\"@type\":\"PropertyValueSpecification\",\"valueRequired\":true,\"valueName\":\"search_term_string\"}}],\"inLanguage\":\"et\"},{\"@type\":\"Organization\",\"@id\":\"https:\/\/stebby.eu\/#organization\",\"name\":\"Stebby\",\"url\":\"https:\/\/stebby.eu\/\",\"logo\":{\"@type\":\"ImageObject\",\"inLanguage\":\"et\",\"@id\":\"https:\/\/stebby.eu\/#\/schema\/logo\/image\/\",\"url\":\"https:\/\/stebby.eu\/wp-content\/uploads\/2020\/10\/stebby3-1.png\",\"contentUrl\":\"https:\/\/stebby.eu\/wp-content\/uploads\/2020\/10\/stebby3-1.png\",\"width\":256,\"height\":256,\"caption\":\"Stebby\"},\"image\":{\"@id\":\"https:\/\/stebby.eu\/#\/schema\/logo\/image\/\"},\"sameAs\":[\"https:\/\/www.facebook.com\/stebby\/\",\"https:\/\/instagram.com\/stebby.eesti\",\"https:\/\/www.linkedin.com\/company\/stebby\/\"]},{\"@type\":\"Person\",\"@id\":\"https:\/\/stebby.eu\/#\/schema\/person\/d075707c7ef408365f129801314590ba\",\"name\":\"Ott Pluum\",\"image\":{\"@type\":\"ImageObject\",\"inLanguage\":\"et\",\"@id\":\"https:\/\/stebby.eu\/#\/schema\/person\/image\/\",\"url\":\"https:\/\/secure.gravatar.com\/avatar\/46468cbf7d3c28776ed7bfc82bc18488?s=96&d=mm&r=g\",\"contentUrl\":\"https:\/\/secure.gravatar.com\/avatar\/46468cbf7d3c28776ed7bfc82bc18488?s=96&d=mm&r=g\",\"caption\":\"Ott Pluum\"},\"url\":\"https:\/\/stebby.eu\/et\/author\/ottpluum\/\"}]}<\/script>\n<!-- \/ Yoast SEO plugin. -->","yoast_head_json":{"title":"Statistika ei valeta: inimesed p\u00f6\u00f6ravad \u00fcha rohkem enda tervisele t\u00e4helepanu - Stebby","robots":{"index":"index","follow":"follow","max-snippet":"max-snippet:-1","max-image-preview":"max-image-preview:large","max-video-preview":"max-video-preview:-1"},"canonical":"https:\/\/stebby.eu\/et\/statistika-ei-valeta-inimesed-pooravad-uha-rohkem-enda-tervisele-tahelepanu\/","og_locale":"et_EE","og_type":"article","og_title":"Statistika ei valeta: inimesed p\u00f6\u00f6ravad \u00fcha rohkem enda tervisele t\u00e4helepanu - Stebby","og_description":"Tervislikust eluviisist on r\u00e4\u00e4gitud n\u00fc\u00fcdseks k\u00fcmneid aastaid, kuid alati ei ole see toonud kaasa endaga suurt inimeste lainet, kes k\u00f5iki n\u00f5uandeid j\u00e4rgiksid. Kuigi pahede unustamine ning aktiivsuse suurenemine on toimunud aastast aastasse, siis 2020. aasta Stebby (endine SportID) statistika n\u00e4itab, et n\u00fc\u00fcd, selle aasta s\u00fcgisel, oleme \u00fchiskonnana v\u00f5tnud ette suure sammu tervema isikliku minapildi loomisel.&nbsp;...","og_url":"https:\/\/stebby.eu\/et\/statistika-ei-valeta-inimesed-pooravad-uha-rohkem-enda-tervisele-tahelepanu\/","og_site_name":"Stebby","article_publisher":"https:\/\/www.facebook.com\/stebby\/","article_published_time":"2020-10-05T08:46:00+00:00","article_modified_time":"2020-10-19T12:50:04+00:00","og_image":[{"width":1300,"height":990,"url":"https:\/\/stebby.eu\/wp-content\/uploads\/2020\/10\/b-p-s25-4726.jpg","type":"image\/jpeg"}],"author":"Ott Pluum","twitter_card":"summary_large_image","twitter_misc":{"Written by":"Ott Pluum","Est. reading time":"3 minutit"},"schema":{"@context":"https:\/\/schema.org","@graph":[{"@type":"Article","@id":"https:\/\/stebby.eu\/et\/statistika-ei-valeta-inimesed-pooravad-uha-rohkem-enda-tervisele-tahelepanu\/#article","isPartOf":{"@id":"https:\/\/stebby.eu\/et\/statistika-ei-valeta-inimesed-pooravad-uha-rohkem-enda-tervisele-tahelepanu\/"},"author":{"name":"Ott Pluum","@id":"https:\/\/stebby.eu\/#\/schema\/person\/d075707c7ef408365f129801314590ba"},"headline":"Statistika ei valeta: inimesed p\u00f6\u00f6ravad \u00fcha rohkem enda tervisele t\u00e4helepanu","datePublished":"2020-10-05T08:46:00+00:00","dateModified":"2020-10-19T12:50:04+00:00","mainEntityOfPage":{"@id":"https:\/\/stebby.eu\/et\/statistika-ei-valeta-inimesed-pooravad-uha-rohkem-enda-tervisele-tahelepanu\/"},"wordCount":528,"commentCount":0,"publisher":{"@id":"https:\/\/stebby.eu\/#organization"},"image":{"@id":"https:\/\/stebby.eu\/et\/statistika-ei-valeta-inimesed-pooravad-uha-rohkem-enda-tervisele-tahelepanu\/#primaryimage"},"thumbnailUrl":"https:\/\/i0.wp.com\/stebby.eu\/wp-content\/uploads\/2020\/10\/b-p-s25-4726.jpg?fit=1300%2C990&ssl=1","articleSection":["Elustiil"],"inLanguage":"et","potentialAction":[{"@type":"CommentAction","name":"Comment","target":["https:\/\/stebby.eu\/et\/statistika-ei-valeta-inimesed-pooravad-uha-rohkem-enda-tervisele-tahelepanu\/#respond"]}]},{"@type":"WebPage","@id":"https:\/\/stebby.eu\/et\/statistika-ei-valeta-inimesed-pooravad-uha-rohkem-enda-tervisele-tahelepanu\/","url":"https:\/\/stebby.eu\/et\/statistika-ei-valeta-inimesed-pooravad-uha-rohkem-enda-tervisele-tahelepanu\/","name":"Statistika ei valeta: inimesed p\u00f6\u00f6ravad \u00fcha rohkem enda tervisele t\u00e4helepanu - Stebby","isPartOf":{"@id":"https:\/\/stebby.eu\/#website"},"primaryImageOfPage":{"@id":"https:\/\/stebby.eu\/et\/statistika-ei-valeta-inimesed-pooravad-uha-rohkem-enda-tervisele-tahelepanu\/#primaryimage"},"image":{"@id":"https:\/\/stebby.eu\/et\/statistika-ei-valeta-inimesed-pooravad-uha-rohkem-enda-tervisele-tahelepanu\/#primaryimage"},"thumbnailUrl":"https:\/\/i0.wp.com\/stebby.eu\/wp-content\/uploads\/2020\/10\/b-p-s25-4726.jpg?fit=1300%2C990&ssl=1","datePublished":"2020-10-05T08:46:00+00:00","dateModified":"2020-10-19T12:50:04+00:00","breadcrumb":{"@id":"https:\/\/stebby.eu\/et\/statistika-ei-valeta-inimesed-pooravad-uha-rohkem-enda-tervisele-tahelepanu\/#breadcrumb"},"inLanguage":"et","potentialAction":[{"@type":"ReadAction","target":["https:\/\/stebby.eu\/et\/statistika-ei-valeta-inimesed-pooravad-uha-rohkem-enda-tervisele-tahelepanu\/"]}]},{"@type":"ImageObject","inLanguage":"et","@id":"https:\/\/stebby.eu\/et\/statistika-ei-valeta-inimesed-pooravad-uha-rohkem-enda-tervisele-tahelepanu\/#primaryimage","url":"https:\/\/i0.wp.com\/stebby.eu\/wp-content\/uploads\/2020\/10\/b-p-s25-4726.jpg?fit=1300%2C990&ssl=1","contentUrl":"https:\/\/i0.wp.com\/stebby.eu\/wp-content\/uploads\/2020\/10\/b-p-s25-4726.jpg?fit=1300%2C990&ssl=1","width":1300,"height":990},{"@type":"BreadcrumbList","@id":"https:\/\/stebby.eu\/et\/statistika-ei-valeta-inimesed-pooravad-uha-rohkem-enda-tervisele-tahelepanu\/#breadcrumb","itemListElement":[{"@type":"ListItem","position":1,"name":"Home","item":"https:\/\/stebby.eu\/et\/"},{"@type":"ListItem","position":2,"name":"Statistika ei valeta: inimesed p\u00f6\u00f6ravad \u00fcha rohkem enda tervisele t\u00e4helepanu"}]},{"@type":"WebSite","@id":"https:\/\/stebby.eu\/#website","url":"https:\/\/stebby.eu\/","name":"Stebby","description":"","publisher":{"@id":"https:\/\/stebby.eu\/#organization"},"potentialAction":[{"@type":"SearchAction","target":{"@type":"EntryPoint","urlTemplate":"https:\/\/stebby.eu\/?s={search_term_string}"},"query-input":{"@type":"PropertyValueSpecification","valueRequired":true,"valueName":"search_term_string"}}],"inLanguage":"et"},{"@type":"Organization","@id":"https:\/\/stebby.eu\/#organization","name":"Stebby","url":"https:\/\/stebby.eu\/","logo":{"@type":"ImageObject","inLanguage":"et","@id":"https:\/\/stebby.eu\/#\/schema\/logo\/image\/","url":"https:\/\/stebby.eu\/wp-content\/uploads\/2020\/10\/stebby3-1.png","contentUrl":"https:\/\/stebby.eu\/wp-content\/uploads\/2020\/10\/stebby3-1.png","width":256,"height":256,"caption":"Stebby"},"image":{"@id":"https:\/\/stebby.eu\/#\/schema\/logo\/image\/"},"sameAs":["https:\/\/www.facebook.com\/stebby\/","https:\/\/instagram.com\/stebby.eesti","https:\/\/www.linkedin.com\/company\/stebby\/"]},{"@type":"Person","@id":"https:\/\/stebby.eu\/#\/schema\/person\/d075707c7ef408365f129801314590ba","name":"Ott Pluum","image":{"@type":"ImageObject","inLanguage":"et","@id":"https:\/\/stebby.eu\/#\/schema\/person\/image\/","url":"https:\/\/secure.gravatar.com\/avatar\/46468cbf7d3c28776ed7bfc82bc18488?s=96&d=mm&r=g","contentUrl":"https:\/\/secure.gravatar.com\/avatar\/46468cbf7d3c28776ed7bfc82bc18488?s=96&d=mm&r=g","caption":"Ott Pluum"},"url":"https:\/\/stebby.eu\/et\/author\/ottpluum\/"}]}},"jetpack_featured_media_url":"https:\/\/i0.wp.com\/stebby.eu\/wp-content\/uploads\/2020\/10\/b-p-s25-4726.jpg?fit=1300%2C990&ssl=1","jetpack_sharing_enabled":true,"_links":{"self":[{"href":"https:\/\/stebby.eu\/et\/wp-json\/wp\/v2\/posts\/5849","targetHints":{"allow":["GET"]}}],"collection":[{"href":"https:\/\/stebby.eu\/et\/wp-json\/wp\/v2\/posts"}],"about":[{"href":"https:\/\/stebby.eu\/et\/wp-json\/wp\/v2\/types\/post"}],"author":[{"embeddable":true,"href":"https:\/\/stebby.eu\/et\/wp-json\/wp\/v2\/users\/8"}],"replies":[{"embeddable":true,"href":"https:\/\/stebby.eu\/et\/wp-json\/wp\/v2\/comments?post=5849"}],"version-history":[{"count":2,"href":"https:\/\/stebby.eu\/et\/wp-json\/wp\/v2\/posts\/5849\/revisions"}],"predecessor-version":[{"id":5861,"href":"https:\/\/stebby.eu\/et\/wp-json\/wp\/v2\/posts\/5849\/revisions\/5861"}],"wp:featuredmedia":[{"embeddable":true,"href":"https:\/\/stebby.eu\/et\/wp-json\/wp\/v2\/media\/5850"}],"wp:attachment":[{"href":"https:\/\/stebby.eu\/et\/wp-json\/wp\/v2\/media?parent=5849"}],"wp:term":[{"taxonomy":"category","embeddable":true,"href":"https:\/\/stebby.eu\/et\/wp-json\/wp\/v2\/categories?post=5849"},{"taxonomy":"post_tag","embeddable":true,"href":"https:\/\/stebby.eu\/et\/wp-json\/wp\/v2\/tags?post=5849"}],"curies":[{"name":"wp","href":"https:\/\/api.w.org\/{rel}","templated":true}]}}