{"id":9537,"date":"2021-10-18T08:52:51","date_gmt":"2021-10-18T08:52:51","guid":{"rendered":"https:\/\/stebby.eu\/?p=9537"},"modified":"2021-10-18T08:52:52","modified_gmt":"2021-10-18T08:52:52","slug":"kuidas-hoida-too-ja-eraelu-tasakaalus","status":"publish","type":"post","link":"https:\/\/stebby.eu\/et\/kuidas-hoida-too-ja-eraelu-tasakaalus\/","title":{"rendered":"Kuidas hoida t\u00f6\u00f6- ja eraelu tasakaalus?"},"content":{"rendered":"\n<p>Kust algab kodu, kust algab t\u00f6\u00f6 &#8211; just need piirid v\u00f5ivad kaugt\u00f6\u00f6 tegijatel tahtmatult h\u00e4gustuda. Sellise t\u00f6\u00f6korralduse puhul kanduvad t\u00f6\u00f6pinged eraellu ning tekib v\u00f5imetus end v\u00e4lja l\u00fclitada. Sellega kaasnevad l\u00f5puks raskused l\u00f5dvestumisel just siis, kui on aeg keskenduda iseendale.\u00a0<\/p>\n\n\n\n<p>T\u00f6\u00f6- ja eraelu heaolu m\u00e4\u00e4ratletakse kui v\u00f5imet leida erinevates eluvaldkondades tasakaal ja tunda end igap\u00e4evaselt h\u00e4sti. Selline tasakaal on eriti oluline ning seotud meie vaimse tervise ja heaoluga. Teadlane Lunau ja tema kolleegid (2014) leidsid Euroopa erinevaid t\u00f6\u00f6tajaid uurides, et halb t\u00f6\u00f6- ja eraelu tasakaal on seotud tervise ja vaimse heaolu langusega. Kuigi kaugt\u00f6\u00f6 on seotud v\u00f5imalustega olla paindlik ja iseseisev, siis ei ole see alati lihtne, kui puuduvad selleks sobivad tingimused. Nagu uuringud n\u00e4itavad, v\u00f5ib kaugt\u00f6\u00f6 t\u00e4hendada rohkem eraldatust ja v\u00e4hem koost\u00f6\u00f6d (Siquire, Dias &amp; Medeiros, 2019). Teisest k\u00fcljest on sellel ka eeliseid, n\u00e4iteks v\u00f5imalus s\u00e4\u00e4sta aega, mil peaksid t\u00f6\u00f6 ja elukoha vahel pendelr\u00e4ndama (Weikle, 2018).<\/p>\n\n\n\n<p><strong>Kuidas v\u00f5tta kaugt\u00f6\u00f6st maksimum, s\u00e4ilitada rahulolu ning toimida nii, et t\u00f6\u00f6- ja eraelu rollid ei seguneks? <\/strong>Oletame, et seome oma t\u00f6\u00f6 isikliku eluga &#8211; sellisel juhul v\u00f5ib meil tekkida probleeme piiride seadmise ja vajaliku &#8220;iseenda&#8221; aja leidmisega. <\/p>\n\n\n\n<p>T\u00f6\u00f6- ja eraelu tasakaalu s\u00e4ilitamiseks on kriitilised just need neli faktorit (Cooksey &amp; Mcdonald, 2019):<\/p>\n\n\n\n<ul class=\"wp-block-list\"><li><strong>Vaimne heaolu<\/strong>. Stressi \u00e4ratundmine ja juhtimine;<\/li><li><strong>F\u00fc\u00fcsiline tervis. <\/strong>T\u00e4helepanu p\u00f6\u00f6ramine meie toitumisharjumustele, tervisen\u00e4itajatele, treeningule ja puhkamisele;<\/li><li><strong>Sotsiaalne suhtlus<\/strong>. Suhtlemine inimestega, kellest me hoolime;<\/li><li><strong>Hingeline heaolu.<\/strong> Osalemine tegevustes, mis \u00fchendavad meie sisemist mina ja maailma (nt meditatsioon, visualiseerimine).<\/li><\/ul>\n\n\n\n<h4 class=\"wp-block-heading\"><strong>Miks on oluline s\u00e4ilitada t\u00f6\u00f6- ja eraelu tasakaal?<\/strong><\/h4>\n\n\n\n<p>Oluline on \u00e4ra tunda seos ebatervisliku ja tasakaalustamata eluviisi ning efektiivsuse v\u00e4henemise ja soovitud tulemuste langemise vahel. T\u00f6\u00f6- ja eraelu tasakaalu kaotamine v\u00f5ib l\u00e4mmatada suutlikkuse saavutada soovitud tulemusi, p\u00e4rssides samal ajal meie motivatsiooni. T\u00f6\u00f6- ja eraelu tasakaalu otsimine t\u00e4hendabki piiride seadmist. Vastasel juhul v\u00f5ite kogeda l\u00e4bip\u00f5lemist ja m\u00f5elda, miks on motivatsioon ja huvi t\u00f6\u00f6 vastu kadunud.<\/p>\n\n\n\n<h4 class=\"wp-block-heading\"><strong>&nbsp;Kuidas hoolitseda nelja erineva faktori eest?<\/strong><\/h4>\n\n\n\n<ul class=\"wp-block-list\"><li><strong>Vaimne heaolu<\/strong><\/li><\/ul>\n\n\n\n<p>T\u00f6\u00f6- ja eraelu tasakaalu vaimne faktor on seotud meie emotsionaalse heaoluga. Emotsioonid v\u00f5ivad h\u00f5lmata kogu\u00a0 spektrit, kus m\u00f5ned neist on meeldivamad, m\u00f5ned aga v\u00e4hem. Ebameeldivad emotsioonid v\u00f5ivad meie sooritust p\u00e4rssida, mille tulemuseks on langenud efektiivsus, \u00dcks v\u00f5imalik viis on valida v\u00e4lja p\u00e4ev, mil soovite l\u00f5\u00f5gastuda ja t\u00f6\u00f6lt pausi teha &#8211; nii saate aega varuda asjade jaoks, mida armastate muul ajal teha. Teine v\u00f5imalus on anal\u00fc\u00fcsida ja j\u00e4rele m\u00f5elda, mis v\u00f5ib neid ebameeldivaid emotsioone tekitada. Esiteks tehke kindlaks ebameeldivad emotsioonid, m\u00f5elge nende p\u00f5hjust peale ning isoleerige need teistest. Kui negatiivse emotsiooni p\u00f5hjus ei ole teie kontrolli all, siis tunnistage lihtsalt selle olemasolu ning \u00fcritage leida selles siiski m\u00f5ni hea k\u00fclg.<\/p>\n\n\n\n<ul class=\"wp-block-list\"><li><strong>F\u00fc\u00fcsiline tervis<\/strong><\/li><\/ul>\n\n\n\n<p>Tasakaalustatud immuuns\u00fcsteemi s\u00e4ilitamiseks s\u00f6\u00f6ge korralikult, magage piisavalt ning v\u00e4ltige stimulantide tarbimist.<\/p>\n\n\n\n<ul class=\"wp-block-list\"><li><strong>Sotsiaalne suhtlus<\/strong><\/li><\/ul>\n\n\n\n<p>Kui me ei saa suhelda oma l\u00e4hedastega, tunneme end sageli isoleerituna ja \u00fcksildasena. Sotsiaalsel toetusel on suur roll meie elule ja stressitekitajatele. Uuringud n\u00e4itavad, et suhete s\u00e4ilitamise ja sotsiaalse toetuse saamine oli eriti oluline l\u00e4bip\u00f5lemise t\u00f5en\u00e4osuse v\u00e4hendamiseks (Kim jt, 2018). Arvestades t\u00f6\u00f6- ja eraelu piire, peame meeles pidama, et suhted on nagu taimed &#8211; nende eest tuleb regulaarselt hoolt kanda. Pidage meeles r\u00e4\u00e4kida oma l\u00e4hedastega ja p\u00f6\u00f6rake ka neile piisavalt t\u00e4helepanu.\u00a0<\/p>\n\n\n\n<ul class=\"wp-block-list\"><li><strong>Hingeline heaolu<\/strong><\/li><\/ul>\n\n\n\n<p>Kas olete kunagi vaadanud ilusat pilti, nautinud suurep\u00e4rast vaadet v\u00f5i kuulanud muusikat, millest tulenevalt tekib sees mingisugune heaolutunne? Sellise kogemuse puhul olete suhelnud oma vaimse sisemise minaga. M\u00f5ne jaoks tekib see m\u00f5ne imelise vaate jaoks m\u00e4est \u00fcles matkates, samas kui teiste jaoks v\u00f5ib see olla lihtsalt omaette vaikne ajaveetmine, muusika kuulamine v\u00f5i segi mediteerimine. Sisemise minaga \u00fchenduse leidmiseks ei ole vaja palju aega, kuid see v\u00f5ib aidata meid palju edasi.<\/p>\n\n\n\n<p>\u00dcldiselt on heaolu meie tulevase edu kriitiline tegur. Kui kaasame need neli faktorit meie kaugt\u00f6\u00f6sse, siis saab saavutada ka maksimaalse kasu. Oluline on mainida, et \u00fche v\u00f5i kahe aspekti eest hoolitsemisest ei piisa &#8211; maksimaalse tulemuse jaoks on vaja\u00a0kasutada k\u00f5iki v\u00f5imalusi. <\/p>\n\n\n\n<p><em><strong>Loo autor ja allikas <a href=\"https:\/\/www.mindletic.com\/\" target=\"_blank\" rel=\"noreferrer noopener\">Mindletic<\/a><\/strong><\/em><\/p>\n\n\n\n<figure class=\"wp-block-image size-large\"><img data-recalc-dims=\"1\" loading=\"lazy\" decoding=\"async\" width=\"1920\" height=\"754\" src=\"https:\/\/i0.wp.com\/stebby.eu\/wp-content\/uploads\/2021\/10\/Mindletic1.png?resize=1920%2C754&#038;ssl=1\" alt=\"\" class=\"wp-image-9539\" srcset=\"https:\/\/i0.wp.com\/stebby.eu\/wp-content\/uploads\/2021\/10\/Mindletic1.png?resize=1920%2C754&amp;ssl=1 1920w, https:\/\/i0.wp.com\/stebby.eu\/wp-content\/uploads\/2021\/10\/Mindletic1.png?resize=768%2C302&amp;ssl=1 768w, https:\/\/i0.wp.com\/stebby.eu\/wp-content\/uploads\/2021\/10\/Mindletic1.png?resize=1536%2C603&amp;ssl=1 1536w, https:\/\/i0.wp.com\/stebby.eu\/wp-content\/uploads\/2021\/10\/Mindletic1.png?resize=2048%2C804&amp;ssl=1 2048w, https:\/\/i0.wp.com\/stebby.eu\/wp-content\/uploads\/2021\/10\/Mindletic1.png?resize=512%2C201&amp;ssl=1 512w\" sizes=\"auto, (max-width: 1920px) 100vw, 1920px\" \/><\/figure>\n\n\n\n<div class=\"wp-block-buttons is-content-justification-center is-layout-flex wp-block-buttons-is-layout-flex\">\n<div class=\"wp-block-button\"><a class=\"wp-block-button__link has-background\" href=\"https:\/\/app.stebby.eu\/pos\/mindletic\" style=\"background-color:#09d19b\" target=\"_blank\" rel=\"noreferrer noopener\">Tutvu Mindletic teenustega Stebbys ><\/a><\/div>\n<\/div>\n\n\n\n<figure class=\"wp-block-image size-large\"><a href=\"https:\/\/stebby.eu\/et\/stebby-app-on-kohal\/\"><img data-recalc-dims=\"1\" loading=\"lazy\" decoding=\"async\" width=\"1020\" height=\"300\" src=\"https:\/\/i0.wp.com\/stebby.eu\/wp-content\/uploads\/2021\/07\/Stebby_app_system-banner_1020x300px.png?resize=1020%2C300&#038;ssl=1\" alt=\"\" class=\"wp-image-8746\" srcset=\"https:\/\/i0.wp.com\/stebby.eu\/wp-content\/uploads\/2021\/07\/Stebby_app_system-banner_1020x300px.png?w=1020&amp;ssl=1 1020w, https:\/\/i0.wp.com\/stebby.eu\/wp-content\/uploads\/2021\/07\/Stebby_app_system-banner_1020x300px.png?resize=768%2C226&amp;ssl=1 768w, https:\/\/i0.wp.com\/stebby.eu\/wp-content\/uploads\/2021\/07\/Stebby_app_system-banner_1020x300px.png?resize=512%2C151&amp;ssl=1 512w\" sizes=\"auto, (max-width: 1020px) 100vw, 1020px\" \/><\/a><\/figure>\n","protected":false},"excerpt":{"rendered":"Kust algab kodu, kust algab t\u00f6\u00f6 &#8211; just need piirid v\u00f5ivad kaugt\u00f6\u00f6 tegijatel tahtmatult h\u00e4gustuda. Sellise t\u00f6\u00f6korralduse puhul kanduvad t\u00f6\u00f6pinged eraellu ning tekib v\u00f5imetus end v\u00e4lja l\u00fclitada. Sellega kaasnevad l\u00f5puks raskused l\u00f5dvestumisel just siis, kui on aeg keskenduda iseendale.\u00a0 T\u00f6\u00f6- ja eraelu heaolu m\u00e4\u00e4ratletakse kui v\u00f5imet leida erinevates eluvaldkondades tasakaal ja tunda end igap\u00e4evaselt h\u00e4sti&#8230;.","protected":false},"author":8,"featured_media":9545,"comment_status":"open","ping_status":"open","sticky":false,"template":"","format":"standard","meta":{"_jetpack_memberships_contains_paid_content":false,"footnotes":""},"categories":[29,25],"tags":[],"class_list":["post-9537","post","type-post","status-publish","format-standard","has-post-thumbnail","hentry","category-elustiil","category-tervis"],"yoast_head":"<!-- This site is optimized with the Yoast SEO plugin v26.8 - https:\/\/yoast.com\/product\/yoast-seo-wordpress\/ -->\n<title>Kuidas hoida t\u00f6\u00f6- ja eraelu tasakaalus? - Stebby<\/title>\n<meta name=\"robots\" content=\"index, follow, max-snippet:-1, max-image-preview:large, max-video-preview:-1\" \/>\n<link rel=\"canonical\" href=\"https:\/\/stebby.eu\/et\/kuidas-hoida-too-ja-eraelu-tasakaalus\/\" \/>\n<meta property=\"og:locale\" content=\"et_EE\" \/>\n<meta property=\"og:type\" content=\"article\" \/>\n<meta property=\"og:title\" content=\"Kuidas hoida t\u00f6\u00f6- ja eraelu tasakaalus? - Stebby\" \/>\n<meta property=\"og:description\" content=\"Kust algab kodu, kust algab t\u00f6\u00f6 &#8211; just need piirid v\u00f5ivad kaugt\u00f6\u00f6 tegijatel tahtmatult h\u00e4gustuda. Sellise t\u00f6\u00f6korralduse puhul kanduvad t\u00f6\u00f6pinged eraellu ning tekib v\u00f5imetus end v\u00e4lja l\u00fclitada. Sellega kaasnevad l\u00f5puks raskused l\u00f5dvestumisel just siis, kui on aeg keskenduda iseendale.\u00a0 T\u00f6\u00f6- ja eraelu heaolu m\u00e4\u00e4ratletakse kui v\u00f5imet leida erinevates eluvaldkondades tasakaal ja tunda end igap\u00e4evaselt h\u00e4sti....\" \/>\n<meta property=\"og:url\" content=\"https:\/\/stebby.eu\/et\/kuidas-hoida-too-ja-eraelu-tasakaalus\/\" \/>\n<meta property=\"og:site_name\" content=\"Stebby\" \/>\n<meta property=\"article:publisher\" content=\"https:\/\/www.facebook.com\/stebby\/\" \/>\n<meta property=\"article:published_time\" content=\"2021-10-18T08:52:51+00:00\" \/>\n<meta property=\"article:modified_time\" content=\"2021-10-18T08:52:52+00:00\" \/>\n<meta property=\"og:image\" content=\"https:\/\/stebby.eu\/wp-content\/uploads\/2021\/10\/blogi-33.png\" \/>\n\t<meta property=\"og:image:width\" content=\"642\" \/>\n\t<meta property=\"og:image:height\" content=\"362\" \/>\n\t<meta property=\"og:image:type\" content=\"image\/png\" \/>\n<meta name=\"author\" content=\"Ott Pluum\" \/>\n<meta name=\"twitter:card\" content=\"summary_large_image\" \/>\n<meta name=\"twitter:label1\" content=\"Written by\" \/>\n\t<meta name=\"twitter:data1\" content=\"Ott Pluum\" \/>\n\t<meta name=\"twitter:label2\" content=\"Est. reading time\" \/>\n\t<meta name=\"twitter:data2\" content=\"4 minutit\" \/>\n<script type=\"application\/ld+json\" class=\"yoast-schema-graph\">{\"@context\":\"https:\/\/schema.org\",\"@graph\":[{\"@type\":\"Article\",\"@id\":\"https:\/\/stebby.eu\/et\/kuidas-hoida-too-ja-eraelu-tasakaalus\/#article\",\"isPartOf\":{\"@id\":\"https:\/\/stebby.eu\/et\/kuidas-hoida-too-ja-eraelu-tasakaalus\/\"},\"author\":{\"name\":\"Ott Pluum\",\"@id\":\"https:\/\/stebby.eu\/#\/schema\/person\/d075707c7ef408365f129801314590ba\"},\"headline\":\"Kuidas hoida t\u00f6\u00f6- ja eraelu tasakaalus?\",\"datePublished\":\"2021-10-18T08:52:51+00:00\",\"dateModified\":\"2021-10-18T08:52:52+00:00\",\"mainEntityOfPage\":{\"@id\":\"https:\/\/stebby.eu\/et\/kuidas-hoida-too-ja-eraelu-tasakaalus\/\"},\"wordCount\":732,\"commentCount\":0,\"publisher\":{\"@id\":\"https:\/\/stebby.eu\/#organization\"},\"image\":{\"@id\":\"https:\/\/stebby.eu\/et\/kuidas-hoida-too-ja-eraelu-tasakaalus\/#primaryimage\"},\"thumbnailUrl\":\"https:\/\/i0.wp.com\/stebby.eu\/wp-content\/uploads\/2021\/10\/blogi-33.png?fit=642%2C362&ssl=1\",\"articleSection\":[\"Elustiil\",\"Tervis\"],\"inLanguage\":\"et\",\"potentialAction\":[{\"@type\":\"CommentAction\",\"name\":\"Comment\",\"target\":[\"https:\/\/stebby.eu\/et\/kuidas-hoida-too-ja-eraelu-tasakaalus\/#respond\"]}]},{\"@type\":\"WebPage\",\"@id\":\"https:\/\/stebby.eu\/et\/kuidas-hoida-too-ja-eraelu-tasakaalus\/\",\"url\":\"https:\/\/stebby.eu\/et\/kuidas-hoida-too-ja-eraelu-tasakaalus\/\",\"name\":\"Kuidas hoida t\u00f6\u00f6- ja eraelu tasakaalus? - Stebby\",\"isPartOf\":{\"@id\":\"https:\/\/stebby.eu\/#website\"},\"primaryImageOfPage\":{\"@id\":\"https:\/\/stebby.eu\/et\/kuidas-hoida-too-ja-eraelu-tasakaalus\/#primaryimage\"},\"image\":{\"@id\":\"https:\/\/stebby.eu\/et\/kuidas-hoida-too-ja-eraelu-tasakaalus\/#primaryimage\"},\"thumbnailUrl\":\"https:\/\/i0.wp.com\/stebby.eu\/wp-content\/uploads\/2021\/10\/blogi-33.png?fit=642%2C362&ssl=1\",\"datePublished\":\"2021-10-18T08:52:51+00:00\",\"dateModified\":\"2021-10-18T08:52:52+00:00\",\"breadcrumb\":{\"@id\":\"https:\/\/stebby.eu\/et\/kuidas-hoida-too-ja-eraelu-tasakaalus\/#breadcrumb\"},\"inLanguage\":\"et\",\"potentialAction\":[{\"@type\":\"ReadAction\",\"target\":[\"https:\/\/stebby.eu\/et\/kuidas-hoida-too-ja-eraelu-tasakaalus\/\"]}]},{\"@type\":\"ImageObject\",\"inLanguage\":\"et\",\"@id\":\"https:\/\/stebby.eu\/et\/kuidas-hoida-too-ja-eraelu-tasakaalus\/#primaryimage\",\"url\":\"https:\/\/i0.wp.com\/stebby.eu\/wp-content\/uploads\/2021\/10\/blogi-33.png?fit=642%2C362&ssl=1\",\"contentUrl\":\"https:\/\/i0.wp.com\/stebby.eu\/wp-content\/uploads\/2021\/10\/blogi-33.png?fit=642%2C362&ssl=1\",\"width\":642,\"height\":362},{\"@type\":\"BreadcrumbList\",\"@id\":\"https:\/\/stebby.eu\/et\/kuidas-hoida-too-ja-eraelu-tasakaalus\/#breadcrumb\",\"itemListElement\":[{\"@type\":\"ListItem\",\"position\":1,\"name\":\"Home\",\"item\":\"https:\/\/stebby.eu\/et\/\"},{\"@type\":\"ListItem\",\"position\":2,\"name\":\"Kuidas hoida t\u00f6\u00f6- ja eraelu tasakaalus?\"}]},{\"@type\":\"WebSite\",\"@id\":\"https:\/\/stebby.eu\/#website\",\"url\":\"https:\/\/stebby.eu\/\",\"name\":\"Stebby\",\"description\":\"\",\"publisher\":{\"@id\":\"https:\/\/stebby.eu\/#organization\"},\"potentialAction\":[{\"@type\":\"SearchAction\",\"target\":{\"@type\":\"EntryPoint\",\"urlTemplate\":\"https:\/\/stebby.eu\/?s={search_term_string}\"},\"query-input\":{\"@type\":\"PropertyValueSpecification\",\"valueRequired\":true,\"valueName\":\"search_term_string\"}}],\"inLanguage\":\"et\"},{\"@type\":\"Organization\",\"@id\":\"https:\/\/stebby.eu\/#organization\",\"name\":\"Stebby\",\"url\":\"https:\/\/stebby.eu\/\",\"logo\":{\"@type\":\"ImageObject\",\"inLanguage\":\"et\",\"@id\":\"https:\/\/stebby.eu\/#\/schema\/logo\/image\/\",\"url\":\"https:\/\/stebby.eu\/wp-content\/uploads\/2020\/10\/stebby3-1.png\",\"contentUrl\":\"https:\/\/stebby.eu\/wp-content\/uploads\/2020\/10\/stebby3-1.png\",\"width\":256,\"height\":256,\"caption\":\"Stebby\"},\"image\":{\"@id\":\"https:\/\/stebby.eu\/#\/schema\/logo\/image\/\"},\"sameAs\":[\"https:\/\/www.facebook.com\/stebby\/\",\"https:\/\/instagram.com\/stebby.eesti\",\"https:\/\/www.linkedin.com\/company\/stebby\/\"]},{\"@type\":\"Person\",\"@id\":\"https:\/\/stebby.eu\/#\/schema\/person\/d075707c7ef408365f129801314590ba\",\"name\":\"Ott Pluum\",\"image\":{\"@type\":\"ImageObject\",\"inLanguage\":\"et\",\"@id\":\"https:\/\/stebby.eu\/#\/schema\/person\/image\/\",\"url\":\"https:\/\/secure.gravatar.com\/avatar\/46468cbf7d3c28776ed7bfc82bc18488?s=96&d=mm&r=g\",\"contentUrl\":\"https:\/\/secure.gravatar.com\/avatar\/46468cbf7d3c28776ed7bfc82bc18488?s=96&d=mm&r=g\",\"caption\":\"Ott Pluum\"},\"url\":\"https:\/\/stebby.eu\/et\/author\/ottpluum\/\"}]}<\/script>\n<!-- \/ Yoast SEO plugin. -->","yoast_head_json":{"title":"Kuidas hoida t\u00f6\u00f6- ja eraelu tasakaalus? - Stebby","robots":{"index":"index","follow":"follow","max-snippet":"max-snippet:-1","max-image-preview":"max-image-preview:large","max-video-preview":"max-video-preview:-1"},"canonical":"https:\/\/stebby.eu\/et\/kuidas-hoida-too-ja-eraelu-tasakaalus\/","og_locale":"et_EE","og_type":"article","og_title":"Kuidas hoida t\u00f6\u00f6- ja eraelu tasakaalus? - Stebby","og_description":"Kust algab kodu, kust algab t\u00f6\u00f6 &#8211; just need piirid v\u00f5ivad kaugt\u00f6\u00f6 tegijatel tahtmatult h\u00e4gustuda. Sellise t\u00f6\u00f6korralduse puhul kanduvad t\u00f6\u00f6pinged eraellu ning tekib v\u00f5imetus end v\u00e4lja l\u00fclitada. Sellega kaasnevad l\u00f5puks raskused l\u00f5dvestumisel just siis, kui on aeg keskenduda iseendale.\u00a0 T\u00f6\u00f6- ja eraelu heaolu m\u00e4\u00e4ratletakse kui v\u00f5imet leida erinevates eluvaldkondades tasakaal ja tunda end igap\u00e4evaselt h\u00e4sti....","og_url":"https:\/\/stebby.eu\/et\/kuidas-hoida-too-ja-eraelu-tasakaalus\/","og_site_name":"Stebby","article_publisher":"https:\/\/www.facebook.com\/stebby\/","article_published_time":"2021-10-18T08:52:51+00:00","article_modified_time":"2021-10-18T08:52:52+00:00","og_image":[{"width":642,"height":362,"url":"https:\/\/stebby.eu\/wp-content\/uploads\/2021\/10\/blogi-33.png","type":"image\/png"}],"author":"Ott Pluum","twitter_card":"summary_large_image","twitter_misc":{"Written by":"Ott Pluum","Est. reading time":"4 minutit"},"schema":{"@context":"https:\/\/schema.org","@graph":[{"@type":"Article","@id":"https:\/\/stebby.eu\/et\/kuidas-hoida-too-ja-eraelu-tasakaalus\/#article","isPartOf":{"@id":"https:\/\/stebby.eu\/et\/kuidas-hoida-too-ja-eraelu-tasakaalus\/"},"author":{"name":"Ott Pluum","@id":"https:\/\/stebby.eu\/#\/schema\/person\/d075707c7ef408365f129801314590ba"},"headline":"Kuidas hoida t\u00f6\u00f6- ja eraelu tasakaalus?","datePublished":"2021-10-18T08:52:51+00:00","dateModified":"2021-10-18T08:52:52+00:00","mainEntityOfPage":{"@id":"https:\/\/stebby.eu\/et\/kuidas-hoida-too-ja-eraelu-tasakaalus\/"},"wordCount":732,"commentCount":0,"publisher":{"@id":"https:\/\/stebby.eu\/#organization"},"image":{"@id":"https:\/\/stebby.eu\/et\/kuidas-hoida-too-ja-eraelu-tasakaalus\/#primaryimage"},"thumbnailUrl":"https:\/\/i0.wp.com\/stebby.eu\/wp-content\/uploads\/2021\/10\/blogi-33.png?fit=642%2C362&ssl=1","articleSection":["Elustiil","Tervis"],"inLanguage":"et","potentialAction":[{"@type":"CommentAction","name":"Comment","target":["https:\/\/stebby.eu\/et\/kuidas-hoida-too-ja-eraelu-tasakaalus\/#respond"]}]},{"@type":"WebPage","@id":"https:\/\/stebby.eu\/et\/kuidas-hoida-too-ja-eraelu-tasakaalus\/","url":"https:\/\/stebby.eu\/et\/kuidas-hoida-too-ja-eraelu-tasakaalus\/","name":"Kuidas hoida t\u00f6\u00f6- ja eraelu tasakaalus? - Stebby","isPartOf":{"@id":"https:\/\/stebby.eu\/#website"},"primaryImageOfPage":{"@id":"https:\/\/stebby.eu\/et\/kuidas-hoida-too-ja-eraelu-tasakaalus\/#primaryimage"},"image":{"@id":"https:\/\/stebby.eu\/et\/kuidas-hoida-too-ja-eraelu-tasakaalus\/#primaryimage"},"thumbnailUrl":"https:\/\/i0.wp.com\/stebby.eu\/wp-content\/uploads\/2021\/10\/blogi-33.png?fit=642%2C362&ssl=1","datePublished":"2021-10-18T08:52:51+00:00","dateModified":"2021-10-18T08:52:52+00:00","breadcrumb":{"@id":"https:\/\/stebby.eu\/et\/kuidas-hoida-too-ja-eraelu-tasakaalus\/#breadcrumb"},"inLanguage":"et","potentialAction":[{"@type":"ReadAction","target":["https:\/\/stebby.eu\/et\/kuidas-hoida-too-ja-eraelu-tasakaalus\/"]}]},{"@type":"ImageObject","inLanguage":"et","@id":"https:\/\/stebby.eu\/et\/kuidas-hoida-too-ja-eraelu-tasakaalus\/#primaryimage","url":"https:\/\/i0.wp.com\/stebby.eu\/wp-content\/uploads\/2021\/10\/blogi-33.png?fit=642%2C362&ssl=1","contentUrl":"https:\/\/i0.wp.com\/stebby.eu\/wp-content\/uploads\/2021\/10\/blogi-33.png?fit=642%2C362&ssl=1","width":642,"height":362},{"@type":"BreadcrumbList","@id":"https:\/\/stebby.eu\/et\/kuidas-hoida-too-ja-eraelu-tasakaalus\/#breadcrumb","itemListElement":[{"@type":"ListItem","position":1,"name":"Home","item":"https:\/\/stebby.eu\/et\/"},{"@type":"ListItem","position":2,"name":"Kuidas hoida t\u00f6\u00f6- ja eraelu tasakaalus?"}]},{"@type":"WebSite","@id":"https:\/\/stebby.eu\/#website","url":"https:\/\/stebby.eu\/","name":"Stebby","description":"","publisher":{"@id":"https:\/\/stebby.eu\/#organization"},"potentialAction":[{"@type":"SearchAction","target":{"@type":"EntryPoint","urlTemplate":"https:\/\/stebby.eu\/?s={search_term_string}"},"query-input":{"@type":"PropertyValueSpecification","valueRequired":true,"valueName":"search_term_string"}}],"inLanguage":"et"},{"@type":"Organization","@id":"https:\/\/stebby.eu\/#organization","name":"Stebby","url":"https:\/\/stebby.eu\/","logo":{"@type":"ImageObject","inLanguage":"et","@id":"https:\/\/stebby.eu\/#\/schema\/logo\/image\/","url":"https:\/\/stebby.eu\/wp-content\/uploads\/2020\/10\/stebby3-1.png","contentUrl":"https:\/\/stebby.eu\/wp-content\/uploads\/2020\/10\/stebby3-1.png","width":256,"height":256,"caption":"Stebby"},"image":{"@id":"https:\/\/stebby.eu\/#\/schema\/logo\/image\/"},"sameAs":["https:\/\/www.facebook.com\/stebby\/","https:\/\/instagram.com\/stebby.eesti","https:\/\/www.linkedin.com\/company\/stebby\/"]},{"@type":"Person","@id":"https:\/\/stebby.eu\/#\/schema\/person\/d075707c7ef408365f129801314590ba","name":"Ott Pluum","image":{"@type":"ImageObject","inLanguage":"et","@id":"https:\/\/stebby.eu\/#\/schema\/person\/image\/","url":"https:\/\/secure.gravatar.com\/avatar\/46468cbf7d3c28776ed7bfc82bc18488?s=96&d=mm&r=g","contentUrl":"https:\/\/secure.gravatar.com\/avatar\/46468cbf7d3c28776ed7bfc82bc18488?s=96&d=mm&r=g","caption":"Ott Pluum"},"url":"https:\/\/stebby.eu\/et\/author\/ottpluum\/"}]}},"jetpack_featured_media_url":"https:\/\/i0.wp.com\/stebby.eu\/wp-content\/uploads\/2021\/10\/blogi-33.png?fit=642%2C362&ssl=1","jetpack_sharing_enabled":true,"_links":{"self":[{"href":"https:\/\/stebby.eu\/et\/wp-json\/wp\/v2\/posts\/9537","targetHints":{"allow":["GET"]}}],"collection":[{"href":"https:\/\/stebby.eu\/et\/wp-json\/wp\/v2\/posts"}],"about":[{"href":"https:\/\/stebby.eu\/et\/wp-json\/wp\/v2\/types\/post"}],"author":[{"embeddable":true,"href":"https:\/\/stebby.eu\/et\/wp-json\/wp\/v2\/users\/8"}],"replies":[{"embeddable":true,"href":"https:\/\/stebby.eu\/et\/wp-json\/wp\/v2\/comments?post=9537"}],"version-history":[{"count":3,"href":"https:\/\/stebby.eu\/et\/wp-json\/wp\/v2\/posts\/9537\/revisions"}],"predecessor-version":[{"id":9550,"href":"https:\/\/stebby.eu\/et\/wp-json\/wp\/v2\/posts\/9537\/revisions\/9550"}],"wp:featuredmedia":[{"embeddable":true,"href":"https:\/\/stebby.eu\/et\/wp-json\/wp\/v2\/media\/9545"}],"wp:attachment":[{"href":"https:\/\/stebby.eu\/et\/wp-json\/wp\/v2\/media?parent=9537"}],"wp:term":[{"taxonomy":"category","embeddable":true,"href":"https:\/\/stebby.eu\/et\/wp-json\/wp\/v2\/categories?post=9537"},{"taxonomy":"post_tag","embeddable":true,"href":"https:\/\/stebby.eu\/et\/wp-json\/wp\/v2\/tags?post=9537"}],"curies":[{"name":"wp","href":"https:\/\/api.w.org\/{rel}","templated":true}]}}