{"id":10943,"date":"2022-02-28T10:38:47","date_gmt":"2022-02-28T10:38:47","guid":{"rendered":"https:\/\/stebby.eu\/lets-support-ukraine-together\/"},"modified":"2022-05-31T10:50:48","modified_gmt":"2022-05-31T10:50:48","slug":"lets-support-ukraine-together","status":"publish","type":"post","link":"https:\/\/stebby.eu\/lt\/lets-support-ukraine-together\/","title":{"rendered":"Remkime Ukrain\u0105 kartu!"},"content":{"rendered":"\n<p><strong>Stebby visada siekia skleisti gerov\u0119 ir ger\u0105 savijaut\u0105 tiems, kuriems to reikia.<\/strong> Dabar at\u0117jo metas tai daryti kartu! \u0160imtai t\u016bkstan\u010di\u0173 Ukrainos gyventoj\u0173 b\u0117ga i\u0161 savo miest\u0173 ir valstyb\u0117s, ne\u017einodami, ar kada nors gal\u0117s gr\u012f\u017eti namo. Nors atrodo sud\u0117tinga fizi\u0161kai pad\u0117ti \u0161iems \u017emon\u0117ms, beveik kiekvienas m\u016bs\u0173 gali tai padaryti.<\/p>\n\n\n\n<p>Kiekvienoje Baltijos \u0161alyje surinkome oficialius gidus ir tinklalapius, per kuriuos galima pad\u0117ti nekaltiems \u017emon\u0117ms, ken\u010diantiems nuo \u0161io brutalaus karo. Kartu galime suteikti jiems nauj\u0105 vilt\u012f sulaukti \u0161viesesn\u0117s ateities. Jeigu manote, kad pinigin\u0117s aukos nepakanka ar neturite tokios galimyb\u0117s, visada galite pasi\u016blyti \u0161ioms organizacijoms savo laik\u0105, \u017einias ir paslaugas \u2013 svarbi bet kokia pagalba, kad ir nedidel\u0117.<\/p>\n\n\n\n<p>Raudonajam Kry\u017eiui Baltijos \u0161alyse mes jau paaukojome 10 000 eur\u0173, kurie bus skirti skubiems, neatid\u0117liotiniems poreikiams. Be to, ir toliau nuolat ie\u0161kosime b\u016bd\u0173 prisid\u0117ti prie bendros Ukrainos \u017emoni\u0173 gerov\u0117s dabar ir ateityje. Ir \u0161is tekstas yra pirmas \u017eingsnis, u\u017etikrinantis informacin\u012f sraut\u0105 ir skleid\u017eiantis paramos \u017eini\u0105.<\/p>\n\n\n\n<p>Bet nepamir\u0161kite ir savo sveikatos. Jeigu jau\u010diat\u0117s slegiami informacijos gausos ir emocin\u0117s na\u0161tos, pails\u0117kite. Praskaidrinkite mintis i\u0161eidami \u012f lauk\u0105 ar pasikraukite energijos pab\u016bdami su \u0161eima. J\u016bs\u0173 gerov\u0117 yra raktas \u012f gerov\u0117s skleidim\u0105 kitiems.<\/p>\n\n\n\n<h4 class=\"has-text-color wp-block-heading\" style=\"color:#09d19b\">LIETUVA<\/h4>\n\n\n\n<p>Humanitarin\u0117 pagalba ir aukos: <a href=\"https:\/\/www.blue-yellow.lt\/\">https:\/\/www.blue-yellow.lt<\/a><\/p>\n\n\n\n<p>Raudonojo Kry\u017eiaus aukos: <a href=\"https:\/\/www.aukok.lt\/projektai\/Musu-sirdys-ir-rankos-Ukrainai\">https:\/\/www.aukok.lt\/projektai\/Musu-sirdys-ir-rankos-Ukrainai<\/a><\/p>\n\n\n\n<p>Caritas humanitarin\u0117 pagalba: <a href=\"https:\/\/vilnius.caritas.lt\/pagalba-ukrainieciams\">https:\/\/vilnius.caritas.lt\/pagalba-ukrainieciams<\/a><\/p>\n\n\n\n<p>Nacionalinis savanori\u0173 pagalbos koordinavimo centras: <a href=\"https:\/\/stipruskartu.lt\/\">https:\/\/stipruskartu.lt<\/a><\/p>\n\n\n\n<h4 class=\"has-text-color wp-block-heading\" style=\"color:#09d19b\">LATVIJA<\/h4>\n\n\n\n<p>Sutelktin\u0117s aukos Ukrainai: <a href=\"https:\/\/www.ziedot.lv\/ukrainas-cilvekiem-4203\">https:\/\/www.ziedot.lv\/ukrainas-cilvekiem-4203<\/a><\/p>\n\n\n\n<p>Raudonasis Kry\u017eius: <a href=\"https:\/\/www.redcross.lv\/brunotais-konfilkts-ukraina-sarkanais-krusts-sniedz-palidzibu-cietusajiem\">https:\/\/www.redcross.lv\/brunotais-konfilkts-ukraina-sarkanais-krusts-sniedz-palidzibu-cietusajiem<\/a><\/p>\n\n\n\n<p>\u012emoni\u0173 aukos: <a href=\"http:\/\/ej.uz\/Ukrainai\">ej.uz\/Ukrainai<\/a><\/p>\n\n\n\n<p>\u012emon\u0117s, pasirengusios \u012fdarbinti pab\u0117g\u0117lius: <a href=\"http:\/\/ej.uz\/vakancescilvekiemnoukrainas\">ej.uz\/vakancescilvekiemnoukrainas<\/a><\/p>\n\n\n\n<p>Pagalba pab\u0117g\u0117liams ir savanoryst\u0117: <a href=\"https:\/\/ukraine-latvia.com\/\">https:\/\/ukraine-latvia.com<\/a>; <a href=\"http:\/\/ej.uz\/atbalstscilvekiemnoukrainas\">ej.uz\/atbalstscilvekiemnoukrainas<\/a><\/p>\n\n\n\n<h4 class=\"has-text-color wp-block-heading\" style=\"color:#09d19b\">ESTIJA<\/h4>\n\n\n\n<p>Bendra informacija kaip pad\u0117ti Ukrainai: <a href=\"https:\/\/www.ukrainaheaks.ee\/\">https:\/\/www.ukrainaheaks.ee<\/a><\/p>\n\n\n\n<p>Raudonasis Kry\u017eius: <a href=\"https:\/\/redcross.ee\/anneta\/ukraina\">https:\/\/redcross.ee\/anneta\/ukraina<\/a><\/p>\n\n\n\n<p>Savanoryst\u0117 ir pagalba: <a href=\"https:\/\/www.pagulasabi.ee\/en\/help-ukraine\">https:\/\/www.pagulasabi.ee\/en\/help-ukraine<\/a><\/p>\n","protected":false},"excerpt":{"rendered":"Stebby visada siekia skleisti gerov\u0119 ir ger\u0105 savijaut\u0105 tiems, kuriems to reikia. Dabar at\u0117jo metas tai daryti kartu! \u0160imtai t\u016bkstan\u010di\u0173 Ukrainos gyventoj\u0173 b\u0117ga i\u0161 savo miest\u0173 ir valstyb\u0117s, ne\u017einodami, ar kada nors gal\u0117s gr\u012f\u017eti namo. Nors atrodo sud\u0117tinga fizi\u0161kai pad\u0117ti \u0161iems \u017emon\u0117ms, beveik kiekvienas m\u016bs\u0173 gali tai padaryti. Kiekvienoje Baltijos \u0161alyje surinkome oficialius gidus ir&#8230;","protected":false},"author":8,"featured_media":10932,"comment_status":"open","ping_status":"open","sticky":false,"template":"","format":"standard","meta":{"_jetpack_memberships_contains_paid_content":false,"footnotes":""},"categories":[68],"tags":[],"class_list":["post-10943","post","type-post","status-publish","format-standard","has-post-thumbnail","hentry","category-sveikatingumo-naujienos"],"yoast_head":"<!-- This site is optimized with the Yoast SEO plugin v26.8 - https:\/\/yoast.com\/product\/yoast-seo-wordpress\/ -->\n<title>Remkime Ukrain\u0105 kartu! - Stebby<\/title>\n<meta name=\"robots\" content=\"index, follow, max-snippet:-1, max-image-preview:large, max-video-preview:-1\" \/>\n<link rel=\"canonical\" href=\"https:\/\/stebby.eu\/lt\/lets-support-ukraine-together\/\" \/>\n<meta property=\"og:locale\" content=\"lt_LT\" \/>\n<meta property=\"og:type\" content=\"article\" \/>\n<meta property=\"og:title\" content=\"Remkime Ukrain\u0105 kartu! - Stebby\" \/>\n<meta property=\"og:description\" content=\"Stebby visada siekia skleisti gerov\u0119 ir ger\u0105 savijaut\u0105 tiems, kuriems to reikia. Dabar at\u0117jo metas tai daryti kartu! \u0160imtai t\u016bkstan\u010di\u0173 Ukrainos gyventoj\u0173 b\u0117ga i\u0161 savo miest\u0173 ir valstyb\u0117s, ne\u017einodami, ar kada nors gal\u0117s gr\u012f\u017eti namo. Nors atrodo sud\u0117tinga fizi\u0161kai pad\u0117ti \u0161iems \u017emon\u0117ms, beveik kiekvienas m\u016bs\u0173 gali tai padaryti. Kiekvienoje Baltijos \u0161alyje surinkome oficialius gidus ir...\" \/>\n<meta property=\"og:url\" content=\"https:\/\/stebby.eu\/lt\/lets-support-ukraine-together\/\" \/>\n<meta property=\"og:site_name\" content=\"Stebby\" \/>\n<meta property=\"article:publisher\" content=\"https:\/\/www.facebook.com\/stebby\/\" \/>\n<meta property=\"article:published_time\" content=\"2022-02-28T10:38:47+00:00\" \/>\n<meta property=\"article:modified_time\" content=\"2022-05-31T10:50:48+00:00\" \/>\n<meta property=\"og:image\" content=\"https:\/\/stebby.eu\/wp-content\/uploads\/2022\/02\/Image-from-iOS-17-1.png\" \/>\n\t<meta property=\"og:image:width\" content=\"1200\" \/>\n\t<meta property=\"og:image:height\" content=\"1200\" \/>\n\t<meta property=\"og:image:type\" content=\"image\/png\" \/>\n<meta name=\"author\" content=\"Ott Pluum\" \/>\n<meta name=\"twitter:card\" content=\"summary_large_image\" \/>\n<meta name=\"twitter:label1\" content=\"Written by\" \/>\n\t<meta name=\"twitter:data1\" content=\"Ott Pluum\" \/>\n\t<meta name=\"twitter:label2\" content=\"Est. reading time\" \/>\n\t<meta name=\"twitter:data2\" content=\"2 minut\u0117s\" \/>\n<script type=\"application\/ld+json\" class=\"yoast-schema-graph\">{\"@context\":\"https:\/\/schema.org\",\"@graph\":[{\"@type\":\"Article\",\"@id\":\"https:\/\/stebby.eu\/lt\/lets-support-ukraine-together\/#article\",\"isPartOf\":{\"@id\":\"https:\/\/stebby.eu\/lt\/lets-support-ukraine-together\/\"},\"author\":{\"name\":\"Ott Pluum\",\"@id\":\"https:\/\/stebby.eu\/#\/schema\/person\/d075707c7ef408365f129801314590ba\"},\"headline\":\"Remkime Ukrain\u0105 kartu!\",\"datePublished\":\"2022-02-28T10:38:47+00:00\",\"dateModified\":\"2022-05-31T10:50:48+00:00\",\"mainEntityOfPage\":{\"@id\":\"https:\/\/stebby.eu\/lt\/lets-support-ukraine-together\/\"},\"wordCount\":326,\"commentCount\":0,\"publisher\":{\"@id\":\"https:\/\/stebby.eu\/#organization\"},\"image\":{\"@id\":\"https:\/\/stebby.eu\/lt\/lets-support-ukraine-together\/#primaryimage\"},\"thumbnailUrl\":\"https:\/\/i0.wp.com\/stebby.eu\/wp-content\/uploads\/2022\/02\/Image-from-iOS-17-1.png?fit=1200%2C1200&ssl=1\",\"articleSection\":[\"Aktuali informacija\"],\"inLanguage\":\"lt-LT\",\"potentialAction\":[{\"@type\":\"CommentAction\",\"name\":\"Comment\",\"target\":[\"https:\/\/stebby.eu\/lt\/lets-support-ukraine-together\/#respond\"]}]},{\"@type\":\"WebPage\",\"@id\":\"https:\/\/stebby.eu\/lt\/lets-support-ukraine-together\/\",\"url\":\"https:\/\/stebby.eu\/lt\/lets-support-ukraine-together\/\",\"name\":\"Remkime Ukrain\u0105 kartu! - Stebby\",\"isPartOf\":{\"@id\":\"https:\/\/stebby.eu\/#website\"},\"primaryImageOfPage\":{\"@id\":\"https:\/\/stebby.eu\/lt\/lets-support-ukraine-together\/#primaryimage\"},\"image\":{\"@id\":\"https:\/\/stebby.eu\/lt\/lets-support-ukraine-together\/#primaryimage\"},\"thumbnailUrl\":\"https:\/\/i0.wp.com\/stebby.eu\/wp-content\/uploads\/2022\/02\/Image-from-iOS-17-1.png?fit=1200%2C1200&ssl=1\",\"datePublished\":\"2022-02-28T10:38:47+00:00\",\"dateModified\":\"2022-05-31T10:50:48+00:00\",\"breadcrumb\":{\"@id\":\"https:\/\/stebby.eu\/lt\/lets-support-ukraine-together\/#breadcrumb\"},\"inLanguage\":\"lt-LT\",\"potentialAction\":[{\"@type\":\"ReadAction\",\"target\":[\"https:\/\/stebby.eu\/lt\/lets-support-ukraine-together\/\"]}]},{\"@type\":\"ImageObject\",\"inLanguage\":\"lt-LT\",\"@id\":\"https:\/\/stebby.eu\/lt\/lets-support-ukraine-together\/#primaryimage\",\"url\":\"https:\/\/i0.wp.com\/stebby.eu\/wp-content\/uploads\/2022\/02\/Image-from-iOS-17-1.png?fit=1200%2C1200&ssl=1\",\"contentUrl\":\"https:\/\/i0.wp.com\/stebby.eu\/wp-content\/uploads\/2022\/02\/Image-from-iOS-17-1.png?fit=1200%2C1200&ssl=1\",\"width\":1200,\"height\":1200},{\"@type\":\"BreadcrumbList\",\"@id\":\"https:\/\/stebby.eu\/lt\/lets-support-ukraine-together\/#breadcrumb\",\"itemListElement\":[{\"@type\":\"ListItem\",\"position\":1,\"name\":\"Home\",\"item\":\"https:\/\/stebby.eu\/lt\/\"},{\"@type\":\"ListItem\",\"position\":2,\"name\":\"Remkime Ukrain\u0105 kartu!\"}]},{\"@type\":\"WebSite\",\"@id\":\"https:\/\/stebby.eu\/#website\",\"url\":\"https:\/\/stebby.eu\/\",\"name\":\"Stebby\",\"description\":\"\",\"publisher\":{\"@id\":\"https:\/\/stebby.eu\/#organization\"},\"potentialAction\":[{\"@type\":\"SearchAction\",\"target\":{\"@type\":\"EntryPoint\",\"urlTemplate\":\"https:\/\/stebby.eu\/?s={search_term_string}\"},\"query-input\":{\"@type\":\"PropertyValueSpecification\",\"valueRequired\":true,\"valueName\":\"search_term_string\"}}],\"inLanguage\":\"lt-LT\"},{\"@type\":\"Organization\",\"@id\":\"https:\/\/stebby.eu\/#organization\",\"name\":\"Stebby\",\"url\":\"https:\/\/stebby.eu\/\",\"logo\":{\"@type\":\"ImageObject\",\"inLanguage\":\"lt-LT\",\"@id\":\"https:\/\/stebby.eu\/#\/schema\/logo\/image\/\",\"url\":\"https:\/\/stebby.eu\/wp-content\/uploads\/2020\/10\/stebby3-1.png\",\"contentUrl\":\"https:\/\/stebby.eu\/wp-content\/uploads\/2020\/10\/stebby3-1.png\",\"width\":256,\"height\":256,\"caption\":\"Stebby\"},\"image\":{\"@id\":\"https:\/\/stebby.eu\/#\/schema\/logo\/image\/\"},\"sameAs\":[\"https:\/\/www.facebook.com\/stebby\/\",\"https:\/\/instagram.com\/stebby.eesti\",\"https:\/\/www.linkedin.com\/company\/stebby\/\"]},{\"@type\":\"Person\",\"@id\":\"https:\/\/stebby.eu\/#\/schema\/person\/d075707c7ef408365f129801314590ba\",\"name\":\"Ott Pluum\",\"image\":{\"@type\":\"ImageObject\",\"inLanguage\":\"lt-LT\",\"@id\":\"https:\/\/stebby.eu\/#\/schema\/person\/image\/\",\"url\":\"https:\/\/secure.gravatar.com\/avatar\/46468cbf7d3c28776ed7bfc82bc18488?s=96&d=mm&r=g\",\"contentUrl\":\"https:\/\/secure.gravatar.com\/avatar\/46468cbf7d3c28776ed7bfc82bc18488?s=96&d=mm&r=g\",\"caption\":\"Ott Pluum\"},\"url\":\"https:\/\/stebby.eu\/lt\/author\/ottpluum\/\"}]}<\/script>\n<!-- \/ Yoast SEO plugin. -->","yoast_head_json":{"title":"Remkime Ukrain\u0105 kartu! - Stebby","robots":{"index":"index","follow":"follow","max-snippet":"max-snippet:-1","max-image-preview":"max-image-preview:large","max-video-preview":"max-video-preview:-1"},"canonical":"https:\/\/stebby.eu\/lt\/lets-support-ukraine-together\/","og_locale":"lt_LT","og_type":"article","og_title":"Remkime Ukrain\u0105 kartu! - Stebby","og_description":"Stebby visada siekia skleisti gerov\u0119 ir ger\u0105 savijaut\u0105 tiems, kuriems to reikia. Dabar at\u0117jo metas tai daryti kartu! \u0160imtai t\u016bkstan\u010di\u0173 Ukrainos gyventoj\u0173 b\u0117ga i\u0161 savo miest\u0173 ir valstyb\u0117s, ne\u017einodami, ar kada nors gal\u0117s gr\u012f\u017eti namo. Nors atrodo sud\u0117tinga fizi\u0161kai pad\u0117ti \u0161iems \u017emon\u0117ms, beveik kiekvienas m\u016bs\u0173 gali tai padaryti. Kiekvienoje Baltijos \u0161alyje surinkome oficialius gidus ir...","og_url":"https:\/\/stebby.eu\/lt\/lets-support-ukraine-together\/","og_site_name":"Stebby","article_publisher":"https:\/\/www.facebook.com\/stebby\/","article_published_time":"2022-02-28T10:38:47+00:00","article_modified_time":"2022-05-31T10:50:48+00:00","og_image":[{"width":1200,"height":1200,"url":"https:\/\/stebby.eu\/wp-content\/uploads\/2022\/02\/Image-from-iOS-17-1.png","type":"image\/png"}],"author":"Ott Pluum","twitter_card":"summary_large_image","twitter_misc":{"Written by":"Ott Pluum","Est. reading time":"2 minut\u0117s"},"schema":{"@context":"https:\/\/schema.org","@graph":[{"@type":"Article","@id":"https:\/\/stebby.eu\/lt\/lets-support-ukraine-together\/#article","isPartOf":{"@id":"https:\/\/stebby.eu\/lt\/lets-support-ukraine-together\/"},"author":{"name":"Ott Pluum","@id":"https:\/\/stebby.eu\/#\/schema\/person\/d075707c7ef408365f129801314590ba"},"headline":"Remkime Ukrain\u0105 kartu!","datePublished":"2022-02-28T10:38:47+00:00","dateModified":"2022-05-31T10:50:48+00:00","mainEntityOfPage":{"@id":"https:\/\/stebby.eu\/lt\/lets-support-ukraine-together\/"},"wordCount":326,"commentCount":0,"publisher":{"@id":"https:\/\/stebby.eu\/#organization"},"image":{"@id":"https:\/\/stebby.eu\/lt\/lets-support-ukraine-together\/#primaryimage"},"thumbnailUrl":"https:\/\/i0.wp.com\/stebby.eu\/wp-content\/uploads\/2022\/02\/Image-from-iOS-17-1.png?fit=1200%2C1200&ssl=1","articleSection":["Aktuali informacija"],"inLanguage":"lt-LT","potentialAction":[{"@type":"CommentAction","name":"Comment","target":["https:\/\/stebby.eu\/lt\/lets-support-ukraine-together\/#respond"]}]},{"@type":"WebPage","@id":"https:\/\/stebby.eu\/lt\/lets-support-ukraine-together\/","url":"https:\/\/stebby.eu\/lt\/lets-support-ukraine-together\/","name":"Remkime Ukrain\u0105 kartu! - Stebby","isPartOf":{"@id":"https:\/\/stebby.eu\/#website"},"primaryImageOfPage":{"@id":"https:\/\/stebby.eu\/lt\/lets-support-ukraine-together\/#primaryimage"},"image":{"@id":"https:\/\/stebby.eu\/lt\/lets-support-ukraine-together\/#primaryimage"},"thumbnailUrl":"https:\/\/i0.wp.com\/stebby.eu\/wp-content\/uploads\/2022\/02\/Image-from-iOS-17-1.png?fit=1200%2C1200&ssl=1","datePublished":"2022-02-28T10:38:47+00:00","dateModified":"2022-05-31T10:50:48+00:00","breadcrumb":{"@id":"https:\/\/stebby.eu\/lt\/lets-support-ukraine-together\/#breadcrumb"},"inLanguage":"lt-LT","potentialAction":[{"@type":"ReadAction","target":["https:\/\/stebby.eu\/lt\/lets-support-ukraine-together\/"]}]},{"@type":"ImageObject","inLanguage":"lt-LT","@id":"https:\/\/stebby.eu\/lt\/lets-support-ukraine-together\/#primaryimage","url":"https:\/\/i0.wp.com\/stebby.eu\/wp-content\/uploads\/2022\/02\/Image-from-iOS-17-1.png?fit=1200%2C1200&ssl=1","contentUrl":"https:\/\/i0.wp.com\/stebby.eu\/wp-content\/uploads\/2022\/02\/Image-from-iOS-17-1.png?fit=1200%2C1200&ssl=1","width":1200,"height":1200},{"@type":"BreadcrumbList","@id":"https:\/\/stebby.eu\/lt\/lets-support-ukraine-together\/#breadcrumb","itemListElement":[{"@type":"ListItem","position":1,"name":"Home","item":"https:\/\/stebby.eu\/lt\/"},{"@type":"ListItem","position":2,"name":"Remkime Ukrain\u0105 kartu!"}]},{"@type":"WebSite","@id":"https:\/\/stebby.eu\/#website","url":"https:\/\/stebby.eu\/","name":"Stebby","description":"","publisher":{"@id":"https:\/\/stebby.eu\/#organization"},"potentialAction":[{"@type":"SearchAction","target":{"@type":"EntryPoint","urlTemplate":"https:\/\/stebby.eu\/?s={search_term_string}"},"query-input":{"@type":"PropertyValueSpecification","valueRequired":true,"valueName":"search_term_string"}}],"inLanguage":"lt-LT"},{"@type":"Organization","@id":"https:\/\/stebby.eu\/#organization","name":"Stebby","url":"https:\/\/stebby.eu\/","logo":{"@type":"ImageObject","inLanguage":"lt-LT","@id":"https:\/\/stebby.eu\/#\/schema\/logo\/image\/","url":"https:\/\/stebby.eu\/wp-content\/uploads\/2020\/10\/stebby3-1.png","contentUrl":"https:\/\/stebby.eu\/wp-content\/uploads\/2020\/10\/stebby3-1.png","width":256,"height":256,"caption":"Stebby"},"image":{"@id":"https:\/\/stebby.eu\/#\/schema\/logo\/image\/"},"sameAs":["https:\/\/www.facebook.com\/stebby\/","https:\/\/instagram.com\/stebby.eesti","https:\/\/www.linkedin.com\/company\/stebby\/"]},{"@type":"Person","@id":"https:\/\/stebby.eu\/#\/schema\/person\/d075707c7ef408365f129801314590ba","name":"Ott Pluum","image":{"@type":"ImageObject","inLanguage":"lt-LT","@id":"https:\/\/stebby.eu\/#\/schema\/person\/image\/","url":"https:\/\/secure.gravatar.com\/avatar\/46468cbf7d3c28776ed7bfc82bc18488?s=96&d=mm&r=g","contentUrl":"https:\/\/secure.gravatar.com\/avatar\/46468cbf7d3c28776ed7bfc82bc18488?s=96&d=mm&r=g","caption":"Ott Pluum"},"url":"https:\/\/stebby.eu\/lt\/author\/ottpluum\/"}]}},"jetpack_featured_media_url":"https:\/\/i0.wp.com\/stebby.eu\/wp-content\/uploads\/2022\/02\/Image-from-iOS-17-1.png?fit=1200%2C1200&ssl=1","jetpack_sharing_enabled":true,"_links":{"self":[{"href":"https:\/\/stebby.eu\/lt\/wp-json\/wp\/v2\/posts\/10943","targetHints":{"allow":["GET"]}}],"collection":[{"href":"https:\/\/stebby.eu\/lt\/wp-json\/wp\/v2\/posts"}],"about":[{"href":"https:\/\/stebby.eu\/lt\/wp-json\/wp\/v2\/types\/post"}],"author":[{"embeddable":true,"href":"https:\/\/stebby.eu\/lt\/wp-json\/wp\/v2\/users\/8"}],"replies":[{"embeddable":true,"href":"https:\/\/stebby.eu\/lt\/wp-json\/wp\/v2\/comments?post=10943"}],"version-history":[{"count":2,"href":"https:\/\/stebby.eu\/lt\/wp-json\/wp\/v2\/posts\/10943\/revisions"}],"predecessor-version":[{"id":10956,"href":"https:\/\/stebby.eu\/lt\/wp-json\/wp\/v2\/posts\/10943\/revisions\/10956"}],"wp:featuredmedia":[{"embeddable":true,"href":"https:\/\/stebby.eu\/lt\/wp-json\/wp\/v2\/media\/10932"}],"wp:attachment":[{"href":"https:\/\/stebby.eu\/lt\/wp-json\/wp\/v2\/media?parent=10943"}],"wp:term":[{"taxonomy":"category","embeddable":true,"href":"https:\/\/stebby.eu\/lt\/wp-json\/wp\/v2\/categories?post=10943"},{"taxonomy":"post_tag","embeddable":true,"href":"https:\/\/stebby.eu\/lt\/wp-json\/wp\/v2\/tags?post=10943"}],"curies":[{"name":"wp","href":"https:\/\/api.w.org\/{rel}","templated":true}]}}